{"id":158796,"date":"2020-02-16T20:53:59","date_gmt":"2020-02-16T23:53:59","guid":{"rendered":"http:\/\/aconteceunovale.com.br\/portal\/?p=158796"},"modified":"2020-02-16T20:54:53","modified_gmt":"2020-02-16T23:54:53","slug":"motoristas-sao-levados-para-delegacia-apos-acidente-em-governador-valadares","status":"publish","type":"post","link":"https:\/\/aconteceunovale.com.br\/portal\/?p=158796","title":{"rendered":"Motoristas s\u00e3o levados para delegacia ap\u00f3s acidente em Governador Valadares"},"content":{"rendered":"\n<p>Dois carros colidiram lateralmente no Centro de Governador\nValares, no Leste de Minas, na madrugada de s\u00e1bado (15\/02\/2020). Com o impacto,\nde acordo com informa\u00e7\u00f5es da Pol\u00edcia Militar, um dos autom\u00f3veis foi arremessado\ncontra um sem\u00e1foro e um pneu do outro estourou.<\/p>\n\n\n\n<p>Ainda segundo a PM, os\nmotoristas apresentavam sinais de embriaguez como h\u00e1lito et\u00edlico, olhos\navermelhados, andar cambaleante e coordena\u00e7\u00e3o motora comprometida.<\/p>\n\n\n\n<p>A PM informou ainda\nque eles negaram a ingest\u00e3o de \u00e1lcool e se recusaram a fazer o teste de\netil\u00f4metro. Os dois foram autuados e tiveram as habilita\u00e7\u00f5es recolhidas.<\/p>\n\n\n\n<p>Ao serem questionados\npela pol\u00edcia, cada um dos condutores disse que o outro seguia em alta\nvelocidade e que nenhum deles conseguiu frear para evitar a batida, que ocorreu\nna esquina entre as ruas Israel Pinheiro e Arthur Bernardes.<\/p>\n\n\n\n<p>Os ve\u00edculos ficaram sob responsabilidade de outras pessoas e os motoristas foram levados para a Delegacia de Pol\u00edcia Civil.<\/p>\n\n\n\n<figure class=\"wp-block-gallery columns-1 is-cropped wp-block-gallery-1 is-layout-flex wp-block-gallery-is-layout-flex\"><ul class=\"blocks-gallery-grid\"><li class=\"blocks-gallery-item\"><figure><img loading=\"lazy\" decoding=\"async\" width=\"673\" height=\"450\" src=\"http:\/\/aconteceunovale.com.br\/portal\/wp-content\/uploads\/2020\/02\/acidente_gv.jpeg\" alt=\"\" data-id=\"158797\" class=\"wp-image-158797\" srcset=\"https:\/\/aconteceunovale.com.br\/portal\/wp-content\/uploads\/2020\/02\/acidente_gv.jpeg 673w, https:\/\/aconteceunovale.com.br\/portal\/wp-content\/uploads\/2020\/02\/acidente_gv-300x201.jpeg 300w, https:\/\/aconteceunovale.com.br\/portal\/wp-content\/uploads\/2020\/02\/acidente_gv-628x420.jpeg 628w\" sizes=\"auto, (max-width: 673px) 100vw, 673px\" \/><figcaption class=\"blocks-gallery-item__caption\"><em>Fotos: Reprodu\u00e7\u00e3o \/ WhatsApp<\/em><\/figcaption><\/figure><\/li><\/ul><\/figure>\n\n\n\n<p class=\"has-text-color has-background has-very-light-gray-color has-very-dark-gray-background-color\">Quer saber as not\u00edcias do <strong>Aconteceu no Vale<\/strong> em primeira m\u00e3o? Siga-nos no Facebook <a rel=\"noreferrer noopener\" href=\"http:\/\/facebook.com\/aconteceunovale\" target=\"_blank\">@aconteceunovale<\/a>, Twitter <a rel=\"noreferrer noopener\" href=\"https:\/\/twitter.com\/noticiadosvales\" target=\"_blank\">@noticiadosvales<\/a> e Instagram <a rel=\"noreferrer noopener\" href=\"https:\/\/www.instagram.com\/aconteceunovale\" target=\"_blank\">@aconteceunovale<\/a>.<\/p>\n","protected":false},"excerpt":{"rendered":"<p>Dois carros colidiram lateralmente no Centro de Governador Valares, no Leste de Minas, na madrugada de s\u00e1bado (15\/02\/2020). Com o impacto, de acordo com informa\u00e7\u00f5es da Pol\u00edcia Militar, um dos autom\u00f3veis foi arremessado contra um sem\u00e1foro e um pneu do outro estourou. Ainda segundo a PM, os motoristas apresentavam sinais de embriaguez como h\u00e1lito et\u00edlico, [&hellip;]<\/p>\n","protected":false},"author":1,"featured_media":158797,"comment_status":"open","ping_status":"closed","sticky":false,"template":"","format":"standard","meta":{"amp_status":"","footnotes":""},"categories":[121],"tags":[183081,12667,96396,216463,247,216462],"class_list":["post-158796","post","type-post","status-publish","format-standard","has-post-thumbnail","hentry","category-leste","tag-acidente-de-transito-em-governador-valadares","tag-acidente-em-governador-valadares","tag-acidente-no-centro-de-governador-valadares","tag-colisao-entre-carros-em-governador-valadares","tag-governador-valadares","tag-motoristas-sao-levados-para-delegacia-apos-acidente-em-governador-valadares"],"_links":{"self":[{"href":"https:\/\/aconteceunovale.com.br\/portal\/index.php?rest_route=\/wp\/v2\/posts\/158796","targetHints":{"allow":["GET"]}}],"collection":[{"href":"https:\/\/aconteceunovale.com.br\/portal\/index.php?rest_route=\/wp\/v2\/posts"}],"about":[{"href":"https:\/\/aconteceunovale.com.br\/portal\/index.php?rest_route=\/wp\/v2\/types\/post"}],"author":[{"embeddable":true,"href":"https:\/\/aconteceunovale.com.br\/portal\/index.php?rest_route=\/wp\/v2\/users\/1"}],"replies":[{"embeddable":true,"href":"https:\/\/aconteceunovale.com.br\/portal\/index.php?rest_route=%2Fwp%2Fv2%2Fcomments&post=158796"}],"version-history":[{"count":1,"href":"https:\/\/aconteceunovale.com.br\/portal\/index.php?rest_route=\/wp\/v2\/posts\/158796\/revisions"}],"predecessor-version":[{"id":158798,"href":"https:\/\/aconteceunovale.com.br\/portal\/index.php?rest_route=\/wp\/v2\/posts\/158796\/revisions\/158798"}],"wp:featuredmedia":[{"embeddable":true,"href":"https:\/\/aconteceunovale.com.br\/portal\/index.php?rest_route=\/wp\/v2\/media\/158797"}],"wp:attachment":[{"href":"https:\/\/aconteceunovale.com.br\/portal\/index.php?rest_route=%2Fwp%2Fv2%2Fmedia&parent=158796"}],"wp:term":[{"taxonomy":"category","embeddable":true,"href":"https:\/\/aconteceunovale.com.br\/portal\/index.php?rest_route=%2Fwp%2Fv2%2Fcategories&post=158796"},{"taxonomy":"post_tag","embeddable":true,"href":"https:\/\/aconteceunovale.com.br\/portal\/index.php?rest_route=%2Fwp%2Fv2%2Ftags&post=158796"}],"curies":[{"name":"wp","href":"https:\/\/api.w.org\/{rel}","templated":true}]}}