{"id":158793,"date":"2020-02-16T20:39:41","date_gmt":"2020-02-16T23:39:41","guid":{"rendered":"http:\/\/aconteceunovale.com.br\/portal\/?p=158793"},"modified":"2020-02-16T20:40:34","modified_gmt":"2020-02-16T23:40:34","slug":"servidor-da-prefeitura-de-governador-valadares-e-preso-por-embriaguez-ao-volante","status":"publish","type":"post","link":"https:\/\/aconteceunovale.com.br\/portal\/?p=158793","title":{"rendered":"Servidor da Prefeitura de Governador Valadares \u00e9 preso por embriaguez ao volante"},"content":{"rendered":"\n<p>Um servidor da Prefeitura de Governador Valadares (MG) foi preso\npor embriaguez ao volante nesta sexta-feira (14\/02\/2020). Segundo informa\u00e7\u00f5es\nda Pol\u00edcia Militar (PM), ele apresentava sinais vis\u00edveis de ingest\u00e3o de \u00e1lcool,\ncomo h\u00e1lito et\u00edlico e fala confusa. Ao ser questionado, confirmou ter bebido. O\nMunic\u00edpio informou que vai instaurar procedimento administrativo.<\/p>\n\n\n\n<p>Ainda de acordo com o\nregistro da PM, o carro que ele dirigia, da Secretaria Municipal de Sa\u00fade, n\u00e3o\nestava devidamente licenciado e foi apreendido. A pris\u00e3o ocorreu ap\u00f3s o homem\nse envolver em uma confus\u00e3o no tr\u00e2nsito na regi\u00e3o do Centro.<\/p>\n\n\n\n<p>O servidor afirmou aos\nmilitares que seguia pela Rua B\u00e1rbara Heliodora quando foi fechado por outro\nve\u00edculo. Para evitar uma batida, precisou invadir a faixa exclusiva de \u00f4nibus.\nNa manobra para desviar, se chocou contra as pedras do cal\u00e7amento, que estavam\nsoltas e foram arremessadas em dire\u00e7\u00e3o a uma mulher. Ela n\u00e3o foi atingida, mas\npassou mal em fun\u00e7\u00e3o do susto e foi socorrida por lojistas.<\/p>\n\n\n\n<p>Durante a abordagem, a PM verificou a documenta\u00e7\u00e3o irregular e constatou a embriaguez do servidor. Ele se recusou a fazer o teste de etil\u00f4metro, mas foi levado para a delegacia.<\/p>\n\n\n\n<figure class=\"wp-block-gallery columns-1 is-cropped wp-block-gallery-1 is-layout-flex wp-block-gallery-is-layout-flex\"><ul class=\"blocks-gallery-grid\"><li class=\"blocks-gallery-item\"><figure><img loading=\"lazy\" decoding=\"async\" width=\"678\" height=\"391\" src=\"http:\/\/aconteceunovale.com.br\/portal\/wp-content\/uploads\/2020\/02\/carro_prefeitura_gv.jpeg\" alt=\"\" data-id=\"158794\" class=\"wp-image-158794\" srcset=\"https:\/\/aconteceunovale.com.br\/portal\/wp-content\/uploads\/2020\/02\/carro_prefeitura_gv.jpeg 678w, https:\/\/aconteceunovale.com.br\/portal\/wp-content\/uploads\/2020\/02\/carro_prefeitura_gv-300x173.jpeg 300w\" sizes=\"auto, (max-width: 678px) 100vw, 678px\" \/><figcaption class=\"blocks-gallery-item__caption\"><em>Foto: Reprodu\u00e7\u00e3o \/ G1 Vales de Minas Gerais<\/em><\/figcaption><\/figure><\/li><\/ul><\/figure>\n\n\n\n<h2 class=\"wp-block-heading\"><strong>Nota da Prefeitura de Valadares<\/strong><\/h2>\n\n\n\n<p><em>A Prefeitura esclarece que est\u00e1 ciente do incidente que aconteceu na tarde desta sexta-feira (14), vai investigar o caso e tomar todas as medidas cab\u00edveis &#8211; o servidor ser\u00e1 responsabilizado pelos seus atos com a instaura\u00e7\u00e3o de um processo administrativo.<\/em><\/p>\n\n\n\n<p><em>Com rela\u00e7\u00e3o ao ve\u00edculo, que pertence a Secretaria Municipal de Sa\u00fade (SMS), a situa\u00e7\u00e3o ser\u00e1 apurada visto que h\u00e1 uma multa j\u00e1 paga e que possivelmente n\u00e3o foi baixada no sistema. O autom\u00f3vel est\u00e1 com os impostos em dia, mas vai ficar parado at\u00e9 que a situa\u00e7\u00e3o seja esclarecida.<\/em><\/p>\n\n\n\n<p><em>Reiteramos ainda que este foi um ato isolado e que a administra\u00e7\u00e3o n\u00e3o compactua com este tipo de comportamento.<\/em><\/p>\n\n\n\n<p class=\"has-text-color has-background has-very-light-gray-color has-very-dark-gray-background-color\">Quer saber as not\u00edcias do <strong>Aconteceu no Vale<\/strong> em primeira m\u00e3o? Siga-nos no Facebook <a rel=\"noreferrer noopener\" href=\"http:\/\/facebook.com\/aconteceunovale\" target=\"_blank\">@aconteceunovale<\/a>, Twitter <a rel=\"noreferrer noopener\" href=\"https:\/\/twitter.com\/noticiadosvales\" target=\"_blank\">@noticiadosvales<\/a> e Instagram <a rel=\"noreferrer noopener\" href=\"https:\/\/www.instagram.com\/aconteceunovale\" target=\"_blank\">@aconteceunovale<\/a>.<\/p>\n","protected":false},"excerpt":{"rendered":"<p>Um servidor da Prefeitura de Governador Valadares (MG) foi preso por embriaguez ao volante nesta sexta-feira (14\/02\/2020). Segundo informa\u00e7\u00f5es da Pol\u00edcia Militar (PM), ele apresentava sinais vis\u00edveis de ingest\u00e3o de \u00e1lcool, como h\u00e1lito et\u00edlico e fala confusa. Ao ser questionado, confirmou ter bebido. O Munic\u00edpio informou que vai instaurar procedimento administrativo. Ainda de acordo com [&hellip;]<\/p>\n","protected":false},"author":1,"featured_media":158794,"comment_status":"open","ping_status":"closed","sticky":false,"template":"","format":"standard","meta":{"amp_status":"","footnotes":""},"categories":[121],"tags":[1018,247,35082,216461,216458,216460,216459],"class_list":["post-158793","post","type-post","status-publish","format-standard","has-post-thumbnail","hentry","category-leste","tag-destaque","tag-governador-valadares","tag-prefeitura-de-governador-valadares","tag-prisao-de-servidor-da-prefeitura-de-governador-valadares","tag-servidor-da-prefeitura-de-governador-valadares","tag-servidor-da-prefeitura-de-governador-valadares-e-preso-por-dirigir-embriagado","tag-servidor-da-prefeitura-de-governador-valadares-e-preso-por-embriaguez-ao-volante"],"_links":{"self":[{"href":"https:\/\/aconteceunovale.com.br\/portal\/index.php?rest_route=\/wp\/v2\/posts\/158793","targetHints":{"allow":["GET"]}}],"collection":[{"href":"https:\/\/aconteceunovale.com.br\/portal\/index.php?rest_route=\/wp\/v2\/posts"}],"about":[{"href":"https:\/\/aconteceunovale.com.br\/portal\/index.php?rest_route=\/wp\/v2\/types\/post"}],"author":[{"embeddable":true,"href":"https:\/\/aconteceunovale.com.br\/portal\/index.php?rest_route=\/wp\/v2\/users\/1"}],"replies":[{"embeddable":true,"href":"https:\/\/aconteceunovale.com.br\/portal\/index.php?rest_route=%2Fwp%2Fv2%2Fcomments&post=158793"}],"version-history":[{"count":1,"href":"https:\/\/aconteceunovale.com.br\/portal\/index.php?rest_route=\/wp\/v2\/posts\/158793\/revisions"}],"predecessor-version":[{"id":158795,"href":"https:\/\/aconteceunovale.com.br\/portal\/index.php?rest_route=\/wp\/v2\/posts\/158793\/revisions\/158795"}],"wp:featuredmedia":[{"embeddable":true,"href":"https:\/\/aconteceunovale.com.br\/portal\/index.php?rest_route=\/wp\/v2\/media\/158794"}],"wp:attachment":[{"href":"https:\/\/aconteceunovale.com.br\/portal\/index.php?rest_route=%2Fwp%2Fv2%2Fmedia&parent=158793"}],"wp:term":[{"taxonomy":"category","embeddable":true,"href":"https:\/\/aconteceunovale.com.br\/portal\/index.php?rest_route=%2Fwp%2Fv2%2Fcategories&post=158793"},{"taxonomy":"post_tag","embeddable":true,"href":"https:\/\/aconteceunovale.com.br\/portal\/index.php?rest_route=%2Fwp%2Fv2%2Ftags&post=158793"}],"curies":[{"name":"wp","href":"https:\/\/api.w.org\/{rel}","templated":true}]}}