{"id":158790,"date":"2020-02-16T20:31:28","date_gmt":"2020-02-16T23:31:28","guid":{"rendered":"http:\/\/aconteceunovale.com.br\/portal\/?p=158790"},"modified":"2020-02-16T20:32:16","modified_gmt":"2020-02-16T23:32:16","slug":"acidente-deixa-um-morto-e-cinco-feridos-em-ipatinga","status":"publish","type":"post","link":"https:\/\/aconteceunovale.com.br\/portal\/?p=158790","title":{"rendered":"Acidente deixa um morto e cinco feridos em Ipatinga"},"content":{"rendered":"\n<p>Um homem de 42 anos morreu e outras cinco pessoas ficaram\nferidas em um acidente no bairro Jardim Panorama, em Ipatinga (MG), na manh\u00e3\ndeste domingo (16\/02\/2020). Segundo informa\u00e7\u00f5es do Corpo de Bombeiros, as seis\nv\u00edtimas estavam dentro de um mesmo carro.<\/p>\n\n\n\n<p>Ainda de acordo com os\nbombeiros, testemunhas informaram que o ve\u00edculo estava em alta velocidade\nquando derrapou e bateu em uma \u00e1rvore. Valdir Pinheiro de Freitas, motorista do\ncarro, ficou preso \u00e0s ferragens e morreu no local.<\/p>\n\n\n\n<p>As outras cinco\nv\u00edtimas foram socorridas por equipes do Corpo de Bombeiros e do Servi\u00e7o de\nAtendimento M\u00f3vel de Urg\u00eancia (Samu) e encaminhadas ao Hospital M\u00e1rcio Cunha.<\/p>\n\n\n\n<p>O corpo de Valdir Pinheiro foi encaminhado ao Instituto M\u00e9dico Legal (IML). As causas do acidente ser\u00e3o investigadas.<\/p>\n\n\n\n<figure class=\"wp-block-gallery columns-1 is-cropped wp-block-gallery-1 is-layout-flex wp-block-gallery-is-layout-flex\"><ul class=\"blocks-gallery-grid\"><li class=\"blocks-gallery-item\"><figure><img loading=\"lazy\" decoding=\"async\" width=\"647\" height=\"450\" src=\"http:\/\/aconteceunovale.com.br\/portal\/wp-content\/uploads\/2020\/02\/acidente_ipatinga.jpeg\" alt=\"\" data-id=\"158791\" class=\"wp-image-158791\" srcset=\"https:\/\/aconteceunovale.com.br\/portal\/wp-content\/uploads\/2020\/02\/acidente_ipatinga.jpeg 647w, https:\/\/aconteceunovale.com.br\/portal\/wp-content\/uploads\/2020\/02\/acidente_ipatinga-300x209.jpeg 300w, https:\/\/aconteceunovale.com.br\/portal\/wp-content\/uploads\/2020\/02\/acidente_ipatinga-100x70.jpeg 100w, https:\/\/aconteceunovale.com.br\/portal\/wp-content\/uploads\/2020\/02\/acidente_ipatinga-604x420.jpeg 604w\" sizes=\"auto, (max-width: 647px) 100vw, 647px\" \/><figcaption class=\"blocks-gallery-item__caption\"><em> Foto: Corpo de Bombeiros\/Divulga\u00e7\u00e3o <\/em><\/figcaption><\/figure><\/li><\/ul><\/figure>\n\n\n\n<p class=\"has-text-color has-background has-very-light-gray-color has-very-dark-gray-background-color\">Quer saber as not\u00edcias do <strong>Aconteceu no Vale<\/strong> em primeira m\u00e3o? Siga-nos no Facebook <a rel=\"noreferrer noopener\" href=\"http:\/\/facebook.com\/aconteceunovale\" target=\"_blank\">@aconteceunovale<\/a>, Twitter <a rel=\"noreferrer noopener\" href=\"https:\/\/twitter.com\/noticiadosvales\" target=\"_blank\">@noticiadosvales<\/a> e Instagram <a rel=\"noreferrer noopener\" href=\"https:\/\/www.instagram.com\/aconteceunovale\" target=\"_blank\">@aconteceunovale<\/a>.<\/p>\n","protected":false},"excerpt":{"rendered":"<p>Um homem de 42 anos morreu e outras cinco pessoas ficaram feridas em um acidente no bairro Jardim Panorama, em Ipatinga (MG), na manh\u00e3 deste domingo (16\/02\/2020). Segundo informa\u00e7\u00f5es do Corpo de Bombeiros, as seis v\u00edtimas estavam dentro de um mesmo carro. Ainda de acordo com os bombeiros, testemunhas informaram que o ve\u00edculo estava em [&hellip;]<\/p>\n","protected":false},"author":1,"featured_media":158791,"comment_status":"open","ping_status":"closed","sticky":false,"template":"","format":"standard","meta":{"amp_status":"","footnotes":""},"categories":[121],"tags":[216455,216454,204740,216456,14508,148393,1018,201,216457],"class_list":["post-158790","post","type-post","status-publish","format-standard","has-post-thumbnail","hentry","category-leste","tag-acidente-com-morte-em-ipatinga","tag-acidente-com-obito-em-ipatinga","tag-acidente-de-transito-em-ipatinga","tag-acidente-deixa-um-morto-e-cinco-feridos-em-ipatinga","tag-acidente-em-ipatinga","tag-colisao-contra-arvore-em-ipatinga","tag-destaque","tag-ipatinga","tag-valdir-pinheiro-de-freitas"],"_links":{"self":[{"href":"https:\/\/aconteceunovale.com.br\/portal\/index.php?rest_route=\/wp\/v2\/posts\/158790","targetHints":{"allow":["GET"]}}],"collection":[{"href":"https:\/\/aconteceunovale.com.br\/portal\/index.php?rest_route=\/wp\/v2\/posts"}],"about":[{"href":"https:\/\/aconteceunovale.com.br\/portal\/index.php?rest_route=\/wp\/v2\/types\/post"}],"author":[{"embeddable":true,"href":"https:\/\/aconteceunovale.com.br\/portal\/index.php?rest_route=\/wp\/v2\/users\/1"}],"replies":[{"embeddable":true,"href":"https:\/\/aconteceunovale.com.br\/portal\/index.php?rest_route=%2Fwp%2Fv2%2Fcomments&post=158790"}],"version-history":[{"count":1,"href":"https:\/\/aconteceunovale.com.br\/portal\/index.php?rest_route=\/wp\/v2\/posts\/158790\/revisions"}],"predecessor-version":[{"id":158792,"href":"https:\/\/aconteceunovale.com.br\/portal\/index.php?rest_route=\/wp\/v2\/posts\/158790\/revisions\/158792"}],"wp:featuredmedia":[{"embeddable":true,"href":"https:\/\/aconteceunovale.com.br\/portal\/index.php?rest_route=\/wp\/v2\/media\/158791"}],"wp:attachment":[{"href":"https:\/\/aconteceunovale.com.br\/portal\/index.php?rest_route=%2Fwp%2Fv2%2Fmedia&parent=158790"}],"wp:term":[{"taxonomy":"category","embeddable":true,"href":"https:\/\/aconteceunovale.com.br\/portal\/index.php?rest_route=%2Fwp%2Fv2%2Fcategories&post=158790"},{"taxonomy":"post_tag","embeddable":true,"href":"https:\/\/aconteceunovale.com.br\/portal\/index.php?rest_route=%2Fwp%2Fv2%2Ftags&post=158790"}],"curies":[{"name":"wp","href":"https:\/\/api.w.org\/{rel}","templated":true}]}}