{"id":158620,"date":"2020-02-08T21:08:25","date_gmt":"2020-02-09T00:08:25","guid":{"rendered":"http:\/\/aconteceunovale.com.br\/portal\/?p=158620"},"modified":"2020-02-08T21:08:33","modified_gmt":"2020-02-09T00:08:33","slug":"campanha-nacional-de-vacinacao-contra-sarampo-comeca-na-proxima-segunda","status":"publish","type":"post","link":"https:\/\/aconteceunovale.com.br\/portal\/?p=158620","title":{"rendered":"Campanha Nacional de Vacina\u00e7\u00e3o contra sarampo come\u00e7a na pr\u00f3xima segunda"},"content":{"rendered":"\n<p>A\u00a0Secretaria de Estado de Sa\u00fade de Minas Gerais (SES-MG), promove, a partir da pr\u00f3xima segunda-feira (10\/2), a primeira etapa da Campanha de Vacina\u00e7\u00e3o contra o Sarampo, sob recomenda\u00e7\u00e3o do Minist\u00e9rio da Sa\u00fade. A fase ser\u00e1 destinada a crian\u00e7as e jovens entre 5 e 19 anos, que n\u00e3o foram imunizadas ou que tenham esquema de vacina\u00e7\u00e3o incompleto. Em 2019, Minas registrou 136 casos da doen\u00e7a.<\/p>\n\n\n\n<p>A enfermidade, que havia sido erradicada do pa\u00eds, voltou a circular. Entre fevereiro de 2018 e dezembro de 2019, o Brasil teve mais de 28 mil ocorr\u00eancias de sarampo. A&nbsp;coordenadora estadual do Programa de Imuniza\u00e7\u00f5es da SES-MG, Josianne Dias Gusm\u00e3o, explica que a campanha ser\u00e1 realizada de forma seletiva, respeitando as indica\u00e7\u00f5es do Calend\u00e1rio Nacional de Vacina\u00e7\u00e3o.<\/p>\n\n\n\n<p>A primeira etapa ocorre entre 10\/2 a 13\/3, tendo como o dia D de Mobiliza\u00e7\u00e3o Nacional a data de 15\/2. \u201c\u00c9 importante frisar que crian\u00e7as e jovens que j\u00e1 tenham tomado duas doses da tr\u00edplice viral, devidamente registradas no cart\u00e3o, n\u00e3o precisam se vacinar\u201d, afirma Josianne.<\/p>\n\n\n\n<p>Em Minas, a estimativa \u00e9 de que 529.417 pessoas entre 5 e 19 anos tenham tomado a primeira dose, mas n\u00e3o a segunda. Outras 1.657.022 n\u00e3o foram vacinados nenhuma vez, conforme a coordenadora estadual do Programa de Imuniza\u00e7\u00f5es da SES-MG. Para que o cidad\u00e3o seja considerado imunizado contra o sarampo s\u00e3o necess\u00e1rias duas doses da vacina para indiv\u00edduos entre 12 meses a 29 anos de idade e uma dose para pessoas de 30 a 49 anos.<\/p>\n\n\n\n<p>Atualmente, o estado possui cerca de 4 mil salas de vacina espalhadas por todo o territ\u00f3rio. Nesta primeira etapa da campanha ser\u00e3o enviadas 660 mil doses da tr\u00edplice viral. \u201cA partir de segunda-feira, crian\u00e7as e jovens que se enquadrem no perfil de p\u00fablico-priorit\u00e1rio devem comparecer ao posto de sa\u00fade mais pr\u00f3ximo de sua resid\u00eancia e se imunizar. A meta \u00e9 imunizar 95% dessas pessoas\u201d, completa Josiane.&nbsp;<\/p>\n\n\n\n<p>Minas apresenta as seguintes coberturas vacinais acumuladas de sarampo na faixa et\u00e1ria 5-19 anos com uma e duas doses. Os dados foram atualizados dia 27\/1\/2020 e dizem respeito aos anos de 1997-2020. A cobertura ser\u00e1 atualizada somente ap\u00f3s a realiza\u00e7\u00e3o da campanha.<\/p>\n\n\n\n<p><strong>Segunda etapa<\/strong>&nbsp;<\/p>\n\n\n\n<p>A segunda etapa da campanha ser\u00e1 entre os dias 3 a 31\/8, tendo como p\u00fablico-priorit\u00e1rio pessoas de 30 a 59 anos que n\u00e3o tenham comprova\u00e7\u00e3o de ao menos uma dose da tr\u00edplice viral, conforme estipulado no Calend\u00e1rio B\u00e1sico de Vacina\u00e7\u00e3o. O dia D de mobiliza\u00e7\u00e3o social ocorrer\u00e1 em 22\/8.<\/p>\n\n\n\n<p>A realiza\u00e7\u00e3o da campanha e a ades\u00e3o por parte do p\u00fablico-priorit\u00e1rio s\u00e3o imprescind\u00edveis para garantir a devida prote\u00e7\u00e3o da popula\u00e7\u00e3o contra o sarampo e possibilitar a interrup\u00e7\u00e3o da circula\u00e7\u00e3o do v\u00edrus no pa\u00eds.<\/p>\n\n\n\n<p><strong>A doen\u00e7a<\/strong><\/p>\n\n\n\n<p>O sarampo \u00e9 uma doen\u00e7a infecciosa grave, provocada por v\u00edrus, transmitida por fala, tosse e espirro. Extremamente contagiosa, pode ser contra\u00edda por pessoas de qualquer idade. \u00c9 caracterizada por febre, inflama\u00e7\u00e3o das mucosas do trato respirat\u00f3rio, erup\u00e7\u00f5es na pele seguidas por descama\u00e7\u00e3o. A \u00fanica forma de preven\u00e7\u00e3o \u00e9 a vacina fornecida de forma gratuita pelo Sistema \u00danico de Sa\u00fade (SUS).<\/p>\n\n\n\n<p>Mais informa\u00e7\u00f5es sobre o sarampo est\u00e3o dispon\u00edveis em\u00a0<a rel=\"noreferrer noopener\" aria-label=\" (abre numa nova aba)\" href=\"http:\/\/www.saude.mg.gov.br\/sarampo\" target=\"_blank\">www.saude.mg.gov.br\/sarampo<\/a>.<\/p>\n\n\n\n<p class=\"has-text-color has-background has-very-light-gray-color has-very-dark-gray-background-color\">Quer saber as not\u00edcias do <strong>Aconteceu no Vale<\/strong> em primeira m\u00e3o? Siga-nos no Facebook <a rel=\"noreferrer noopener\" href=\"http:\/\/facebook.com\/aconteceunovale\" target=\"_blank\">@aconteceunovale<\/a>, Twitter <a rel=\"noreferrer noopener\" href=\"https:\/\/twitter.com\/noticiadosvales\" target=\"_blank\">@noticiadosvales<\/a> e Instagram <a rel=\"noreferrer noopener\" href=\"https:\/\/www.instagram.com\/aconteceunovale\" target=\"_blank\">@aconteceunovale<\/a>.<\/p>\n","protected":false},"excerpt":{"rendered":"<p>A\u00a0Secretaria de Estado de Sa\u00fade de Minas Gerais (SES-MG), promove, a partir da pr\u00f3xima segunda-feira (10\/2), a primeira etapa da Campanha de Vacina\u00e7\u00e3o contra o Sarampo, sob recomenda\u00e7\u00e3o do Minist\u00e9rio da Sa\u00fade. A fase ser\u00e1 destinada a crian\u00e7as e jovens entre 5 e 19 anos, que n\u00e3o foram imunizadas ou que tenham esquema de vacina\u00e7\u00e3o [&hellip;]<\/p>\n","protected":false},"author":1,"featured_media":158621,"comment_status":"open","ping_status":"closed","sticky":false,"template":"","format":"standard","meta":{"amp_status":"","footnotes":""},"categories":[123,40242],"tags":[216143,216142,216144,19326,216145,22077,169798,38784,52113,208139],"class_list":["post-158620","post","type-post","status-publish","format-standard","has-post-thumbnail","hentry","category-gerais","category-saude-2","tag-campanha-nacional-de-vacinacao-contra-sarampo","tag-campanha-nacional-de-vacinacao-contra-sarampo-comeca-na-proxima-segunda","tag-josianne-dias-gusmao","tag-ministerio-da-saude","tag-mobilizacao-nacional-contra-o-sarampo","tag-sarampo","tag-sarampo-em-minas-gerais","tag-secretaria-de-estado-de-saude-de-minas-gerais","tag-ses-mg","tag-vacinacao-contra-o-sarampo"],"_links":{"self":[{"href":"https:\/\/aconteceunovale.com.br\/portal\/index.php?rest_route=\/wp\/v2\/posts\/158620","targetHints":{"allow":["GET"]}}],"collection":[{"href":"https:\/\/aconteceunovale.com.br\/portal\/index.php?rest_route=\/wp\/v2\/posts"}],"about":[{"href":"https:\/\/aconteceunovale.com.br\/portal\/index.php?rest_route=\/wp\/v2\/types\/post"}],"author":[{"embeddable":true,"href":"https:\/\/aconteceunovale.com.br\/portal\/index.php?rest_route=\/wp\/v2\/users\/1"}],"replies":[{"embeddable":true,"href":"https:\/\/aconteceunovale.com.br\/portal\/index.php?rest_route=%2Fwp%2Fv2%2Fcomments&post=158620"}],"version-history":[{"count":1,"href":"https:\/\/aconteceunovale.com.br\/portal\/index.php?rest_route=\/wp\/v2\/posts\/158620\/revisions"}],"predecessor-version":[{"id":158622,"href":"https:\/\/aconteceunovale.com.br\/portal\/index.php?rest_route=\/wp\/v2\/posts\/158620\/revisions\/158622"}],"wp:featuredmedia":[{"embeddable":true,"href":"https:\/\/aconteceunovale.com.br\/portal\/index.php?rest_route=\/wp\/v2\/media\/158621"}],"wp:attachment":[{"href":"https:\/\/aconteceunovale.com.br\/portal\/index.php?rest_route=%2Fwp%2Fv2%2Fmedia&parent=158620"}],"wp:term":[{"taxonomy":"category","embeddable":true,"href":"https:\/\/aconteceunovale.com.br\/portal\/index.php?rest_route=%2Fwp%2Fv2%2Fcategories&post=158620"},{"taxonomy":"post_tag","embeddable":true,"href":"https:\/\/aconteceunovale.com.br\/portal\/index.php?rest_route=%2Fwp%2Fv2%2Ftags&post=158620"}],"curies":[{"name":"wp","href":"https:\/\/api.w.org\/{rel}","templated":true}]}}