{"id":158615,"date":"2020-02-08T21:01:15","date_gmt":"2020-02-09T00:01:15","guid":{"rendered":"http:\/\/aconteceunovale.com.br\/portal\/?p=158615"},"modified":"2020-02-08T21:01:30","modified_gmt":"2020-02-09T00:01:30","slug":"veiculos-apreendidos-em-operacoes-contra-o-trafico-vao-a-leilao-na-proxima-quarta","status":"publish","type":"post","link":"https:\/\/aconteceunovale.com.br\/portal\/?p=158615","title":{"rendered":"Ve\u00edculos apreendidos em opera\u00e7\u00f5es contra o tr\u00e1fico v\u00e3o a leil\u00e3o na pr\u00f3xima quarta"},"content":{"rendered":"\n<p>Dois caminh\u00f5es Ford Cargo, uma caminhonete Saveiro e uma grande variedade de motos, entre elas Honda CBX Twister, Honda CBR 300, Honda XRE 300, al\u00e9m de um carro Fiat Strada Adventure e outro VW Bora s\u00e3o alguns dos 66 ve\u00edculos que poder\u00e3o ser arrematados, na pr\u00f3xima quarta-feira (12\/02), durante o terceiro leil\u00e3o simult\u00e2neo de bens de Minas Gerais \u2013 o primeiro de 2020.<\/p>\n\n\n\n<p>\n\nTodos os ve\u00edculos foram apreendidos e perdidos em favor da Uni\u00e3o em opera\u00e7\u00f5es de combate ao tr\u00e1fico de drogas e outros crimes relacionados. Grande parte dos recursos arrecadados ser\u00e3o destinados ao Fundo Nacional Antidrogas (Funad), de acordo com a Lei 11.343\/06.<\/p>\n\n\n\n<p>A a\u00e7\u00e3o integra o projeto federal \u201cEsfor\u00e7o Concentrado para a Redu\u00e7\u00e3o dos Bens Aguardando Destina\u00e7\u00e3o\u201d, do Minist\u00e9rio da Justi\u00e7a e Seguran\u00e7a P\u00fablica, via Secretaria Nacional de Pol\u00edticas sobre Drogas (Senad), em parceria com o\u00a0Governo do Estado de Minas Gerais, por meio da\u00a0Secretaria de Justi\u00e7a e Seguran\u00e7a P\u00fablica (Sejusp). Na pr\u00f3xima semana, a secretaria busca a agilidade na aliena\u00e7\u00e3o dos bens perdidos em favor da uni\u00e3o.<\/p>\n\n\n\n<p>\u201cEssa nova metodologia de leil\u00f5es traz a possibilidade de o Estado arrecadar mais recursos que ser\u00e3o retornados para a seguran\u00e7a p\u00fablica. A meta para este ano de 2020 \u00e9 a realiza\u00e7\u00e3o de nove leil\u00f5es, e este \u00e9 o primeiro\u201d, explica a subsecret\u00e1ria de Preven\u00e7\u00e3o \u00e0 Criminalidade da Sejusp, Andreza Gomes.<\/p>\n\n\n\n<p><strong>Destina\u00e7\u00e3o<\/strong><\/p>\n\n\n\n<p>Os recursos arrecadados com o leil\u00e3o ser\u00e3o utilizados especialmente em projetos de redu\u00e7\u00e3o da oferta de subst\u00e2ncias il\u00edcitas, como custeio de atividades de fiscaliza\u00e7\u00e3o, controle e repress\u00e3o ao uso e tr\u00e1fico il\u00edcitos de drogas e produtos controlados e na redu\u00e7\u00e3o da demanda por meio de programas de preven\u00e7\u00e3o, aten\u00e7\u00e3o, cuidado, tratamento e reinser\u00e7\u00e3o social de usu\u00e1rios de drogas. <\/p>\n\n\n\n<p>O total arrecadado deve ainda ser revertido em campanhas, estudos e capacita\u00e7\u00e3o relacionados \u00e0 tem\u00e1tica das drogas, al\u00e9m de ser aplicado na pr\u00f3pria gest\u00e3o do Funad e nas despesas decorrentes do cumprimento das atribui\u00e7\u00f5es da Senad.<br><br>O evento ocorre presencialmente, \u00e0s 10h, no Audit\u00f3rio do Sicoob Crediuna, localizado na Rua Silva Jardim, n\u00ba 822, bairro Universit\u00e1rio, em Ita\u00fana, na regi\u00e3o Centro-Oeste do estado. On-line, o leil\u00e3o pode ser acessado por meio&nbsp;<a href=\"https:\/\/www.fernandoleiloeiro.com.br\/bens\/12\/02\/2020\/p4523\/18:59\/\" target=\"_blank\" rel=\"noreferrer noopener\">deste&nbsp;endere\u00e7o<\/a>.&nbsp;&nbsp;&nbsp;<br><br>Para participar digitalmente, \u00e9 necess\u00e1rio o cadastro na plataforma at\u00e9 a pr\u00f3xima segunda-feira (10\/2). O site est\u00e1 aberto a lances antecipados at\u00e9 o in\u00edcio da solenidade presencial.<\/p>\n\n\n\n<p>Entre segunda (10\/2) e ter\u00e7a (11\/2), de 9h \u00e0s 12h e das 13h \u00e0s 16h, os autom\u00f3veis podem ser visitados e examinados pelos interessados nos locais indicados em cada lote. O edital completo do leil\u00e3o pode ser conferido<a href=\"https:\/\/legado.justica.gov.br\/sua-protecao\/politicas-sobre-drogas\/leiloes-1\/editais\/Edital_de_Leilao_MG001.2020.pdf\/view\" target=\"_blank\" rel=\"noreferrer noopener\">&nbsp;neste link<\/a>.<\/p>\n\n\n\n<p>Os ve\u00edculos considerados recuper\u00e1veis podem voltar \u00e0 circula\u00e7\u00e3o e t\u00eam direito \u00e0 documenta\u00e7\u00e3o. Os arrematantes s\u00e3o isentos de multas, encargos e tributos anteriores \u00e0 aquisi\u00e7\u00e3o.\u00a0<\/p>\n\n\n\n<figure class=\"wp-block-gallery columns-1 is-cropped wp-block-gallery-1 is-layout-flex wp-block-gallery-is-layout-flex\"><ul class=\"blocks-gallery-grid\"><li class=\"blocks-gallery-item\"><figure><img loading=\"lazy\" decoding=\"async\" width=\"600\" height=\"450\" src=\"http:\/\/aconteceunovale.com.br\/portal\/wp-content\/uploads\/2020\/02\/leilao_trafico_mg_1.jpg\" alt=\"\" data-id=\"158616\" data-full-url=\"http:\/\/aconteceunovale.com.br\/portal\/wp-content\/uploads\/2020\/02\/leilao_trafico_mg_1.jpg\" data-link=\"http:\/\/aconteceunovale.com.br\/portal\/?attachment_id=158616\" class=\"wp-image-158616\" srcset=\"https:\/\/aconteceunovale.com.br\/portal\/wp-content\/uploads\/2020\/02\/leilao_trafico_mg_1.jpg 600w, https:\/\/aconteceunovale.com.br\/portal\/wp-content\/uploads\/2020\/02\/leilao_trafico_mg_1-300x225.jpg 300w, https:\/\/aconteceunovale.com.br\/portal\/wp-content\/uploads\/2020\/02\/leilao_trafico_mg_1-80x60.jpg 80w, https:\/\/aconteceunovale.com.br\/portal\/wp-content\/uploads\/2020\/02\/leilao_trafico_mg_1-265x198.jpg 265w, https:\/\/aconteceunovale.com.br\/portal\/wp-content\/uploads\/2020\/02\/leilao_trafico_mg_1-560x420.jpg 560w\" sizes=\"auto, (max-width: 600px) 100vw, 600px\" \/><figcaption class=\"blocks-gallery-item__caption\"><em>Foto: Divulga\u00e7\u00e3o \/ Sejusp<\/em><\/figcaption><\/figure><\/li><li class=\"blocks-gallery-item\"><figure><img loading=\"lazy\" decoding=\"async\" width=\"800\" height=\"600\" src=\"http:\/\/aconteceunovale.com.br\/portal\/wp-content\/uploads\/2020\/02\/leilao_trafico_mg_2.jpg\" alt=\"\" data-id=\"158617\" data-full-url=\"http:\/\/aconteceunovale.com.br\/portal\/wp-content\/uploads\/2020\/02\/leilao_trafico_mg_2.jpg\" data-link=\"http:\/\/aconteceunovale.com.br\/portal\/?attachment_id=158617\" class=\"wp-image-158617\" srcset=\"https:\/\/aconteceunovale.com.br\/portal\/wp-content\/uploads\/2020\/02\/leilao_trafico_mg_2.jpg 800w, https:\/\/aconteceunovale.com.br\/portal\/wp-content\/uploads\/2020\/02\/leilao_trafico_mg_2-300x225.jpg 300w, https:\/\/aconteceunovale.com.br\/portal\/wp-content\/uploads\/2020\/02\/leilao_trafico_mg_2-768x576.jpg 768w, https:\/\/aconteceunovale.com.br\/portal\/wp-content\/uploads\/2020\/02\/leilao_trafico_mg_2-80x60.jpg 80w, https:\/\/aconteceunovale.com.br\/portal\/wp-content\/uploads\/2020\/02\/leilao_trafico_mg_2-265x198.jpg 265w, https:\/\/aconteceunovale.com.br\/portal\/wp-content\/uploads\/2020\/02\/leilao_trafico_mg_2-696x522.jpg 696w, https:\/\/aconteceunovale.com.br\/portal\/wp-content\/uploads\/2020\/02\/leilao_trafico_mg_2-560x420.jpg 560w\" sizes=\"auto, (max-width: 800px) 100vw, 800px\" \/><figcaption class=\"blocks-gallery-item__caption\"> <em>Foto: Divulga\u00e7\u00e3o \/ Sejusp<\/em> <\/figcaption><\/figure><\/li><li class=\"blocks-gallery-item\"><figure><img loading=\"lazy\" decoding=\"async\" width=\"800\" height=\"600\" src=\"http:\/\/aconteceunovale.com.br\/portal\/wp-content\/uploads\/2020\/02\/leilao_trafico_mg_3.jpg\" alt=\"\" data-id=\"158618\" data-full-url=\"http:\/\/aconteceunovale.com.br\/portal\/wp-content\/uploads\/2020\/02\/leilao_trafico_mg_3.jpg\" data-link=\"http:\/\/aconteceunovale.com.br\/portal\/?attachment_id=158618\" class=\"wp-image-158618\" srcset=\"https:\/\/aconteceunovale.com.br\/portal\/wp-content\/uploads\/2020\/02\/leilao_trafico_mg_3.jpg 800w, https:\/\/aconteceunovale.com.br\/portal\/wp-content\/uploads\/2020\/02\/leilao_trafico_mg_3-300x225.jpg 300w, https:\/\/aconteceunovale.com.br\/portal\/wp-content\/uploads\/2020\/02\/leilao_trafico_mg_3-768x576.jpg 768w, https:\/\/aconteceunovale.com.br\/portal\/wp-content\/uploads\/2020\/02\/leilao_trafico_mg_3-80x60.jpg 80w, https:\/\/aconteceunovale.com.br\/portal\/wp-content\/uploads\/2020\/02\/leilao_trafico_mg_3-265x198.jpg 265w, https:\/\/aconteceunovale.com.br\/portal\/wp-content\/uploads\/2020\/02\/leilao_trafico_mg_3-696x522.jpg 696w, https:\/\/aconteceunovale.com.br\/portal\/wp-content\/uploads\/2020\/02\/leilao_trafico_mg_3-560x420.jpg 560w\" sizes=\"auto, (max-width: 800px) 100vw, 800px\" \/><figcaption class=\"blocks-gallery-item__caption\"> <em>Foto: Divulga\u00e7\u00e3o \/ Sejusp<\/em> <\/figcaption><\/figure><\/li><\/ul><\/figure>\n\n\n\n<p class=\"has-text-color has-background has-very-light-gray-color has-very-dark-gray-background-color\">Quer saber as not\u00edcias do <strong>Aconteceu no Vale<\/strong> em primeira m\u00e3o? Siga-nos no Facebook <a rel=\"noreferrer noopener\" href=\"http:\/\/facebook.com\/aconteceunovale\" target=\"_blank\">@aconteceunovale<\/a>, Twitter <a rel=\"noreferrer noopener\" href=\"https:\/\/twitter.com\/noticiadosvales\" target=\"_blank\">@noticiadosvales<\/a> e Instagram <a rel=\"noreferrer noopener\" href=\"https:\/\/www.instagram.com\/aconteceunovale\" target=\"_blank\">@aconteceunovale<\/a>.<\/p>\n","protected":false},"excerpt":{"rendered":"<p>Dois caminh\u00f5es Ford Cargo, uma caminhonete Saveiro e uma grande variedade de motos, entre elas Honda CBX Twister, Honda CBR 300, Honda XRE 300, al\u00e9m de um carro Fiat Strada Adventure e outro VW Bora s\u00e3o alguns dos 66 ve\u00edculos que poder\u00e3o ser arrematados, na pr\u00f3xima quarta-feira (12\/02), durante o terceiro leil\u00e3o simult\u00e2neo de bens [&hellip;]<\/p>\n","protected":false},"author":1,"featured_media":158616,"comment_status":"open","ping_status":"closed","sticky":false,"template":"","format":"standard","meta":{"amp_status":"","footnotes":""},"categories":[123],"tags":[209118,108254,216141,216140,216139,216137,108252,204780,216136,216138,216135],"class_list":["post-158615","post","type-post","status-publish","format-standard","has-post-thumbnail","hentry","category-gerais","tag-andreza-gomes","tag-fernando-leiloeiro","tag-funad","tag-fundo-nacional-antidrogas","tag-leilao-de-veiculos-de-traficantes","tag-leilao-de-veiculos-do-trafico","tag-leilao-fernando-leiloeiro","tag-sejusp","tag-veiculos-apreendidos-em-operacoes-contra-o-trafico-vao-a-leilao-na-proxima-quarta","tag-veiculos-de-traficantes","tag-veiculos-do-trafico"],"_links":{"self":[{"href":"https:\/\/aconteceunovale.com.br\/portal\/index.php?rest_route=\/wp\/v2\/posts\/158615","targetHints":{"allow":["GET"]}}],"collection":[{"href":"https:\/\/aconteceunovale.com.br\/portal\/index.php?rest_route=\/wp\/v2\/posts"}],"about":[{"href":"https:\/\/aconteceunovale.com.br\/portal\/index.php?rest_route=\/wp\/v2\/types\/post"}],"author":[{"embeddable":true,"href":"https:\/\/aconteceunovale.com.br\/portal\/index.php?rest_route=\/wp\/v2\/users\/1"}],"replies":[{"embeddable":true,"href":"https:\/\/aconteceunovale.com.br\/portal\/index.php?rest_route=%2Fwp%2Fv2%2Fcomments&post=158615"}],"version-history":[{"count":1,"href":"https:\/\/aconteceunovale.com.br\/portal\/index.php?rest_route=\/wp\/v2\/posts\/158615\/revisions"}],"predecessor-version":[{"id":158619,"href":"https:\/\/aconteceunovale.com.br\/portal\/index.php?rest_route=\/wp\/v2\/posts\/158615\/revisions\/158619"}],"wp:featuredmedia":[{"embeddable":true,"href":"https:\/\/aconteceunovale.com.br\/portal\/index.php?rest_route=\/wp\/v2\/media\/158616"}],"wp:attachment":[{"href":"https:\/\/aconteceunovale.com.br\/portal\/index.php?rest_route=%2Fwp%2Fv2%2Fmedia&parent=158615"}],"wp:term":[{"taxonomy":"category","embeddable":true,"href":"https:\/\/aconteceunovale.com.br\/portal\/index.php?rest_route=%2Fwp%2Fv2%2Fcategories&post=158615"},{"taxonomy":"post_tag","embeddable":true,"href":"https:\/\/aconteceunovale.com.br\/portal\/index.php?rest_route=%2Fwp%2Fv2%2Ftags&post=158615"}],"curies":[{"name":"wp","href":"https:\/\/api.w.org\/{rel}","templated":true}]}}