{"id":158577,"date":"2020-02-06T20:32:02","date_gmt":"2020-02-06T23:32:02","guid":{"rendered":"http:\/\/aconteceunovale.com.br\/portal\/?p=158577"},"modified":"2020-02-06T21:29:29","modified_gmt":"2020-02-07T00:29:29","slug":"dupla-cezar-paulinho-e-a-terceira-atracao-de-renome-nacional-confirmada-no-capelinhense-ausente-2020","status":"publish","type":"post","link":"https:\/\/aconteceunovale.com.br\/portal\/?p=158577","title":{"rendered":"Dupla Cezar &#038; Paulinho \u00e9 a terceira atra\u00e7\u00e3o de renome nacional confirmada no Capelinhense Ausente 2020"},"content":{"rendered":"\n<p>A dupla Cezar &amp; Paulinho \u00e9 a terceira atra\u00e7\u00e3o de renome nacional confirmada na 34\u00aa Festa do Capelinhense Ausente. O evento acontecer\u00e1 no per\u00edodo de 16 a 19 de julho de 2020, no Parque de Exposi\u00e7\u00f5es de Capelinha (MG), e os irm\u00e3os paulistas se apresentar\u00e3o no domingo (19) com port\u00f5es abertos para a popula\u00e7\u00e3o. A informa\u00e7\u00e3o foi confirmada nesta quinta-feira (06\/02) pelo prefeito Tadeuzinho.<\/p>\n\n\n\n<p>Outras atra\u00e7\u00f5es confirmadas para\u00a0o evento s\u00e3o a dupla Simone &amp; Simaria (quinta-feira) e L\u00e9o Santana (sexta-feira). Anote em sua agenda! Nos dias 16, 17, 18 e 19 de julho voc\u00ea tem encontro marcado no Parque de Exposi\u00e7\u00f5es de Capelinha.<\/p>\n\n\n\n<div class=\"wp-block-image\"><figure class=\"aligncenter size-large\"><img loading=\"lazy\" decoding=\"async\" width=\"391\" height=\"450\" src=\"http:\/\/aconteceunovale.com.br\/portal\/wp-content\/uploads\/2020\/02\/show_confirmado_cezar_e_paulinho2.png\" alt=\"\" class=\"wp-image-158578\" srcset=\"https:\/\/aconteceunovale.com.br\/portal\/wp-content\/uploads\/2020\/02\/show_confirmado_cezar_e_paulinho2.png 391w, https:\/\/aconteceunovale.com.br\/portal\/wp-content\/uploads\/2020\/02\/show_confirmado_cezar_e_paulinho2-261x300.png 261w, https:\/\/aconteceunovale.com.br\/portal\/wp-content\/uploads\/2020\/02\/show_confirmado_cezar_e_paulinho2-365x420.png 365w\" sizes=\"auto, (max-width: 391px) 100vw, 391px\" \/><\/figure><\/div>\n\n\n\n<p class=\"has-text-align-center\"> P\u00e1gina oficial da 34\u00aa Festa do Capelinhense Ausente &#8211; <a rel=\"noreferrer noopener\" href=\"https:\/\/www.facebook.com\/capelinhenseausente\/\" target=\"_blank\">https:\/\/www.facebook.com\/capelinhenseausente\/<\/a> <\/p>\n","protected":false},"excerpt":{"rendered":"<p>A dupla Cezar &amp; Paulinho \u00e9 a terceira atra\u00e7\u00e3o de renome nacional confirmada na 34\u00aa Festa do Capelinhense Ausente. O evento acontecer\u00e1 no per\u00edodo de 16 a 19 de julho de 2020, no Parque de Exposi\u00e7\u00f5es de Capelinha (MG), e os irm\u00e3os paulistas se apresentar\u00e3o no domingo (19) com port\u00f5es abertos para a popula\u00e7\u00e3o. A [&hellip;]<\/p>\n","protected":false},"author":1,"featured_media":158579,"comment_status":"open","ping_status":"closed","sticky":false,"template":"","format":"standard","meta":{"amp_status":"","footnotes":""},"categories":[125,120],"tags":[216050,216042,216041,216056,216055,216057,216043,1018,216039,216059,216046,44374,216037,216045,216058,216040,216044,133800,216049],"class_list":["post-158577","post","type-post","status-publish","format-standard","has-post-thumbnail","hentry","category-noticias","category-jequi","tag-34a-festa-do-capelinhense-ausente","tag-atracoes-capelinhense-ausente-2020","tag-bandas-capelinhense-ausente-2020","tag-cezar-e-paulinho-na-festa-do-capelinhense-ausente-2020","tag-cezar-e-paulinho-no-capelinhense-ausente-2020","tag-cezar-e-paulinho-sera-a-atracao-principal-da-sexta-feira-do-capelinhense-ausente-2020","tag-data-do-capelinhense-ausente-2020","tag-destaque","tag-divulgada-a-primeira-atracao-do-capelinhense-ausente-2020","tag-dupla-cezar-paulinho-e-a-terceira-atracao-de-renome-nacional-confirmada-no-capelinhense-ausente-2020","tag-festa-do-capelinhense-ausente-2020","tag-prefeito-de-capelinha","tag-prefeito-tadeuzinho-confirma-primeiro-show-do-capelinhense-ausente-2020","tag-programacao-capelinhense-ausente-2020","tag-show-de-cezar-e-paulinho-e-confirmado-no-capelinhense-ausente-2020","tag-shows-capelinhense-ausente-2020","tag-shows-festa-do-capelinhense-ausente-2020","tag-tadeuzinho-abreu","tag-tadeuzinho-capelinha"],"_links":{"self":[{"href":"https:\/\/aconteceunovale.com.br\/portal\/index.php?rest_route=\/wp\/v2\/posts\/158577","targetHints":{"allow":["GET"]}}],"collection":[{"href":"https:\/\/aconteceunovale.com.br\/portal\/index.php?rest_route=\/wp\/v2\/posts"}],"about":[{"href":"https:\/\/aconteceunovale.com.br\/portal\/index.php?rest_route=\/wp\/v2\/types\/post"}],"author":[{"embeddable":true,"href":"https:\/\/aconteceunovale.com.br\/portal\/index.php?rest_route=\/wp\/v2\/users\/1"}],"replies":[{"embeddable":true,"href":"https:\/\/aconteceunovale.com.br\/portal\/index.php?rest_route=%2Fwp%2Fv2%2Fcomments&post=158577"}],"version-history":[{"count":3,"href":"https:\/\/aconteceunovale.com.br\/portal\/index.php?rest_route=\/wp\/v2\/posts\/158577\/revisions"}],"predecessor-version":[{"id":158582,"href":"https:\/\/aconteceunovale.com.br\/portal\/index.php?rest_route=\/wp\/v2\/posts\/158577\/revisions\/158582"}],"wp:featuredmedia":[{"embeddable":true,"href":"https:\/\/aconteceunovale.com.br\/portal\/index.php?rest_route=\/wp\/v2\/media\/158579"}],"wp:attachment":[{"href":"https:\/\/aconteceunovale.com.br\/portal\/index.php?rest_route=%2Fwp%2Fv2%2Fmedia&parent=158577"}],"wp:term":[{"taxonomy":"category","embeddable":true,"href":"https:\/\/aconteceunovale.com.br\/portal\/index.php?rest_route=%2Fwp%2Fv2%2Fcategories&post=158577"},{"taxonomy":"post_tag","embeddable":true,"href":"https:\/\/aconteceunovale.com.br\/portal\/index.php?rest_route=%2Fwp%2Fv2%2Ftags&post=158577"}],"curies":[{"name":"wp","href":"https:\/\/api.w.org\/{rel}","templated":true}]}}