{"id":158572,"date":"2020-02-05T18:57:22","date_gmt":"2020-02-05T21:57:22","guid":{"rendered":"http:\/\/aconteceunovale.com.br\/portal\/?p=158572"},"modified":"2020-02-05T18:57:37","modified_gmt":"2020-02-05T21:57:37","slug":"leo-santana-sera-a-atracao-principal-da-sexta-feira-do-capelinhense-ausente-2020","status":"publish","type":"post","link":"https:\/\/aconteceunovale.com.br\/portal\/?p=158572","title":{"rendered":"L\u00e9o Santana ser\u00e1 a atra\u00e7\u00e3o principal da sexta-feira do Capelinhense Ausente 2020"},"content":{"rendered":"\n<p>O cantor L\u00e9o Santana est\u00e1 confirmado como uma das atra\u00e7\u00f5es para animar a popula\u00e7\u00e3o de Capelinha, no Vale do Jequitinhonha, durante a 34\u00aa Festa do Capelinhense Ausente. O evento acontecer\u00e1 no per\u00edodo de 16 a 19 de julho de 2020 e o Rei do Pagode Baiano se apresentar\u00e1 na sexta-feira (17). A informa\u00e7\u00e3o foi confirmada nesta quarta-feira (05\/02) pelo prefeito Tadeuzinho. <\/p>\n\n\n\n<p>Outra atra\u00e7\u00e3o confirmada para o evento \u00e9 a dupla Simone &amp; Simaria, que sobe ao palco principal da festa na quinta-feira (16). Anote em sua agenda! Nos dias 16, 17, 18 e 19 de julho voc\u00ea tem encontro marcado no Parque de Exposi\u00e7\u00f5es de Capelinha.<\/p>\n\n\n\n<div class=\"wp-block-image\"><figure class=\"aligncenter size-large\"><img loading=\"lazy\" decoding=\"async\" width=\"396\" height=\"450\" src=\"http:\/\/aconteceunovale.com.br\/portal\/wp-content\/uploads\/2020\/02\/show_confirmado_leo-santana2.png\" alt=\"\" class=\"wp-image-158574\" srcset=\"https:\/\/aconteceunovale.com.br\/portal\/wp-content\/uploads\/2020\/02\/show_confirmado_leo-santana2.png 396w, https:\/\/aconteceunovale.com.br\/portal\/wp-content\/uploads\/2020\/02\/show_confirmado_leo-santana2-264x300.png 264w, https:\/\/aconteceunovale.com.br\/portal\/wp-content\/uploads\/2020\/02\/show_confirmado_leo-santana2-370x420.png 370w\" sizes=\"auto, (max-width: 396px) 100vw, 396px\" \/><\/figure><\/div>\n\n\n\n<p class=\"has-text-align-center\">P\u00e1gina oficial da 34\u00aa Festa do Capelinhense Ausente &#8211; <a href=\"https:\/\/www.facebook.com\/capelinhenseausente\/\" target=\"_blank\" rel=\"noreferrer noopener\" aria-label=\" (abre numa nova aba)\">https:\/\/www.facebook.com\/capelinhenseausente\/<\/a><\/p>\n","protected":false},"excerpt":{"rendered":"<p>O cantor L\u00e9o Santana est\u00e1 confirmado como uma das atra\u00e7\u00f5es para animar a popula\u00e7\u00e3o de Capelinha, no Vale do Jequitinhonha, durante a 34\u00aa Festa do Capelinhense Ausente. O evento acontecer\u00e1 no per\u00edodo de 16 a 19 de julho de 2020 e o Rei do Pagode Baiano se apresentar\u00e1 na sexta-feira (17). A informa\u00e7\u00e3o foi confirmada [&hellip;]<\/p>\n","protected":false},"author":1,"featured_media":158575,"comment_status":"open","ping_status":"closed","sticky":false,"template":"","format":"standard","meta":{"amp_status":"","footnotes":""},"categories":[125,120],"tags":[216050,216042,216041,216043,1018,216039,216046,216052,216054,216053,44374,216037,216045,216051,216040,216044,133800,216049],"class_list":["post-158572","post","type-post","status-publish","format-standard","has-post-thumbnail","hentry","category-noticias","category-jequi","tag-34a-festa-do-capelinhense-ausente","tag-atracoes-capelinhense-ausente-2020","tag-bandas-capelinhense-ausente-2020","tag-data-do-capelinhense-ausente-2020","tag-destaque","tag-divulgada-a-primeira-atracao-do-capelinhense-ausente-2020","tag-festa-do-capelinhense-ausente-2020","tag-leo-santana-na-festa-do-capelinhense-ausente-2020","tag-leo-santana-no-capelinhense-ausente-2020","tag-leo-santana-sera-a-atracao-principal-da-sexta-feira-do-capelinhense-ausente-2020","tag-prefeito-de-capelinha","tag-prefeito-tadeuzinho-confirma-primeiro-show-do-capelinhense-ausente-2020","tag-programacao-capelinhense-ausente-2020","tag-show-de-leo-santana-e-confirmado-no-capelinhense-ausente-2020","tag-shows-capelinhense-ausente-2020","tag-shows-festa-do-capelinhense-ausente-2020","tag-tadeuzinho-abreu","tag-tadeuzinho-capelinha"],"_links":{"self":[{"href":"https:\/\/aconteceunovale.com.br\/portal\/index.php?rest_route=\/wp\/v2\/posts\/158572","targetHints":{"allow":["GET"]}}],"collection":[{"href":"https:\/\/aconteceunovale.com.br\/portal\/index.php?rest_route=\/wp\/v2\/posts"}],"about":[{"href":"https:\/\/aconteceunovale.com.br\/portal\/index.php?rest_route=\/wp\/v2\/types\/post"}],"author":[{"embeddable":true,"href":"https:\/\/aconteceunovale.com.br\/portal\/index.php?rest_route=\/wp\/v2\/users\/1"}],"replies":[{"embeddable":true,"href":"https:\/\/aconteceunovale.com.br\/portal\/index.php?rest_route=%2Fwp%2Fv2%2Fcomments&post=158572"}],"version-history":[{"count":1,"href":"https:\/\/aconteceunovale.com.br\/portal\/index.php?rest_route=\/wp\/v2\/posts\/158572\/revisions"}],"predecessor-version":[{"id":158576,"href":"https:\/\/aconteceunovale.com.br\/portal\/index.php?rest_route=\/wp\/v2\/posts\/158572\/revisions\/158576"}],"wp:featuredmedia":[{"embeddable":true,"href":"https:\/\/aconteceunovale.com.br\/portal\/index.php?rest_route=\/wp\/v2\/media\/158575"}],"wp:attachment":[{"href":"https:\/\/aconteceunovale.com.br\/portal\/index.php?rest_route=%2Fwp%2Fv2%2Fmedia&parent=158572"}],"wp:term":[{"taxonomy":"category","embeddable":true,"href":"https:\/\/aconteceunovale.com.br\/portal\/index.php?rest_route=%2Fwp%2Fv2%2Fcategories&post=158572"},{"taxonomy":"post_tag","embeddable":true,"href":"https:\/\/aconteceunovale.com.br\/portal\/index.php?rest_route=%2Fwp%2Fv2%2Ftags&post=158572"}],"curies":[{"name":"wp","href":"https:\/\/api.w.org\/{rel}","templated":true}]}}