{"id":158566,"date":"2020-02-04T21:49:21","date_gmt":"2020-02-05T00:49:21","guid":{"rendered":"http:\/\/aconteceunovale.com.br\/portal\/?p=158566"},"modified":"2020-02-04T22:10:27","modified_gmt":"2020-02-05T01:10:27","slug":"divulgada-a-primeira-atracao-do-capelinhense-ausente-2020","status":"publish","type":"post","link":"https:\/\/aconteceunovale.com.br\/portal\/?p=158566","title":{"rendered":"Divulgada a primeira atra\u00e7\u00e3o do Capelinhense Ausente 2020"},"content":{"rendered":"\n<p>O prefeito de Capelinha (MG), Tadeuzinho Abreu, anunciou na noite desta ter\u00e7a-feira (04\/02) a primeira atra\u00e7\u00e3o da 34\u00aa Festa do Capelinhense Ausente. O evento acontecer\u00e1 no per\u00edodo de 16 a 19 de julho e iniciar\u00e1, na quinta-feira (16\/07), com mega show da dupla Simone &amp; Simaria (As Coleguinhas). As outras atra\u00e7\u00f5es de renome nacional, regional e local ser\u00e3o divulgadas nos pr\u00f3ximos dias. <\/p>\n\n\n\n<div class=\"wp-block-image\"><figure class=\"aligncenter size-large\"><img loading=\"lazy\" decoding=\"async\" width=\"399\" height=\"450\" src=\"http:\/\/aconteceunovale.com.br\/portal\/wp-content\/uploads\/2020\/02\/show_confirmado_simone_e_simaria3.jpg\" alt=\"\" class=\"wp-image-158568\" srcset=\"https:\/\/aconteceunovale.com.br\/portal\/wp-content\/uploads\/2020\/02\/show_confirmado_simone_e_simaria3.jpg 399w, https:\/\/aconteceunovale.com.br\/portal\/wp-content\/uploads\/2020\/02\/show_confirmado_simone_e_simaria3-266x300.jpg 266w, https:\/\/aconteceunovale.com.br\/portal\/wp-content\/uploads\/2020\/02\/show_confirmado_simone_e_simaria3-372x420.jpg 372w\" sizes=\"auto, (max-width: 399px) 100vw, 399px\" \/><\/figure><\/div>\n\n\n\n<p class=\"has-text-align-center\">P\u00e1gina oficial do evento &#8211;  <a href=\"https:\/\/www.facebook.com\/pg\/capelinhenseausente\/posts\/?ref=page_internal\" target=\"_blank\" rel=\"noreferrer noopener\" aria-label=\" (abre numa nova aba)\">https:\/\/www.facebook.com\/pg\/capelinhenseausente\/<\/a><\/p>\n","protected":false},"excerpt":{"rendered":"<p>O prefeito de Capelinha (MG), Tadeuzinho Abreu, anunciou na noite desta ter\u00e7a-feira (04\/02) a primeira atra\u00e7\u00e3o da 34\u00aa Festa do Capelinhense Ausente. O evento acontecer\u00e1 no per\u00edodo de 16 a 19 de julho e iniciar\u00e1, na quinta-feira (16\/07), com mega show da dupla Simone &amp; Simaria (As Coleguinhas). As outras atra\u00e7\u00f5es de renome nacional, regional [&hellip;]<\/p>\n","protected":false},"author":1,"featured_media":158569,"comment_status":"open","ping_status":"closed","sticky":false,"template":"","format":"standard","meta":{"amp_status":"","footnotes":""},"categories":[125,120],"tags":[216050,216042,216041,216043,1018,216039,216046,44374,216037,216045,216038,216040,216044,216048,216047,133800,216049],"class_list":["post-158566","post","type-post","status-publish","format-standard","has-post-thumbnail","hentry","category-noticias","category-jequi","tag-34a-festa-do-capelinhense-ausente","tag-atracoes-capelinhense-ausente-2020","tag-bandas-capelinhense-ausente-2020","tag-data-do-capelinhense-ausente-2020","tag-destaque","tag-divulgada-a-primeira-atracao-do-capelinhense-ausente-2020","tag-festa-do-capelinhense-ausente-2020","tag-prefeito-de-capelinha","tag-prefeito-tadeuzinho-confirma-primeiro-show-do-capelinhense-ausente-2020","tag-programacao-capelinhense-ausente-2020","tag-show-de-simone-e-simaria-e-confirmado-no-capelinhense-ausente-2020","tag-shows-capelinhense-ausente-2020","tag-shows-festa-do-capelinhense-ausente-2020","tag-simone-e-simaria-na-festa-do-capelinhense-ausente-2020","tag-simone-e-simaria-no-capelinhense-ausente-2020","tag-tadeuzinho-abreu","tag-tadeuzinho-capelinha"],"_links":{"self":[{"href":"https:\/\/aconteceunovale.com.br\/portal\/index.php?rest_route=\/wp\/v2\/posts\/158566","targetHints":{"allow":["GET"]}}],"collection":[{"href":"https:\/\/aconteceunovale.com.br\/portal\/index.php?rest_route=\/wp\/v2\/posts"}],"about":[{"href":"https:\/\/aconteceunovale.com.br\/portal\/index.php?rest_route=\/wp\/v2\/types\/post"}],"author":[{"embeddable":true,"href":"https:\/\/aconteceunovale.com.br\/portal\/index.php?rest_route=\/wp\/v2\/users\/1"}],"replies":[{"embeddable":true,"href":"https:\/\/aconteceunovale.com.br\/portal\/index.php?rest_route=%2Fwp%2Fv2%2Fcomments&post=158566"}],"version-history":[{"count":1,"href":"https:\/\/aconteceunovale.com.br\/portal\/index.php?rest_route=\/wp\/v2\/posts\/158566\/revisions"}],"predecessor-version":[{"id":158570,"href":"https:\/\/aconteceunovale.com.br\/portal\/index.php?rest_route=\/wp\/v2\/posts\/158566\/revisions\/158570"}],"wp:featuredmedia":[{"embeddable":true,"href":"https:\/\/aconteceunovale.com.br\/portal\/index.php?rest_route=\/wp\/v2\/media\/158569"}],"wp:attachment":[{"href":"https:\/\/aconteceunovale.com.br\/portal\/index.php?rest_route=%2Fwp%2Fv2%2Fmedia&parent=158566"}],"wp:term":[{"taxonomy":"category","embeddable":true,"href":"https:\/\/aconteceunovale.com.br\/portal\/index.php?rest_route=%2Fwp%2Fv2%2Fcategories&post=158566"},{"taxonomy":"post_tag","embeddable":true,"href":"https:\/\/aconteceunovale.com.br\/portal\/index.php?rest_route=%2Fwp%2Fv2%2Ftags&post=158566"}],"curies":[{"name":"wp","href":"https:\/\/api.w.org\/{rel}","templated":true}]}}