{"id":158562,"date":"2020-02-04T21:23:31","date_gmt":"2020-02-05T00:23:31","guid":{"rendered":"http:\/\/aconteceunovale.com.br\/portal\/?p=158562"},"modified":"2020-02-04T21:26:06","modified_gmt":"2020-02-05T00:26:06","slug":"cemig-deve-indenizar-produtor-rural-em-r-45-mil-por-morte-de-animais","status":"publish","type":"post","link":"https:\/\/aconteceunovale.com.br\/portal\/?p=158562","title":{"rendered":"Cemig deve indenizar produtor rural em R$ 45 mil por morte de animais"},"content":{"rendered":"\n<p>Um morador da zona rural de Patroc\u00ednio (MG) ser\u00e1 indenizado pela Cemig Distribui\u00e7\u00e3o S.A. em R$ 45 mil pela morte de seis vacas e um boi, vitimados por choque el\u00e9trico.<\/p>\n\n\n\n<p>O propriet\u00e1rio afirmou que \u00e9 produtor rural e tem a pecu\u00e1ria leiteira como atividade principal. No in\u00edcio de 2014, houve uma forte ventania em sua fazenda, o que provocou queda de galhos e rompimento dos fios da rede el\u00e9trica. Os animais que estavam pr\u00f3ximos \u00e0 cerca de arame liso foram eletrocutados.<\/p>\n\n\n\n<p>Em sua defesa, a Cemig alegou n\u00e3o ser respons\u00e1vel pelo acidente. A companhia sustentou que a alega\u00e7\u00e3o de sua responsabilidade pelo acidente deve ser exclu\u00edda, em raz\u00e3o de caso fortuito ou for\u00e7a maior.<\/p>\n\n\n\n<p>Em primeira&nbsp;inst\u00e2ncia, o juiz Walney&nbsp;Diniz, da 1\u00aa Vara C\u00edvel de Patroc\u00ednio, considerou que competia \u00e0 concession\u00e1ria cuidar do entorno da fia\u00e7\u00e3o que conduzia energia el\u00e9trica \u00e0 fazenda. Deveria ainda cuidar da limpeza da \u00e1rea, retirando periodicamente as \u00e1rvores que pudessem causar acidentes em eventual intemp\u00e9rie.<\/p>\n\n\n\n<p>A empresa recorreu, mas&nbsp;a turma julgadora da 7\u00aa C\u00e2mara C\u00edvel do Tribunal de Justi\u00e7a de Minas Gerais manteve a senten\u00e7a. O relator do recurso, desembargador Oliveira Firmo, registrou em seu voto que houve omiss\u00e3o no dever de inspe\u00e7\u00e3o de rotina.<\/p>\n\n\n\n<p>Segundo o magistrado,&nbsp;a&nbsp;Resolu\u00e7\u00e3o&nbsp;669\/2015&nbsp;atribui \u00e0 concession\u00e1ria o monitoramento das instala\u00e7\u00f5es das linhas de transmiss\u00e3o. Logo, deveria ser verificada, entre outras situa\u00e7\u00f5es, a proximidade da vegeta\u00e7\u00e3o aos cabos de energia.<\/p>\n\n\n\n<p>A resolu\u00e7\u00e3o prev\u00ea a elabora\u00e7\u00e3o de um cadastro contendo restri\u00e7\u00f5es ambientais e periodicidade das podas e ro\u00e7adas recomendadas, o que n\u00e3o foi apresentado pela Cemig.<\/p>\n\n\n\n<p>O voto do relator foi acompanhado pelos desembargadores Wilson Benevides e Beliz\u00e1rio de Lacerda.<\/p>\n\n\n\n<p class=\"has-text-color has-background has-very-light-gray-color has-very-dark-gray-background-color\">Quer saber as not\u00edcias do <strong>Aconteceu no Vale<\/strong> em primeira m\u00e3o? Siga-nos no Facebook <a rel=\"noreferrer noopener\" href=\"http:\/\/facebook.com\/aconteceunovale\" target=\"_blank\">@aconteceunovale<\/a>, Twitter <a rel=\"noreferrer noopener\" href=\"https:\/\/twitter.com\/noticiadosvales\" target=\"_blank\">@noticiadosvales<\/a> e Instagram <a rel=\"noreferrer noopener\" href=\"https:\/\/www.instagram.com\/aconteceunovale\" target=\"_blank\">@aconteceunovale<\/a>.<\/p>\n","protected":false},"excerpt":{"rendered":"<p>Um morador da zona rural de Patroc\u00ednio (MG) ser\u00e1 indenizado pela Cemig Distribui\u00e7\u00e3o S.A. em R$ 45 mil pela morte de seis vacas e um boi, vitimados por choque el\u00e9trico. O propriet\u00e1rio afirmou que \u00e9 produtor rural e tem a pecu\u00e1ria leiteira como atividade principal. No in\u00edcio de 2014, houve uma forte ventania em sua [&hellip;]<\/p>\n","protected":false},"author":1,"featured_media":158563,"comment_status":"open","ping_status":"closed","sticky":false,"template":"","format":"standard","meta":{"amp_status":"","footnotes":""},"categories":[123],"tags":[347,216033,150390,216034,216035,216036,166954,1489],"class_list":["post-158562","post","type-post","status-publish","format-standard","has-post-thumbnail","hentry","category-gerais","tag-cemig","tag-cemig-deve-indenizar-produtor-rural-em-r-45-mil-por-morte-de-animais","tag-condenacao-cemig","tag-gado-eletrocutado","tag-gado-eletrocutado-por-rede-da-cemig","tag-indenizacao-cemig","tag-morte-de-animais","tag-patrocinio"],"_links":{"self":[{"href":"https:\/\/aconteceunovale.com.br\/portal\/index.php?rest_route=\/wp\/v2\/posts\/158562","targetHints":{"allow":["GET"]}}],"collection":[{"href":"https:\/\/aconteceunovale.com.br\/portal\/index.php?rest_route=\/wp\/v2\/posts"}],"about":[{"href":"https:\/\/aconteceunovale.com.br\/portal\/index.php?rest_route=\/wp\/v2\/types\/post"}],"author":[{"embeddable":true,"href":"https:\/\/aconteceunovale.com.br\/portal\/index.php?rest_route=\/wp\/v2\/users\/1"}],"replies":[{"embeddable":true,"href":"https:\/\/aconteceunovale.com.br\/portal\/index.php?rest_route=%2Fwp%2Fv2%2Fcomments&post=158562"}],"version-history":[{"count":1,"href":"https:\/\/aconteceunovale.com.br\/portal\/index.php?rest_route=\/wp\/v2\/posts\/158562\/revisions"}],"predecessor-version":[{"id":158564,"href":"https:\/\/aconteceunovale.com.br\/portal\/index.php?rest_route=\/wp\/v2\/posts\/158562\/revisions\/158564"}],"wp:featuredmedia":[{"embeddable":true,"href":"https:\/\/aconteceunovale.com.br\/portal\/index.php?rest_route=\/wp\/v2\/media\/158563"}],"wp:attachment":[{"href":"https:\/\/aconteceunovale.com.br\/portal\/index.php?rest_route=%2Fwp%2Fv2%2Fmedia&parent=158562"}],"wp:term":[{"taxonomy":"category","embeddable":true,"href":"https:\/\/aconteceunovale.com.br\/portal\/index.php?rest_route=%2Fwp%2Fv2%2Fcategories&post=158562"},{"taxonomy":"post_tag","embeddable":true,"href":"https:\/\/aconteceunovale.com.br\/portal\/index.php?rest_route=%2Fwp%2Fv2%2Ftags&post=158562"}],"curies":[{"name":"wp","href":"https:\/\/api.w.org\/{rel}","templated":true}]}}