{"id":158512,"date":"2020-02-03T14:56:17","date_gmt":"2020-02-03T17:56:17","guid":{"rendered":"http:\/\/aconteceunovale.com.br\/portal\/?p=158512"},"modified":"2020-02-03T14:58:45","modified_gmt":"2020-02-03T17:58:45","slug":"motorista-de-aplicativo-e-assassinado-no-vale-do-aco","status":"publish","type":"post","link":"https:\/\/aconteceunovale.com.br\/portal\/?p=158512","title":{"rendered":"Motorista de aplicativo \u00e9 assassinado no Vale do A\u00e7o"},"content":{"rendered":"\n<p>Um jovem de 29 anos foi encontrado morto em uma estrada rural no munic\u00edpio de Ant\u00f4nio Dias, no Vale do A\u00e7o, na noite de domingo (02\/02\/2020). A v\u00edtima, identificada no Instituto M\u00e9dico Legal (IML) de Ipatinga (MG) como Marcelo Andrez Ribeiro Cardoso, era natural de Santiago (Chile) e residia em Tim\u00f3teo (MG).<\/p>\n\n\n\n<p>As informa\u00e7\u00f5es iniciais indicam que Marcelo trabalhava como\nmotorista de aplicativo e, possivelmente, foi v\u00edtima de latroc\u00ednio (roubo\nseguido de morte). Os bolsos do jovem estavam revirados e nenhum objeto de\nvalor foi encontrado.<\/p>\n\n\n\n<p>A per\u00edcia da Pol\u00edcia Civil compareceu ao local e constatou\nque a v\u00edtima foi executada com tr\u00eas tiros na cabe\u00e7a e um nas costas. O carro de\nMarcelo, um Checrolet Prisma de cor branca, foi encontrado na manh\u00e3 desta\nsegunda-feira (03) na mesma regi\u00e3o do crime. O caso ser\u00e1 investigado.<\/p>\n\n\n\n<p>Marcelo Andrez Ribeiro Cardoso j\u00e1 morou em Capelinha, no Vale do Jequitinhonha, onde atualmente reside a sua m\u00e3e. O jovem estudava Direito em uma institui\u00e7\u00e3o de ensino superior no Vale do A\u00e7o.<\/p>\n\n\n\n<figure class=\"wp-block-gallery columns-1 is-cropped wp-block-gallery-1 is-layout-flex wp-block-gallery-is-layout-flex\"><ul class=\"blocks-gallery-grid\"><li class=\"blocks-gallery-item\"><figure><img loading=\"lazy\" decoding=\"async\" width=\"662\" height=\"450\" src=\"http:\/\/aconteceunovale.com.br\/portal\/wp-content\/uploads\/2020\/02\/marcelo_chileno_vitima.jpg\" alt=\"\" data-id=\"158513\" class=\"wp-image-158513\" srcset=\"https:\/\/aconteceunovale.com.br\/portal\/wp-content\/uploads\/2020\/02\/marcelo_chileno_vitima.jpg 662w, https:\/\/aconteceunovale.com.br\/portal\/wp-content\/uploads\/2020\/02\/marcelo_chileno_vitima-300x204.jpg 300w, https:\/\/aconteceunovale.com.br\/portal\/wp-content\/uploads\/2020\/02\/marcelo_chileno_vitima-618x420.jpg 618w\" sizes=\"auto, (max-width: 662px) 100vw, 662px\" \/><figcaption class=\"blocks-gallery-item__caption\"><em>Fotos: Reprodu\u00e7\u00e3o<\/em><\/figcaption><\/figure><\/li><\/ul><\/figure>\n\n\n\n<p class=\"has-text-color has-background has-very-light-gray-color has-very-dark-gray-background-color\">Quer saber as not\u00edcias do <strong>Aconteceu no Vale<\/strong> em primeira m\u00e3o? Siga-nos no Facebook <a rel=\"noreferrer noopener\" href=\"http:\/\/facebook.com\/aconteceunovale\" target=\"_blank\">@aconteceunovale<\/a>, Twitter <a rel=\"noreferrer noopener\" href=\"https:\/\/twitter.com\/noticiadosvales\" target=\"_blank\">@noticiadosvales<\/a> e Instagram <a rel=\"noreferrer noopener\" href=\"https:\/\/www.instagram.com\/aconteceunovale\" target=\"_blank\">@aconteceunovale<\/a>.<\/p>\n","protected":false},"excerpt":{"rendered":"<p>Um jovem de 29 anos foi encontrado morto em uma estrada rural no munic\u00edpio de Ant\u00f4nio Dias, no Vale do A\u00e7o, na noite de domingo (02\/02\/2020). A v\u00edtima, identificada no Instituto M\u00e9dico Legal (IML) de Ipatinga (MG) como Marcelo Andrez Ribeiro Cardoso, era natural de Santiago (Chile) e residia em Tim\u00f3teo (MG). As informa\u00e7\u00f5es iniciais [&hellip;]<\/p>\n","protected":false},"author":1,"featured_media":158513,"comment_status":"open","ping_status":"closed","sticky":false,"template":"","format":"standard","meta":{"amp_status":"","footnotes":""},"categories":[121,120],"tags":[1740,132,1018,215952,215957,215958,215959,119588,201,215956,215954,215955,137996,215953,215948,215946,215949,215947,215950,59838,1105,215951],"class_list":{"0":"post-158512","1":"post","2":"type-post","3":"status-publish","4":"format-standard","5":"has-post-thumbnail","6":"hentry","7":"category-leste","8":"category-jequi","9":"tag-antonio-dias","10":"tag-capelinha","11":"tag-destaque","12":"tag-estudante-de-direito-morto-em-antonio-dias","13":"tag-filho-da-ana-cardoso","14":"tag-filho-da-ana-chilena","16":"tag-homicidio-em-antonio-dias","17":"tag-ipatinga","18":"tag-marcelo-andrez","19":"tag-marcelo-andrez-ribeiro-cardoso","20":"tag-marcelo-chileno","21":"tag-morto-em-antonio-dias","22":"tag-motorista-de-aplicativo-assassinado-em-antonio-dias","23":"tag-motorista-de-aplicativo-e-assassinado-em-antonio-dias","24":"tag-motorista-de-aplicativo-e-assassinado-na-zona-rural-de-antonio-dias","25":"tag-motorista-de-aplicativo-e-assassinado-no-municipio-de-antonio-dias","26":"tag-motorista-de-aplicativo-e-assassinado-no-vale-do-aco","27":"tag-motorista-de-aplicativo-morto-em-antonio-dias","28":"tag-santiago","29":"tag-timoteo","30":"tag-universitario-assassinado-em-antonio-dias"},"_links":{"self":[{"href":"https:\/\/aconteceunovale.com.br\/portal\/index.php?rest_route=\/wp\/v2\/posts\/158512","targetHints":{"allow":["GET"]}}],"collection":[{"href":"https:\/\/aconteceunovale.com.br\/portal\/index.php?rest_route=\/wp\/v2\/posts"}],"about":[{"href":"https:\/\/aconteceunovale.com.br\/portal\/index.php?rest_route=\/wp\/v2\/types\/post"}],"author":[{"embeddable":true,"href":"https:\/\/aconteceunovale.com.br\/portal\/index.php?rest_route=\/wp\/v2\/users\/1"}],"replies":[{"embeddable":true,"href":"https:\/\/aconteceunovale.com.br\/portal\/index.php?rest_route=%2Fwp%2Fv2%2Fcomments&post=158512"}],"version-history":[{"count":1,"href":"https:\/\/aconteceunovale.com.br\/portal\/index.php?rest_route=\/wp\/v2\/posts\/158512\/revisions"}],"predecessor-version":[{"id":158514,"href":"https:\/\/aconteceunovale.com.br\/portal\/index.php?rest_route=\/wp\/v2\/posts\/158512\/revisions\/158514"}],"wp:featuredmedia":[{"embeddable":true,"href":"https:\/\/aconteceunovale.com.br\/portal\/index.php?rest_route=\/wp\/v2\/media\/158513"}],"wp:attachment":[{"href":"https:\/\/aconteceunovale.com.br\/portal\/index.php?rest_route=%2Fwp%2Fv2%2Fmedia&parent=158512"}],"wp:term":[{"taxonomy":"category","embeddable":true,"href":"https:\/\/aconteceunovale.com.br\/portal\/index.php?rest_route=%2Fwp%2Fv2%2Fcategories&post=158512"},{"taxonomy":"post_tag","embeddable":true,"href":"https:\/\/aconteceunovale.com.br\/portal\/index.php?rest_route=%2Fwp%2Fv2%2Ftags&post=158512"}],"curies":[{"name":"wp","href":"https:\/\/api.w.org\/{rel}","templated":true}]}}