{"id":158499,"date":"2020-02-02T23:43:37","date_gmt":"2020-02-03T02:43:37","guid":{"rendered":"http:\/\/aconteceunovale.com.br\/portal\/?p=158499"},"modified":"2020-02-02T23:45:50","modified_gmt":"2020-02-03T02:45:50","slug":"corrida-rustica-de-governador-valadares-faz-sucesso-entre-corredores","status":"publish","type":"post","link":"https:\/\/aconteceunovale.com.br\/portal\/?p=158499","title":{"rendered":"Corrida R\u00fastica de Governador Valadares faz sucesso entre corredores"},"content":{"rendered":"\n<p>Na manh\u00e3 deste domingo, 02 de fevereiro de 2020, foi realizada a tradicional Corrida R\u00fastica de Governador Valadares (MG). A prova foi a \u00fanica atividade da programa\u00e7\u00e3o do anivers\u00e1rio de 82 anos da cidade mantida \u2013 a comemora\u00e7\u00e3o foi suspensa por causa da enchente. O prefeito Andr\u00e9 Merlo aproveitou o evento para homenagear os servidores p\u00fablicos da equipe de limpeza urbana.<\/p>\n\n\n\n<p>A placa de homenagem foi entregue a cinco funcion\u00e1rios que participaram da corrida pelo prefeito e pelos secret\u00e1rios de Obras e Servi\u00e7os Urbanos, Carlos Chaia e o de Cultura, Esporte, Lazer e Juventude (SMCEL) Carlos Teixeira. Entre os homenageados estava Jean Felipe Dias, que chegou em primeiro lugar na categoria Valadarense, de 10 km.<\/p>\n\n\n\n<p>Tamb\u00e9m foram homenageados Roniere Diego Santana, Fagner Fernandes de Souza, Eraldo Teixeira e Fabiano Caldeira da Silva que n\u00e3o pode comparecer por estar trabalhando na limpeza das ruas afetadas pela enchente na manh\u00e3 deste domingo. Doa\u00e7\u00f5es foram arrecadadas para os afetados pelas chuvas, no local da corrida.<\/p>\n\n\n\n<p>O prefeito Andr\u00e9 Merlo, que estava inscrito para corrida, participou fazendo apenas a largada e premia\u00e7\u00e3o. \u201cN\u00e3o estamos em clima de comemora\u00e7\u00e3o porque ainda h\u00e1 muitas pessoas desalojadas, desabrigadas e ruas com lama da enchente. A Corrida R\u00fastica foi a \u00fanica atividade da programa\u00e7\u00e3o de anivers\u00e1rio da cidade que n\u00e3o suspendemos em respeito aos inscritos. Sempre gosto de participar da prova junto com a Andr\u00e9ia (esposa), mas devido a enchente esse ano n\u00e3o vamos participar para dar uma aten\u00e7\u00e3o especial \u00e0s pessoas atingidas pelas cheias. Esses servidores que hoje homenageamos representam todas as pessoas que est\u00e3o ajudando as v\u00edtimas da enchente\u201d, explicou.<\/p>\n\n\n\n<p>Elias Dutra Dias J\u00fanior, de Tim\u00f3teo, participou da corrida pela segunda vez na categoria de 5 km e se encantou com a organiza\u00e7\u00e3o. \u201cA organiza\u00e7\u00e3o desse ano est\u00e1 fora de s\u00e9rio! De todas as provas que eu participei essa \u00e9 a melhor medalha que ganhei. N\u00e3o s\u00f3 pelo tamanho, mas pela beleza. Apesar dos imprevistos provocados pela chuva, a cidade est\u00e1 de parab\u00e9ns\u201d.<\/p>\n\n\n\n<p>A opini\u00e3o dele \u00e9 tamb\u00e9m a de Alessandra Pereira Coelho, que disputou na mesma categoria. \u201cGostei da prova no geral. Eles entregaram \u00e1gua nos momentos certos do percurso. Esse ano fomos muito bem assessorados. A medalha est\u00e1 um arraso! Organiza\u00e7\u00e3o top demais!\u201d, elogiou enquanto aproveitava um dos totens da corrida para tirar fotos.<\/p>\n\n\n\n<p>O capit\u00e3o do Corpo de Bombeiros, Ricardo Gon\u00e7alves, sempre participou da prova, mas esse ficou de fora por causa de uma les\u00e3o no joelho. \u201cN\u00e3o gosto de correr por correr, corro para tentar pegar medalha na minha faixa et\u00e1ria. Hoje vim apenas para prestigiar &#8211; e como organizo a corrida de anivers\u00e1rio do Corpo de Bombeiros em julho &#8211; aproveito para ver tamb\u00e9m o que h\u00e1 de bom na organiza\u00e7\u00e3o para copiar para nossa corrida\u201d, contou.<\/p>\n\n\n\n<p>Adriana Pereira Soares dessa vez tamb\u00e9m n\u00e3o correu. \u201cParticipei em 2017 e 2018. Esse ano n\u00e3o vou correr porque participo do grupo Nas trilhas do Poder (grupo formado apenas por mulheres que sobem uma vez por m\u00eas a Ibituruna) que hoje far\u00e1 uma caminhada em homenagem ao anivers\u00e1rio da cidade\u201d, contou. Uma parte do grupo caminhou, enquanto outra optou por correr.<\/p>\n\n\n\n<p>Carolina Bonfim correu a prova de 10km empurrando o carrinho do filho Jo\u00e3o Vitor de 2 anos. \u201cComo meu marido trabalha muito e n\u00e3o tinha como ficar com ele, comprei um carrinho pr\u00f3prio para que eu pudesse lev\u00e1-lo nas corridas. J\u00e1 participei da prova do \u2018Fogo\u201d, \u2018Night Runner\u2019 e \u2018Garoto\u2019. Essa \u00e9 a primeira vez que participo da R\u00fastica de Valadares. Achei o hor\u00e1rio bom porque o tempo est\u00e1 mais fresco, o percurso est\u00e1 melhor, a camisa linda e a medalha maravilhosa\u201d.<\/p>\n\n\n\n<p>A Corrida R\u00fastica \u00e9 uma realiza\u00e7\u00e3o da Prefeitura de Valadares, com execu\u00e7\u00e3o da LM Assessoria Esportiva e apoio dos Supermercados Coelho Diniz e Haftsports, distribuidora autorizada Nike.<\/p>\n\n\n\n<figure class=\"wp-block-gallery columns-1 is-cropped wp-block-gallery-1 is-layout-flex wp-block-gallery-is-layout-flex\"><ul class=\"blocks-gallery-grid\"><li class=\"blocks-gallery-item\"><figure><img loading=\"lazy\" decoding=\"async\" width=\"675\" height=\"450\" src=\"http:\/\/aconteceunovale.com.br\/portal\/wp-content\/uploads\/2020\/02\/corrida_rustica_gv.jpeg\" alt=\"\" data-id=\"158500\" class=\"wp-image-158500\" srcset=\"https:\/\/aconteceunovale.com.br\/portal\/wp-content\/uploads\/2020\/02\/corrida_rustica_gv.jpeg 675w, https:\/\/aconteceunovale.com.br\/portal\/wp-content\/uploads\/2020\/02\/corrida_rustica_gv-300x200.jpeg 300w, https:\/\/aconteceunovale.com.br\/portal\/wp-content\/uploads\/2020\/02\/corrida_rustica_gv-630x420.jpeg 630w\" sizes=\"auto, (max-width: 675px) 100vw, 675px\" \/><figcaption class=\"blocks-gallery-item__caption\"><em>Foto: Divulga\u00e7\u00e3o \/ Prefeitura de Valadares<\/em><\/figcaption><\/figure><\/li><\/ul><\/figure>\n\n\n\n<h2 class=\"wp-block-heading\"><strong>Confira os p\u00f3dios:<\/strong><\/h2>\n\n\n\n<p><strong>5 km Geral Feminino<\/strong><\/p>\n\n\n\n<ol class=\"wp-block-list\"><li>Maria Eliane de Almeida<\/li><li>Lucimar Silva Joana<\/li><li>Andreia Pires<\/li><\/ol>\n\n\n\n<p><strong>5 km Geral Masculino<\/strong><\/p>\n\n\n\n<ol class=\"wp-block-list\"><li>Maquezile<\/li><li>Valdir S\u00e9rgio<\/li><li>Anderson Lucas de Souza<\/li><\/ol>\n\n\n\n<p><strong>10 km Geral Feminino<\/strong><\/p>\n\n\n\n<ol class=\"wp-block-list\"><li>Erika Maria Jos\u00e9 Vieira<\/li><li>Ivanilda Barbara Calixto<\/li><li>Vanubia Regina Candida<\/li><\/ol>\n\n\n\n<p><strong>10 km Geral Masculino<\/strong><\/p>\n\n\n\n<ol class=\"wp-block-list\"><li>Raimundo Nonato Pereira da Silva<\/li><li>Leonardo Alves dos Santos<\/li><li>Jonilson Pinto Prates<\/li><\/ol>\n\n\n\n<p><strong>5 km Feminino Valadarense<\/strong><\/p>\n\n\n\n<ol class=\"wp-block-list\"><li>Zil\u00e1 Martins do Amaral<\/li><li>Edilene Alvarenga Pereira<\/li><li>Juliana Gomes de Almeida<\/li><\/ol>\n\n\n\n<p><strong>5 km Masculino Valadarense<\/strong><\/p>\n\n\n\n<ol class=\"wp-block-list\"><li>Emanuel Fillipe de Souza<\/li><li>Vanderl\u00facio Silva<\/li><li>Jo\u00e3o Vitor da Silva<\/li><\/ol>\n\n\n\n<p><strong>10 km Feminino Valadarense<\/strong><\/p>\n\n\n\n<ol class=\"wp-block-list\"><li>Helena Pereira de Oliveira<\/li><li>Fabr\u00edcia Martins Amaral<\/li><li>Maria de F\u00e1tima da Silva<\/li><\/ol>\n\n\n\n<p><strong>10 km Masculino Valadarense<\/strong><\/p>\n\n\n\n<ol class=\"wp-block-list\"><li>Jean Felipe Dias<\/li><li>Reinaldo Alves dos Santos<\/li><li>Adailton Gomes de Brito<\/li><\/ol>\n\n\n\n<p class=\"has-text-color has-background has-very-light-gray-color has-very-dark-gray-background-color\">Quer saber as not\u00edcias do <strong>Aconteceu no Vale<\/strong> em primeira m\u00e3o? Siga-nos no Facebook <a rel=\"noreferrer noopener\" href=\"http:\/\/facebook.com\/aconteceunovale\" target=\"_blank\">@aconteceunovale<\/a>, Twitter <a rel=\"noreferrer noopener\" href=\"https:\/\/twitter.com\/noticiadosvales\" target=\"_blank\">@noticiadosvales<\/a> e Instagram <a rel=\"noreferrer noopener\" href=\"https:\/\/www.instagram.com\/aconteceunovale\" target=\"_blank\">@aconteceunovale<\/a>.<\/p>\n","protected":false},"excerpt":{"rendered":"<p>Na manh\u00e3 deste domingo, 02 de fevereiro de 2020, foi realizada a tradicional Corrida R\u00fastica de Governador Valadares (MG). A prova foi a \u00fanica atividade da programa\u00e7\u00e3o do anivers\u00e1rio de 82 anos da cidade mantida \u2013 a comemora\u00e7\u00e3o foi suspensa por causa da enchente. O prefeito Andr\u00e9 Merlo aproveitou o evento para homenagear os servidores [&hellip;]<\/p>\n","protected":false},"author":1,"featured_media":158500,"comment_status":"open","ping_status":"closed","sticky":false,"template":"","format":"standard","meta":{"amp_status":"","footnotes":""},"categories":[59,125,121],"tags":[52411,215943,215941,101405,74602,215935,215945,168829,215572,215573,20946,136012,215944,1018,215940,215551,215552,168828,43164,215939,215938,32386,215932,247,215931,18800,215936,52412,74703,215934,138367,147418,215550,215942,215549,215548,215937,1105,18801,215933],"class_list":["post-158499","post","type-post","status-publish","format-standard","has-post-thumbnail","hentry","category-sports","category-noticias","category-leste","tag-abastecimento-de-agua-em-governador-valadares","tag-adriana-pereira-soares","tag-alessandra-pereira-coelho","tag-andre-merlo","tag-aumento-do-nivel-do-rio-doce","tag-campeoes-da-corrida-rustica-de-governador-valadares","tag-carolina-bonfim","tag-cheia-do-rio-doce","tag-cheia-no-rio-doce","tag-cheia-no-rio-doce-afeta-o-abastecimento-de-agua-em-governador-valadares","tag-corpo-de-bombeiros","tag-corrida-rustica-de-governador-valadares","tag-corrida-rustica-de-governador-valadares-faz-sucesso-entre-corredores","tag-destaque","tag-elias-dutra-dias-junior","tag-enchente-no-rio-doce","tag-enchente-ribeirinhos-governador-valadares","tag-enchente-rio-doce","tag-eraldo-teixeira","tag-fabiano-caldeira-da-silva","tag-fagner-fernandes-de-souza","tag-falta-de-agua-em-governador-valadares","tag-ganhadores-da-corrida-rustica-de-governador-valadares","tag-governador-valadares","tag-governo-de-minas-reconhece-situacao-de-emergencia-em-valadares","tag-gv","tag-jean-felipe-dias","tag-nivel-do-rio-doce","tag-nivel-do-rio-doce-em-governador-valadares","tag-podio-da-corrida-rustica-de-governador-valadares","tag-prefeito-de-governador-valadares","tag-prefeito-de-valadares","tag-ribeirinhos-governador-valadares","tag-ricardo-goncalves","tag-rio-doce-invade-ruas-em-governador-valadares","tag-rio-doce-transborda-e-ja-atinge-ruas-de-bairros-ribeirinhos-em-governador-valadares","tag-roniere-diego-santana","tag-timoteo","tag-valadares","tag-vencedores-da-corrida-rustica-de-governador-valadares"],"_links":{"self":[{"href":"https:\/\/aconteceunovale.com.br\/portal\/index.php?rest_route=\/wp\/v2\/posts\/158499","targetHints":{"allow":["GET"]}}],"collection":[{"href":"https:\/\/aconteceunovale.com.br\/portal\/index.php?rest_route=\/wp\/v2\/posts"}],"about":[{"href":"https:\/\/aconteceunovale.com.br\/portal\/index.php?rest_route=\/wp\/v2\/types\/post"}],"author":[{"embeddable":true,"href":"https:\/\/aconteceunovale.com.br\/portal\/index.php?rest_route=\/wp\/v2\/users\/1"}],"replies":[{"embeddable":true,"href":"https:\/\/aconteceunovale.com.br\/portal\/index.php?rest_route=%2Fwp%2Fv2%2Fcomments&post=158499"}],"version-history":[{"count":2,"href":"https:\/\/aconteceunovale.com.br\/portal\/index.php?rest_route=\/wp\/v2\/posts\/158499\/revisions"}],"predecessor-version":[{"id":158502,"href":"https:\/\/aconteceunovale.com.br\/portal\/index.php?rest_route=\/wp\/v2\/posts\/158499\/revisions\/158502"}],"wp:featuredmedia":[{"embeddable":true,"href":"https:\/\/aconteceunovale.com.br\/portal\/index.php?rest_route=\/wp\/v2\/media\/158500"}],"wp:attachment":[{"href":"https:\/\/aconteceunovale.com.br\/portal\/index.php?rest_route=%2Fwp%2Fv2%2Fmedia&parent=158499"}],"wp:term":[{"taxonomy":"category","embeddable":true,"href":"https:\/\/aconteceunovale.com.br\/portal\/index.php?rest_route=%2Fwp%2Fv2%2Fcategories&post=158499"},{"taxonomy":"post_tag","embeddable":true,"href":"https:\/\/aconteceunovale.com.br\/portal\/index.php?rest_route=%2Fwp%2Fv2%2Ftags&post=158499"}],"curies":[{"name":"wp","href":"https:\/\/api.w.org\/{rel}","templated":true}]}}