{"id":158496,"date":"2020-02-02T23:30:36","date_gmt":"2020-02-03T02:30:36","guid":{"rendered":"http:\/\/aconteceunovale.com.br\/portal\/?p=158496"},"modified":"2020-02-02T23:31:34","modified_gmt":"2020-02-03T02:31:34","slug":"governo-de-minas-reconhece-situacao-de-emergencia-em-valadares","status":"publish","type":"post","link":"https:\/\/aconteceunovale.com.br\/portal\/?p=158496","title":{"rendered":"Governo de Minas reconhece situa\u00e7\u00e3o de emerg\u00eancia em Valadares"},"content":{"rendered":"\n<p>Com as fortes chuvas e os preju\u00edzos advindos da enchente em Valadares, o governador Romeu Zema (Novo) reconheceu a situa\u00e7\u00e3o de emerg\u00eancia do munic\u00edpio, assim como de outras cidades mineiras. O reconhecimento se deu por meio da publica\u00e7\u00e3o do decreto n\u00ba 38, divulgado no Di\u00e1rio do Executivo estadual, na \u00faltima quinta-feira (30).&nbsp;<\/p>\n\n\n\n<p>O prefeito da cidade, Andr\u00e9 Merlo, decretou a situa\u00e7\u00e3o de emerg\u00eancia, na segunda-feira (27), em fun\u00e7\u00e3o das \u00e1reas inundadas e do n\u00famero de desalojados, que ultrapassou 15 mil pessoas. Cerca de 50 mil moradores de \u00e1reas ribeirinhas foram prejudicados direta e indiretamente, e mais de 500 ficaram desabrigados.<\/p>\n\n\n\n<p>O decreto, que vigorar\u00e1 por 180 dias, a partir da data da publica\u00e7\u00e3o, permite a \u201cmobiliza\u00e7\u00e3o todos os \u00f3rg\u00e3os estaduais para atuarem sob a coordena\u00e7\u00e3o da Coordenadoria Estadual da Defesa Civil, nas a\u00e7\u00f5es de resposta ao desastre e reabilita\u00e7\u00e3o do cen\u00e1rio e sua recupera\u00e7\u00e3o\u201d, al\u00e9m de \u201cdispensar de licita\u00e7\u00e3o os contratos de aquisi\u00e7\u00e3o de bens necess\u00e1rios \u00e0s atividades de resposta ao desastre de presta\u00e7\u00e3o de servi\u00e7os e de obras relacionadas com a reabilita\u00e7\u00e3o dos cen\u00e1rios afetados\u201d, diz trechos do documento.<\/p>\n\n\n\n<figure class=\"wp-block-gallery columns-1 is-cropped wp-block-gallery-1 is-layout-flex wp-block-gallery-is-layout-flex\"><ul class=\"blocks-gallery-grid\"><li class=\"blocks-gallery-item\"><figure><img loading=\"lazy\" decoding=\"async\" width=\"675\" height=\"450\" src=\"http:\/\/aconteceunovale.com.br\/portal\/wp-content\/uploads\/2020\/02\/alagamento_gv.jpg\" alt=\"\" data-id=\"158497\" class=\"wp-image-158497\" srcset=\"https:\/\/aconteceunovale.com.br\/portal\/wp-content\/uploads\/2020\/02\/alagamento_gv.jpg 675w, https:\/\/aconteceunovale.com.br\/portal\/wp-content\/uploads\/2020\/02\/alagamento_gv-300x200.jpg 300w, https:\/\/aconteceunovale.com.br\/portal\/wp-content\/uploads\/2020\/02\/alagamento_gv-630x420.jpg 630w\" sizes=\"auto, (max-width: 675px) 100vw, 675px\" \/><figcaption class=\"blocks-gallery-item__caption\"><em>Foto: Divulga\u00e7\u00e3o \/ Prefeitura de Valadares<\/em><\/figcaption><\/figure><\/li><\/ul><\/figure>\n\n\n\n<h3 class=\"wp-block-heading\"><strong>Sobre o saque do FGTS<\/strong><\/h3>\n\n\n\n<p>De acordo com a Lei 10.878\/2004 \u00e9 permitido aos trabalhadores saque do Fundo de Garantia Por Tempo de Servi\u00e7o (FGTS) \u201cem caso de necessidade pessoal, cuja urg\u00eancia e gravidade decorra de desastre natural\u201d. O valor limite \u00e9 de at\u00e9 R$6.220 por pessoa, para quem possui saldo em conta. No entanto, a libera\u00e7\u00e3o desse recurso s\u00f3 \u00e9 poss\u00edvel ap\u00f3s reconhecimento por parte do governo federal. A Prefeitura de Valadares est\u00e1 encaminhando toda a documenta\u00e7\u00e3o necess\u00e1ria para o governo federal para a homologa\u00e7\u00e3o da situa\u00e7\u00e3o de emerg\u00eancia.<\/p>\n\n\n\n<p class=\"has-text-color has-background has-very-light-gray-color has-very-dark-gray-background-color\">Quer saber as not\u00edcias do <strong>Aconteceu no Vale<\/strong> em primeira m\u00e3o? Siga-nos no Facebook <a rel=\"noreferrer noopener\" href=\"http:\/\/facebook.com\/aconteceunovale\" target=\"_blank\">@aconteceunovale<\/a>, Twitter <a rel=\"noreferrer noopener\" href=\"https:\/\/twitter.com\/noticiadosvales\" target=\"_blank\">@noticiadosvales<\/a> e Instagram <a rel=\"noreferrer noopener\" href=\"https:\/\/www.instagram.com\/aconteceunovale\" target=\"_blank\">@aconteceunovale<\/a>.<\/p>\n","protected":false},"excerpt":{"rendered":"<p>Com as fortes chuvas e os preju\u00edzos advindos da enchente em Valadares, o governador Romeu Zema (Novo) reconheceu a situa\u00e7\u00e3o de emerg\u00eancia do munic\u00edpio, assim como de outras cidades mineiras. O reconhecimento se deu por meio da publica\u00e7\u00e3o do decreto n\u00ba 38, divulgado no Di\u00e1rio do Executivo estadual, na \u00faltima quinta-feira (30).&nbsp; O prefeito da [&hellip;]<\/p>\n","protected":false},"author":1,"featured_media":158497,"comment_status":"open","ping_status":"closed","sticky":false,"template":"","format":"standard","meta":{"amp_status":"","footnotes":""},"categories":[121],"tags":[52411,74602,168829,215572,215573,1018,215551,215552,168828,32386,247,215931,52412,74703,215550,215549,215548],"class_list":["post-158496","post","type-post","status-publish","format-standard","has-post-thumbnail","hentry","category-leste","tag-abastecimento-de-agua-em-governador-valadares","tag-aumento-do-nivel-do-rio-doce","tag-cheia-do-rio-doce","tag-cheia-no-rio-doce","tag-cheia-no-rio-doce-afeta-o-abastecimento-de-agua-em-governador-valadares","tag-destaque","tag-enchente-no-rio-doce","tag-enchente-ribeirinhos-governador-valadares","tag-enchente-rio-doce","tag-falta-de-agua-em-governador-valadares","tag-governador-valadares","tag-governo-de-minas-reconhece-situacao-de-emergencia-em-valadares","tag-nivel-do-rio-doce","tag-nivel-do-rio-doce-em-governador-valadares","tag-ribeirinhos-governador-valadares","tag-rio-doce-invade-ruas-em-governador-valadares","tag-rio-doce-transborda-e-ja-atinge-ruas-de-bairros-ribeirinhos-em-governador-valadares"],"_links":{"self":[{"href":"https:\/\/aconteceunovale.com.br\/portal\/index.php?rest_route=\/wp\/v2\/posts\/158496","targetHints":{"allow":["GET"]}}],"collection":[{"href":"https:\/\/aconteceunovale.com.br\/portal\/index.php?rest_route=\/wp\/v2\/posts"}],"about":[{"href":"https:\/\/aconteceunovale.com.br\/portal\/index.php?rest_route=\/wp\/v2\/types\/post"}],"author":[{"embeddable":true,"href":"https:\/\/aconteceunovale.com.br\/portal\/index.php?rest_route=\/wp\/v2\/users\/1"}],"replies":[{"embeddable":true,"href":"https:\/\/aconteceunovale.com.br\/portal\/index.php?rest_route=%2Fwp%2Fv2%2Fcomments&post=158496"}],"version-history":[{"count":1,"href":"https:\/\/aconteceunovale.com.br\/portal\/index.php?rest_route=\/wp\/v2\/posts\/158496\/revisions"}],"predecessor-version":[{"id":158498,"href":"https:\/\/aconteceunovale.com.br\/portal\/index.php?rest_route=\/wp\/v2\/posts\/158496\/revisions\/158498"}],"wp:featuredmedia":[{"embeddable":true,"href":"https:\/\/aconteceunovale.com.br\/portal\/index.php?rest_route=\/wp\/v2\/media\/158497"}],"wp:attachment":[{"href":"https:\/\/aconteceunovale.com.br\/portal\/index.php?rest_route=%2Fwp%2Fv2%2Fmedia&parent=158496"}],"wp:term":[{"taxonomy":"category","embeddable":true,"href":"https:\/\/aconteceunovale.com.br\/portal\/index.php?rest_route=%2Fwp%2Fv2%2Fcategories&post=158496"},{"taxonomy":"post_tag","embeddable":true,"href":"https:\/\/aconteceunovale.com.br\/portal\/index.php?rest_route=%2Fwp%2Fv2%2Ftags&post=158496"}],"curies":[{"name":"wp","href":"https:\/\/api.w.org\/{rel}","templated":true}]}}