{"id":158494,"date":"2020-02-02T23:15:10","date_gmt":"2020-02-03T02:15:10","guid":{"rendered":"http:\/\/aconteceunovale.com.br\/portal\/?p=158494"},"modified":"2020-02-02T23:16:17","modified_gmt":"2020-02-03T02:16:17","slug":"backer-devera-auxiliar-vitimas-que-passam-por-tratamento-de-saude-apos-ingestao-da-cerveja-belorizontina","status":"publish","type":"post","link":"https:\/\/aconteceunovale.com.br\/portal\/?p=158494","title":{"rendered":"Backer dever\u00e1 auxiliar v\u00edtimas que passam por tratamento de sa\u00fade ap\u00f3s ingest\u00e3o da cerveja Belorizontina"},"content":{"rendered":"\n<p>O Minist\u00e9rio P\u00fablico de Minas Gerais (MPMG), por meio da 14\u00aa Promotoria de Justi\u00e7a de Defesa do Consumidor de Belo Horizonte e do Procon-MG, realizou na quinta-feira, dia 30 de janeiro, uma audi\u00eancia entre os representantes da Cervejaria Backer e os familiares de consumidores que est\u00e3o em tratamento de sa\u00fade devido ao consumo da cerveja Belorizontina.<\/p>\n\n\n\n<p>Na audi\u00eancia, os representantes das v\u00edtimas expuseram quais s\u00e3o as necessidades de custeios para o restabelecimento de seus familiares. O representante da empresa disse que a cervejaria iria disponibilizar o que estava sendo pedido. Na pr\u00f3pria reuni\u00e3o j\u00e1 foram agendados, pela empresa, os atendimentos individuais dos familiares das v\u00edtimas. Em 72 horas ap\u00f3s esse atendimento, a Backer dever\u00e1 efetivar o custeio de despesas solicitadas ou apresentar negativa fundamentada.<\/p>\n\n\n\n<p>Tamb\u00e9m ficou acordado que a cervejaria fornecer\u00e1 acompanhamento psicol\u00f3gico para as v\u00edtimas e seus familiares, de forma adequada \u00e0 necessidade de cada um.<\/p>\n\n\n\n<p>A reuni\u00e3o teve a participa\u00e7\u00e3o das promotoras de Justi\u00e7a de Defesa do Consumidor de Belo Horizonte Silvia Altaf e Vanessa Fusco, do coordenador do Procon-MG, promotor de Justi\u00e7a Amauri Artimos da Matta, e da defensora P\u00fablica Ana Luiza Arag\u00e3o Bracarense.<\/p>\n\n\n\n<p>De acordo com a promotora de Justi\u00e7a Silvia Altaf, a inten\u00e7\u00e3o foi a de tentar agilizar a assist\u00eancia \u00e0s v\u00edtimas. Ela ainda informou que os procedimentos instaurados no MPMG para apura\u00e7\u00e3o do caso continuar\u00e3o com andamento normal.<\/p>\n\n\n\n<p class=\"has-text-color has-background has-very-light-gray-color has-very-dark-gray-background-color\">Quer saber as not\u00edcias do <strong>Aconteceu no Vale<\/strong> em primeira m\u00e3o? Siga-nos no Facebook <a rel=\"noreferrer noopener\" href=\"http:\/\/facebook.com\/aconteceunovale\" target=\"_blank\">@aconteceunovale<\/a>, Twitter <a rel=\"noreferrer noopener\" href=\"https:\/\/twitter.com\/noticiadosvales\" target=\"_blank\">@noticiadosvales<\/a> e Instagram <a rel=\"noreferrer noopener\" href=\"https:\/\/www.instagram.com\/aconteceunovale\" target=\"_blank\">@aconteceunovale<\/a>.<\/p>\n","protected":false},"excerpt":{"rendered":"<p>O Minist\u00e9rio P\u00fablico de Minas Gerais (MPMG), por meio da 14\u00aa Promotoria de Justi\u00e7a de Defesa do Consumidor de Belo Horizonte e do Procon-MG, realizou na quinta-feira, dia 30 de janeiro, uma audi\u00eancia entre os representantes da Cervejaria Backer e os familiares de consumidores que est\u00e3o em tratamento de sa\u00fade devido ao consumo da cerveja [&hellip;]<\/p>\n","protected":false},"author":1,"featured_media":157194,"comment_status":"open","ping_status":"closed","sticky":false,"template":"","format":"standard","meta":{"amp_status":"","footnotes":""},"categories":[123,40242],"tags":[215930,194,215928,1017,214212,214214,215929,19674,19675,67470,211942],"class_list":["post-158494","post","type-post","status-publish","format-standard","has-post-thumbnail","hentry","category-gerais","category-saude-2","tag-backer-devera-auxiliar-vitimas-que-passam-por-tratamento-de-saude-apos-ingestao-da-cerveja-belorizontina","tag-belo-horizonte","tag-belorizontina","tag-bh","tag-cerveja-belorizontina","tag-cervejaria-backer","tag-contaminacao-da-cerveja-belorizontina","tag-ministerio-publico-de-minas-gerais","tag-mpmg","tag-procon-mg","tag-promotoria-de-justica-de-defesa-do-consumidor-de-belo-horizonte"],"_links":{"self":[{"href":"https:\/\/aconteceunovale.com.br\/portal\/index.php?rest_route=\/wp\/v2\/posts\/158494","targetHints":{"allow":["GET"]}}],"collection":[{"href":"https:\/\/aconteceunovale.com.br\/portal\/index.php?rest_route=\/wp\/v2\/posts"}],"about":[{"href":"https:\/\/aconteceunovale.com.br\/portal\/index.php?rest_route=\/wp\/v2\/types\/post"}],"author":[{"embeddable":true,"href":"https:\/\/aconteceunovale.com.br\/portal\/index.php?rest_route=\/wp\/v2\/users\/1"}],"replies":[{"embeddable":true,"href":"https:\/\/aconteceunovale.com.br\/portal\/index.php?rest_route=%2Fwp%2Fv2%2Fcomments&post=158494"}],"version-history":[{"count":1,"href":"https:\/\/aconteceunovale.com.br\/portal\/index.php?rest_route=\/wp\/v2\/posts\/158494\/revisions"}],"predecessor-version":[{"id":158495,"href":"https:\/\/aconteceunovale.com.br\/portal\/index.php?rest_route=\/wp\/v2\/posts\/158494\/revisions\/158495"}],"wp:featuredmedia":[{"embeddable":true,"href":"https:\/\/aconteceunovale.com.br\/portal\/index.php?rest_route=\/wp\/v2\/media\/157194"}],"wp:attachment":[{"href":"https:\/\/aconteceunovale.com.br\/portal\/index.php?rest_route=%2Fwp%2Fv2%2Fmedia&parent=158494"}],"wp:term":[{"taxonomy":"category","embeddable":true,"href":"https:\/\/aconteceunovale.com.br\/portal\/index.php?rest_route=%2Fwp%2Fv2%2Fcategories&post=158494"},{"taxonomy":"post_tag","embeddable":true,"href":"https:\/\/aconteceunovale.com.br\/portal\/index.php?rest_route=%2Fwp%2Fv2%2Ftags&post=158494"}],"curies":[{"name":"wp","href":"https:\/\/api.w.org\/{rel}","templated":true}]}}