{"id":158406,"date":"2020-02-01T19:41:18","date_gmt":"2020-02-01T22:41:18","guid":{"rendered":"http:\/\/aconteceunovale.com.br\/portal\/?p=158406"},"modified":"2020-02-01T19:44:09","modified_gmt":"2020-02-01T22:44:09","slug":"entenda-o-que-e-o-brexit","status":"publish","type":"post","link":"https:\/\/aconteceunovale.com.br\/portal\/?p=158406","title":{"rendered":"Entenda o que \u00e9 o Brexit"},"content":{"rendered":"\n<p>Esta semana marcou a conclus\u00e3o de um longo processo que culminou na sa\u00edda do Reino Unido da Uni\u00e3o Europeia (UE). A trajet\u00f3ria envolveu disputas intensas, um referendo, trocas de primeiros-ministros, tentativas de acordo frustradas e foi viabilizado ap\u00f3s a realiza\u00e7\u00e3o de elei\u00e7\u00f5es em dezembro do ano passado, quando o partido conservador (Tory) obteve a maioria suficiente para encaminhar o acerto para a consolida\u00e7\u00e3o do abandono.<\/p>\n\n\n\n<p>Com a sa\u00edda,&nbsp;aprovada pelo Parlamento Europeu na&nbsp;quarta-feira (29), o Reino Unido deixa de fazer jus \u00e0 condi\u00e7\u00e3o de integrante da UE, bloco que congrega agora 27 pa\u00edses. Os Estados-Membro podem realizar transa\u00e7\u00f5es comerciais livremente entre si e seus cidad\u00e3os tamb\u00e9m podem cruzar as fronteiras de cada na\u00e7\u00e3o. O bloco unificou suas moedas com o Euro, processo que teve entre as exce\u00e7\u00f5es o pr\u00f3prio Reino Unido, que manteve a libra esterlina. A Irlanda permaneceu como membro da Uni\u00e3o Europeia.<\/p>\n\n\n\n<p>A partir de hoje, at\u00e9 dezembro deste ano, o bloco e o pa\u00eds discutir\u00e3o os termos da rela\u00e7\u00e3o diplom\u00e1tica e econ\u00f4mica, as regras de circula\u00e7\u00e3o de cidad\u00e3os, as condi\u00e7\u00f5es de resid\u00eancia e trabalho, tarifas e exig\u00eancias nas trocas econ\u00f4micas, incluindo a comercializa\u00e7\u00e3o de bens e servi\u00e7os.<\/p>\n\n\n\n<figure class=\"wp-block-gallery columns-1 is-cropped wp-block-gallery-1 is-layout-flex wp-block-gallery-is-layout-flex\"><ul class=\"blocks-gallery-grid\"><li class=\"blocks-gallery-item\"><figure><img loading=\"lazy\" decoding=\"async\" width=\"675\" height=\"450\" src=\"http:\/\/aconteceunovale.com.br\/portal\/wp-content\/uploads\/2020\/02\/brexit.jpg\" alt=\"\" data-id=\"158407\" class=\"wp-image-158407\" srcset=\"https:\/\/aconteceunovale.com.br\/portal\/wp-content\/uploads\/2020\/02\/brexit.jpg 675w, https:\/\/aconteceunovale.com.br\/portal\/wp-content\/uploads\/2020\/02\/brexit-300x200.jpg 300w, https:\/\/aconteceunovale.com.br\/portal\/wp-content\/uploads\/2020\/02\/brexit-630x420.jpg 630w\" sizes=\"auto, (max-width: 675px) 100vw, 675px\" \/><figcaption class=\"blocks-gallery-item__caption\"><em>Foto:  POOL \/ Reprodu\u00e7\u00e3o Ag\u00eancia Brasil<\/em><\/figcaption><\/figure><\/li><\/ul><\/figure>\n\n\n\n<h3 class=\"wp-block-heading\">2016<\/h3>\n\n\n\n<p>O pa\u00eds se dividiu em uma intensa disputa com a realiza\u00e7\u00e3o do referendo sobre a proposta de Brexit. De um lado, conservadores argumentavam que a sa\u00edda redirecionaria recursos repassados \u00e0 UE para o Reino Unido e impediria a entrada de imigrantes. De outro lado, for\u00e7as pol\u00edticas favor\u00e1veis \u00e0 perman\u00eancia defendiam que esta trazia benef\u00edcios tanto nas rela\u00e7\u00f5es econ\u00f4micas com outros pa\u00edses quanto por meio de programas regionais que auxiliavam cidad\u00e3os e produtores.<\/p>\n\n\n\n<p>O referendo foi conclu\u00eddo com&nbsp;vit\u00f3ria apertada do Brexit, por 52% a 48%, em um pleito que teve a maior taxa de participa\u00e7\u00e3o desde 1992, com 72% dos brit\u00e2nicos indo \u00e0s urnas. O ent\u00e3o primeiro-ministro, David Cameron, renunciou em seguida.<\/p>\n\n\n\n<p>Em julho, o Partido Conservador indicou Theresa May para o posto de Cameron. A ela foi incumbida a tarefa de conduzir as negocia\u00e7\u00f5es para a concretiza\u00e7\u00e3o da sa\u00edda, com prazo de gest\u00e3o at\u00e9 2020. Boris Johnson foi indicado para o posto de principal diplomata.<\/p>\n\n\n\n<h3 class=\"wp-block-heading\">2017<\/h3>\n\n\n\n<p>A Suprema Corte do pa\u00eds define que o processo do Brexit precisa passar pelo Parlamento, confirmando decis\u00e3o tomada no fim do ano anterior.<\/p>\n\n\n\n<p>Em mar\u00e7o, a primeira-ministra Theresa May envia carta ao presidente do Conselho Europeu, Donald Tusk, disparando o per\u00edodo de dois anos de contagem regressiva para a conclus\u00e3o do Brexit, que deveria ser finalizado at\u00e9 mar\u00e7o de 2019.<\/p>\n\n\n\n<p>Em abril, Theresa May convoca novas elei\u00e7\u00f5es para junho. A aposta era tentar construir maioria para concluir as negocia\u00e7\u00f5es com a UE.<\/p>\n\n\n\n<p>No pleito, os conservadores perdem a maioria no Parlamento. O partido \u00e9 for\u00e7ado a costurar um acordo com uma legenda da Irlanda do Norte para constituir um novo governo, acerto que \u00e9 ratificado pela Rainha Elizabeth II.<\/p>\n\n\n\n<p>Em julho, as negocia\u00e7\u00f5es come\u00e7am oficialmente. Os principais pontos giravam em torno da multa a ser paga pelo Reino Unido por conta da sa\u00edda da UE, as regras de com\u00e9rcio e circula\u00e7\u00e3o p\u00f3s-sa\u00edda e a situa\u00e7\u00e3o da fronteira entre a Irlanda, que continuaria no bloco, e a Irlanda do Norte, que sairia juntamente com o Reino Unido.<\/p>\n\n\n\n<h3 class=\"wp-block-heading\">2018<\/h3>\n\n\n\n<p>As negocia\u00e7\u00f5es avan\u00e7am nos primeiros meses, ap\u00f3s o Reino Unido ceder em parte dos pontos mais pol\u00eamicos. Em mar\u00e7o um esbo\u00e7o do acordo \u00e9 publicado, mas ainda com diversos itens sem consenso. Em julho, May publica uma proposta de \u201cBrexit leve\u201d, com formas de parceria com a UE. Diversos ministros, entre eles, Boris Johson, renunciam, em protesto.<\/p>\n\n\n\n<p>Em novembro, a Uni\u00e3o Europeia aprova acordo de sa\u00edda do Reino Unido, abrindo caminho para efetivar o Brexit. O documento abordava como seriam as rela\u00e7\u00f5es entre o pa\u00eds e o bloco ap\u00f3s a conclus\u00e3o do processo, a multa a ser paga, condi\u00e7\u00f5es relativas \u00e0 fronteira da Irlanda (uma vez que o pa\u00eds continuaria membro da UE).<\/p>\n\n\n\n<h3 class=\"wp-block-heading\">2019<\/h3>\n\n\n\n<p>No in\u00edcio do ano, May coloca em vota\u00e7\u00e3o no Parlamento uma proposta de acordo, mas \u00e9 derrotada. Ela tenta novos arranjos,&nbsp;uma esp\u00e9cie de \u201cplano B\u201d.<\/p>\n\n\n\n<p>Em mar\u00e7o, uma nova proposta \u00e9 submetida \u00e0 vota\u00e7\u00e3o,&nbsp;sendo novamente derrotada. Em nova tentativa, o Parlamento&nbsp;rejeita pela terceira vez&nbsp;a minuta de acordo submetida por May.<\/p>\n\n\n\n<p>Em maio, May&nbsp;apresenta outro modelo de acordo de retirada, mas a proposta \u00e9 rejeitada tanto pela oposi\u00e7\u00e3o quanto pelos&nbsp;membros do pr\u00f3prio partido conservador. Diante das derrotas, a&nbsp;primeira-ministra renuncia ao posto.<\/p>\n\n\n\n<p>Em julho, Boris Johnson, ex-prefeito de Londres, ex-diplomata de destaque na gest\u00e3o de May e um dos cabos eleitorais mais not\u00e1veis da campanha do Brexit, \u00e9&nbsp;escolhido primeiro-ministro.&nbsp;O plano era aprovar o Brexit at\u00e9&nbsp;31 de outubro.<\/p>\n\n\n\n<p>Johnson tenta uma manobra para encaminhar a proposta. Ele solicita \u00e0 rainha a suspens\u00e3o do Parlamento,&nbsp;sendo atendido, e tenta votar o acordo durante este per\u00edodo, mas \u00e9 barrado pelos parlamentares, que desmontam a movimenta\u00e7\u00e3o. Um novo prazo \u00e9 estabelecido para o dia&nbsp;31 de janeiro. Diante de uma margem apertada no Legislativo, Johnson faz uma aposta de risco e convoca novas elei\u00e7\u00f5es para o fim do ano.<\/p>\n\n\n\n<p>O&nbsp;primeiro-ministro sai vitorioso no pleito, ganhando mais do que os 326 lugares no Parlamento necess\u00e1rios \u00e0 maioria para viabilizar o acordo. Foi uma larga vit\u00f3ria para os conservadores e uma grande derrota para os trabalhistas. L\u00edder da oposi\u00e7\u00e3o, Jeremy Corbyn anuncia, em seguida, sua ren\u00fancia.<\/p>\n\n\n\n<h2 class=\"has-vivid-red-color has-text-color wp-block-heading\">Rea\u00e7\u00f5es ao Brexit<\/h2>\n\n\n\n<p>Apoiadores do Brexit \u2013 a sa\u00edda do Reino Unido da Uni\u00e3o Europeia \u2013 reuniram-se nesta sexta-feira (31) na pra\u00e7a do Parlamento, na zona central de Londres, para comemorar a sa\u00edda do bloco econ\u00f4mico. O Big Ben, rel\u00f3gio s\u00edmbolo da capital brit\u00e2nica, soou 11 badaladas em meio a fogos e bandeiras inglesas. A sa\u00edda ocorreu exatamente \u00e0s 23h no hor\u00e1rio de Bruxelas (20h em Bras\u00edlia), e o hino nacional ingl\u00eas,&nbsp;<em>God Save the Queen&nbsp;<\/em>(<em>Deus Salve a Rainha<\/em>, em tradu\u00e7\u00e3o livre), foi executado logo ap\u00f3s a comemora\u00e7\u00e3o.<\/p>\n\n\n\n<p>Nigel Farage, membro do Parlamento europeu e l\u00edder do partido do Brexit, e um dos principais articuladores pol\u00edticos do movimento, discursou durante os minutos que antecederam a sa\u00edda. \u201cN\u00f3s conseguimos. Transformamos a paisagem do nosso pa\u00eds. Alguns dizem que n\u00e3o devemos celebrar hoje. Mas este \u00e9 o momento mais importante da hist\u00f3ria moderna [do Reino Unido]. N\u00e3o vamos mais ouvir ordens de burocratas em Bruxelas\u201d, afirmou, em tom exaltado. \u201cSeremos livres, seremos orgulhosos e seremos independentes. Todos n\u00f3s fizemos hist\u00f3ria hoje. Ser\u00e1 um dia lembrado na nossa grande na\u00e7\u00e3o e na hist\u00f3ria moderna da humanidade\u201d, concluiu.<\/p>\n\n\n\n<p>O primeiro-ministro Boris Johnson afirmou, em um v\u00eddeo publicado mais cedo, em rede social, que seu trabalho \u00e9 unir todas os grupos da sociedade, tanto os que apoiraram quanto os que rejeitaram o Brexit. Ele disse que a coopera\u00e7\u00e3o com a Uni\u00e3o Europeia ser\u00e1 o foco dos trabalhos para os 11 meses de transi\u00e7\u00e3o e que agora o Reino Unido \u201cest\u00e1 mais energ\u00e9tico\u201d e com \u201cautonomia recuperada\u201d.Tonight we are leaving the European Union.<\/p>\n\n\n\n<h6 class=\"wp-block-heading\">&#8220;<em>Esta noite estamos deixando a Uni\u00e3o Europeia<\/em>&#8220;, diz o primeiro-ministro Boris Johnson em rede social<\/h6>\n\n\n\n<p>Theresa May, ex-l\u00edder do governo e ex-primeira-ministra inglesa, disse, nas redes sociais, que \u201ca promessa ao povo ingl\u00eas foi cumprida\u201d.<\/p>\n\n\n\n<h6 class=\"wp-block-heading\">&#8220;<em>A promessa ao povo ingl\u00eas foi cumprida<\/em>&#8220;, afirmou Theresa May, que falhou na negocia\u00e7\u00e3o de um acordo para o Brexit<\/h6>\n\n\n\n<h3 class=\"wp-block-heading\">Internacional<\/h3>\n\n\n\n<p>O presidente da Fran\u00e7a,&nbsp;Emmanuel Macron, uma das vozes contr\u00e1rias \u00e0 sa\u00edda, tamb\u00e9m deixou uma mensagem sobre o momento. \u201cEste \u00e9 um dia triste. Mas \u00e9 um dia que deve nos fazer prosseguir, de forma diferente, a construir uma Uni\u00e3o Europeia poderosa e eficaz, que consiga convenc\u00ea-los [aos membros da UE] mais e redescobrir o fio desta hist\u00f3ria que faz da Europa uma aventura \u00fanica e insubstitu\u00edvel\u201d.<\/p>\n\n\n\n<h6 class=\"wp-block-heading\">&nbsp;&#8220;<em>Este \u00e9 um dia triste<\/em>&#8220;, Emmanuel Macron, presidente da Fran\u00e7a<\/h6>\n\n\n\n<p>Em discurso em Edinburgo, a primeira-ministra e l\u00edder do Partido Escoc\u00eas Nacional, Nicola Sturgeon, disse que a Esc\u00f3cia estava sendo retirada da Uni\u00e3o Europeia \u201ccontra os desejos de uma maioria esmagadora\u201d. Ela afirmou que \u201ca Esc\u00f3cia voltar\u00e1 \u00e0 Uni\u00e3o Europeia como um pa\u00eds independente\u201d.<\/p>\n\n\n\n<h6 class=\"wp-block-heading\"> &#8220;<em>Voltaremos como pa\u00eds independente<\/em>&#8220;, Nicola Sturgeon, primeira-ministra da Esc\u00f3cia <\/h6>\n\n\n\n<p class=\"has-text-color has-background has-very-light-gray-color has-very-dark-gray-background-color\">Quer saber as not\u00edcias do <strong>Aconteceu no Vale<\/strong> em primeira m\u00e3o? Siga-nos no Facebook <a rel=\"noreferrer noopener\" href=\"http:\/\/facebook.com\/aconteceunovale\" target=\"_blank\">@aconteceunovale<\/a>, Twitter <a rel=\"noreferrer noopener\" href=\"https:\/\/twitter.com\/noticiadosvales\" target=\"_blank\">@noticiadosvales<\/a> e Instagram <a rel=\"noreferrer noopener\" href=\"https:\/\/www.instagram.com\/aconteceunovale\" target=\"_blank\">@aconteceunovale<\/a>.<\/p>\n","protected":false},"excerpt":{"rendered":"<p>Esta semana marcou a conclus\u00e3o de um longo processo que culminou na sa\u00edda do Reino Unido da Uni\u00e3o Europeia (UE). A trajet\u00f3ria envolveu disputas intensas, um referendo, trocas de primeiros-ministros, tentativas de acordo frustradas e foi viabilizado ap\u00f3s a realiza\u00e7\u00e3o de elei\u00e7\u00f5es em dezembro do ano passado, quando o partido conservador (Tory) obteve a maioria [&hellip;]<\/p>\n","protected":false},"author":1,"featured_media":158407,"comment_status":"open","ping_status":"closed","sticky":false,"template":"","format":"standard","meta":{"amp_status":"","footnotes":""},"categories":[28848,40240],"tags":[215786,99595,215788,215790,215785,37790,215789,215787,150019,72588],"class_list":["post-158406","post","type-post","status-publish","format-standard","has-post-thumbnail","hentry","category-mundo","category-politica-2","tag-boris-johnson","tag-brexit","tag-brexit-reino-unido","tag-entenda-o-que-e-o-brexit","tag-o-que-e-brexit","tag-reino-unido","tag-reino-unido-deixa-uniao-europeia","tag-saida-do-reino-unido-da-uniao-europeia","tag-theresa-may","tag-uniao-europeia"],"_links":{"self":[{"href":"https:\/\/aconteceunovale.com.br\/portal\/index.php?rest_route=\/wp\/v2\/posts\/158406","targetHints":{"allow":["GET"]}}],"collection":[{"href":"https:\/\/aconteceunovale.com.br\/portal\/index.php?rest_route=\/wp\/v2\/posts"}],"about":[{"href":"https:\/\/aconteceunovale.com.br\/portal\/index.php?rest_route=\/wp\/v2\/types\/post"}],"author":[{"embeddable":true,"href":"https:\/\/aconteceunovale.com.br\/portal\/index.php?rest_route=\/wp\/v2\/users\/1"}],"replies":[{"embeddable":true,"href":"https:\/\/aconteceunovale.com.br\/portal\/index.php?rest_route=%2Fwp%2Fv2%2Fcomments&post=158406"}],"version-history":[{"count":2,"href":"https:\/\/aconteceunovale.com.br\/portal\/index.php?rest_route=\/wp\/v2\/posts\/158406\/revisions"}],"predecessor-version":[{"id":158410,"href":"https:\/\/aconteceunovale.com.br\/portal\/index.php?rest_route=\/wp\/v2\/posts\/158406\/revisions\/158410"}],"wp:featuredmedia":[{"embeddable":true,"href":"https:\/\/aconteceunovale.com.br\/portal\/index.php?rest_route=\/wp\/v2\/media\/158407"}],"wp:attachment":[{"href":"https:\/\/aconteceunovale.com.br\/portal\/index.php?rest_route=%2Fwp%2Fv2%2Fmedia&parent=158406"}],"wp:term":[{"taxonomy":"category","embeddable":true,"href":"https:\/\/aconteceunovale.com.br\/portal\/index.php?rest_route=%2Fwp%2Fv2%2Fcategories&post=158406"},{"taxonomy":"post_tag","embeddable":true,"href":"https:\/\/aconteceunovale.com.br\/portal\/index.php?rest_route=%2Fwp%2Fv2%2Ftags&post=158406"}],"curies":[{"name":"wp","href":"https:\/\/api.w.org\/{rel}","templated":true}]}}