{"id":158403,"date":"2020-02-01T19:15:38","date_gmt":"2020-02-01T22:15:38","guid":{"rendered":"http:\/\/aconteceunovale.com.br\/portal\/?p=158403"},"modified":"2020-02-01T19:16:14","modified_gmt":"2020-02-01T22:16:14","slug":"exportacao-de-cafe-deve-bater-novo-recorde-em-2020-projeta-setor","status":"publish","type":"post","link":"https:\/\/aconteceunovale.com.br\/portal\/?p=158403","title":{"rendered":"Exporta\u00e7\u00e3o de caf\u00e9 deve bater novo recorde em 2020, projeta setor"},"content":{"rendered":"\n<p>O famoso cafezinho pela manh\u00e3 ou ap\u00f3s as refei\u00e7\u00f5es faz parte da rotina de muita gente que, todos os dias, consome esse produto. Mas n\u00e3o \u00e9 s\u00f3 dentro do Brasil que a bebida faz sucesso: em 2019, o pa\u00eds exportou caf\u00e9 para 128 pa\u00edses. Foram 40,6 milh\u00f5es de sacas de 60 kg comercializadas, gerando uma movimenta\u00e7\u00e3o de US$ 5,1 bilh\u00f5es, um recorde hist\u00f3rico.<\/p>\n\n\n\n<p>Em entrevista ao portal&nbsp;Governo do Brasil, o presidente do Conselho dos Exportadores de Caf\u00e9 do Brasil (Cecaf\u00e9), Nelson Carvalhaes, afirmou que a expectativa do setor para este ano \u00e9 de repetir o feito. \u201cO Brasil \u00e9 protagonista na exporta\u00e7\u00e3o global de caf\u00e9. Ano a ano, o pa\u00eds investiu muito em produtividade, qualidade e sustentabilidade, ent\u00e3o nosso caf\u00e9 \u00e9 muito bem aceito no exterior. Temos de 38% a 40% do com\u00e9rcio global, e as expectativas continuam muito boas. Tudo indica que a pr\u00f3xima safra ser\u00e1 \u00f3tima.\u201d<\/p>\n\n\n\n<p>As proje\u00e7\u00f5es oficiais para a produ\u00e7\u00e3o tamb\u00e9m s\u00e3o boas. De acordo com a Companhia Nacional de Abastecimento (Conab), o pa\u00eds poder\u00e1 colher at\u00e9 62 milh\u00f5es de sacas de caf\u00e9 (at\u00e9 45,98 milh\u00f5es de ar\u00e1bica e at\u00e9 16,04 milh\u00f5es de conilon). No ano passado, foram 49,31 milh\u00f5es de sacas. Ainda de acordo com a Conab, a receita bruta total da produ\u00e7\u00e3o de caf\u00e9 no pa\u00eds deve atingir R$ 25,5 bilh\u00f5es, frente aos R$ 22 bilh\u00f5es da safra de 2019.<\/p>\n\n\n\n<p>Al\u00e9m da produ\u00e7\u00e3o, a demanda mundial pelo gr\u00e3o tamb\u00e9m cresce de 1,5% a 2% ao ano e, segundo Carvalhaes, ao final de 2020, o consumo global de caf\u00e9 pode chegar a 173 milh\u00f5es de sacas de 60kg \u2014 no ano passado, foram 167,9 milh\u00f5es. \u201cO Brasil trabalha para acompanhar isso. H\u00e1 um crescimento de demanda e, consecutivamente, o pa\u00eds ter\u00e1 uma forte oportunidade de aumentar seu\u00a0<em>market share,\u00a0<\/em>a participa\u00e7\u00e3o no mercado\u201d, explica.<\/p>\n\n\n\n<figure class=\"wp-block-gallery columns-1 is-cropped wp-block-gallery-1 is-layout-flex wp-block-gallery-is-layout-flex\"><ul class=\"blocks-gallery-grid\"><li class=\"blocks-gallery-item\"><figure><img loading=\"lazy\" decoding=\"async\" width=\"560\" height=\"428\" src=\"http:\/\/aconteceunovale.com.br\/portal\/wp-content\/uploads\/2020\/02\/cafe_br.png\" alt=\"\" data-id=\"158404\" class=\"wp-image-158404\" srcset=\"https:\/\/aconteceunovale.com.br\/portal\/wp-content\/uploads\/2020\/02\/cafe_br.png 560w, https:\/\/aconteceunovale.com.br\/portal\/wp-content\/uploads\/2020\/02\/cafe_br-300x229.png 300w, https:\/\/aconteceunovale.com.br\/portal\/wp-content\/uploads\/2020\/02\/cafe_br-80x60.png 80w, https:\/\/aconteceunovale.com.br\/portal\/wp-content\/uploads\/2020\/02\/cafe_br-550x420.png 550w\" sizes=\"auto, (max-width: 560px) 100vw, 560px\" \/><figcaption class=\"blocks-gallery-item__caption\"><em>Fonte: Conab<\/em><\/figcaption><\/figure><\/li><\/ul><\/figure>\n\n\n\n<h3 class=\"wp-block-heading\">Faturamento<\/h3>\n\n\n\n<p>Em 2019, as exporta\u00e7\u00f5es de caf\u00e9s brasileiros (40,6 milh\u00f5es de sacas de 60kg) foram 13,9% maiores que em 2018 (35,6 milh\u00f5es). No entanto, a receita cambial gerada nos dois anos foi semelhante e ficou em torno de US$ 5,1 bilh\u00f5es. Isso ocorreu porque o pre\u00e7o m\u00e9dio da saca, no ano passado, foi de US$ 125,49, enquanto, em 2018, a m\u00e9dia foi de US$ 144,53. O ano de 2020, por\u00e9m, come\u00e7ou com uma tend\u00eancia de melhora.<\/p>\n\n\n\n<p>\u201cTivemos pre\u00e7os baixos no mercado internacional at\u00e9 outubro de 2019. Em novembro e dezembro de 2019, assim como em janeiro de 2020, j\u00e1 houve recupera\u00e7\u00e3o. Acredito que neste ano o faturamento ser\u00e1 superior\u201d, afirma o presidente do Cecaf\u00e9.&nbsp;<\/p>\n\n\n\n<h3 class=\"wp-block-heading\">Funcaf\u00e9<\/h3>\n\n\n\n<p>Al\u00e9m de outras linhas de cr\u00e9dito rural, o produtor conta com recursos voltados especificamente \u00e0 cobertura das despesas de produ\u00e7\u00e3o das lavouras de caf\u00e9. As linhas de cr\u00e9dito do Fundo de Defesa da Economia Cafeeira (Funcaf\u00e9) financiam o custeio agr\u00edcola do produtor e a comercializa\u00e7\u00e3o para todos os agentes da cadeia.\u00a0Em 2019, foram liberados quase R$ 4 bilh\u00f5es\u00a0e, neste ano, a previs\u00e3o do Minist\u00e9rio da Agricultura \u00e9 que esse valor chegue a R$ 5,7 bilh\u00f5es.<\/p>\n\n\n\n<p>O Minist\u00e9rio da Agricultura, Pecu\u00e1ria e Abastecimento informou que, para a linha de cr\u00e9dito que atende os exportadores, destacou-se R$ 1,1 bilh\u00e3o no ano passado. O repasse, segundo a pasta, \u201ccontribuiu para a manuten\u00e7\u00e3o do fluxo de embarque ao longo dos 12 meses do ano com financiamento de estocagem do caf\u00e9.\u201d<\/p>\n\n\n\n<p>Os recursos do Funcaf\u00e9 s\u00e3o repassados \u00e0 cadeia do caf\u00e9 por meio de contratos firmados com institui\u00e7\u00f5es financeiras credenciadas a operar cr\u00e9dito Rural. Para a safra 2019\/2020, foram contratadas 33 institui\u00e7\u00f5es (22 bancos, 10 cooperativas de cr\u00e9dito e uma ag\u00eancia de fomento). Para acessar os recursos, os produtores interessados devem procurar um desses agentes para fazer a sua proposta de financiamento.<\/p>\n\n\n\n<p class=\"has-text-color has-background has-very-light-gray-color has-very-dark-gray-background-color\">Quer saber as not\u00edcias do <strong>Aconteceu no Vale<\/strong> em primeira m\u00e3o? Siga-nos no Facebook <a rel=\"noreferrer noopener\" href=\"http:\/\/facebook.com\/aconteceunovale\" target=\"_blank\">@aconteceunovale<\/a>, Twitter <a rel=\"noreferrer noopener\" href=\"https:\/\/twitter.com\/noticiadosvales\" target=\"_blank\">@noticiadosvales<\/a> e Instagram <a rel=\"noreferrer noopener\" href=\"https:\/\/www.instagram.com\/aconteceunovale\" target=\"_blank\">@aconteceunovale<\/a>.<\/p>\n","protected":false},"excerpt":{"rendered":"<p>O famoso cafezinho pela manh\u00e3 ou ap\u00f3s as refei\u00e7\u00f5es faz parte da rotina de muita gente que, todos os dias, consome esse produto. Mas n\u00e3o \u00e9 s\u00f3 dentro do Brasil que a bebida faz sucesso: em 2019, o pa\u00eds exportou caf\u00e9 para 128 pa\u00edses. Foram 40,6 milh\u00f5es de sacas de 60 kg comercializadas, gerando uma [&hellip;]<\/p>\n","protected":false},"author":1,"featured_media":12422,"comment_status":"open","ping_status":"closed","sticky":false,"template":"","format":"standard","meta":{"amp_status":"","footnotes":""},"categories":[6,28848],"tags":[48324,27202,215779,90625,29827,215784,168985,215783,55367,215781,215780,116541,215782],"class_list":["post-158403","post","type-post","status-publish","format-standard","has-post-thumbnail","hentry","category-br","category-mundo","tag-cafe-brasileiro","tag-cafe-do-brasil","tag-cafezinho","tag-cecafe","tag-conab","tag-exportacao-de-cafe-deve-bater-novo-recorde-em-2020","tag-exportacao-de-cafe-do-brasil","tag-faturamento-do-setor-cafeeiro","tag-funcafe","tag-nelson-carvalhaes","tag-producao-de-cafe-brasileira","tag-producao-de-cafe-no-brasil","tag-setor-cafeeiro"],"_links":{"self":[{"href":"https:\/\/aconteceunovale.com.br\/portal\/index.php?rest_route=\/wp\/v2\/posts\/158403","targetHints":{"allow":["GET"]}}],"collection":[{"href":"https:\/\/aconteceunovale.com.br\/portal\/index.php?rest_route=\/wp\/v2\/posts"}],"about":[{"href":"https:\/\/aconteceunovale.com.br\/portal\/index.php?rest_route=\/wp\/v2\/types\/post"}],"author":[{"embeddable":true,"href":"https:\/\/aconteceunovale.com.br\/portal\/index.php?rest_route=\/wp\/v2\/users\/1"}],"replies":[{"embeddable":true,"href":"https:\/\/aconteceunovale.com.br\/portal\/index.php?rest_route=%2Fwp%2Fv2%2Fcomments&post=158403"}],"version-history":[{"count":1,"href":"https:\/\/aconteceunovale.com.br\/portal\/index.php?rest_route=\/wp\/v2\/posts\/158403\/revisions"}],"predecessor-version":[{"id":158405,"href":"https:\/\/aconteceunovale.com.br\/portal\/index.php?rest_route=\/wp\/v2\/posts\/158403\/revisions\/158405"}],"wp:featuredmedia":[{"embeddable":true,"href":"https:\/\/aconteceunovale.com.br\/portal\/index.php?rest_route=\/wp\/v2\/media\/12422"}],"wp:attachment":[{"href":"https:\/\/aconteceunovale.com.br\/portal\/index.php?rest_route=%2Fwp%2Fv2%2Fmedia&parent=158403"}],"wp:term":[{"taxonomy":"category","embeddable":true,"href":"https:\/\/aconteceunovale.com.br\/portal\/index.php?rest_route=%2Fwp%2Fv2%2Fcategories&post=158403"},{"taxonomy":"post_tag","embeddable":true,"href":"https:\/\/aconteceunovale.com.br\/portal\/index.php?rest_route=%2Fwp%2Fv2%2Ftags&post=158403"}],"curies":[{"name":"wp","href":"https:\/\/api.w.org\/{rel}","templated":true}]}}