{"id":158400,"date":"2020-02-01T19:06:56","date_gmt":"2020-02-01T22:06:56","guid":{"rendered":"http:\/\/aconteceunovale.com.br\/portal\/?p=158400"},"modified":"2020-02-01T19:07:38","modified_gmt":"2020-02-01T22:07:38","slug":"pronaf-tera-mais-r-1-bilhao-para-investimento-em-agricultura-familiar","status":"publish","type":"post","link":"https:\/\/aconteceunovale.com.br\/portal\/?p=158400","title":{"rendered":"Pronaf ter\u00e1 mais R$ 1 bilh\u00e3o para investimento em agricultura familiar"},"content":{"rendered":"\n<p>O Programa Nacional de Fortalecimento da Agricultura Familiar (Pronaf) Mais Alimentos ter\u00e1 mais R$ 1 bilh\u00e3o em recursos para atender financiamentos solicitados por agricultores familiares. O Conselho Monet\u00e1rio Nacional (CMN) aprovou, na quarta-feira (29), o remanejamento de recursos para atender financiamentos de investimento na atual safra agr\u00edcola, que se encerra em junho deste ano.\u00a0<\/p>\n\n\n\n<p>O pedido foi feito pela ministra da Agricultura, Pecu\u00e1ria e Abastecimento, Tereza Cristina, ao Minist\u00e9rio da Economia, e a medida aprovada vale para financiamentos do programa contratados de 1\u00ba de fevereiro a 30 de junho deste ano. A decis\u00e3o do CMN se soma a medida tomada pelo Tesouro Nacional, em dezembro do ano passado, para realoca\u00e7\u00e3o de R$ 874 milh\u00f5es.&#8221;Isso mostra a vontade de investir, que o pequeno agricultor est\u00e1 acreditando no governo, nas pol\u00edticas p\u00fablicas e investindo cada vez mais&#8221;, ressaltou a ministra Tereza Cristina. O minist\u00e9rio vai acompanhar a contrata\u00e7\u00e3o dos recursos pelos pequenos agricultores.<\/p>\n\n\n\n<p>De acordo com o secret\u00e1rio de Pol\u00edtica Agr\u00edcola, Eduardo Sampaio Marques, os agricultores familiares podem usar os recursos em investimentos de longo prazo, como a constru\u00e7\u00e3o de galp\u00f5es para avicultura e suinocultura, plantio de culturas perenes, m\u00e1quinas e equipamentos, corre\u00e7\u00e3o de solo e recupera\u00e7\u00e3o de pastagem. \u201cEmbora tenhamos alocado mais recursos para essa finalidade no atual Plano Safra do que nos anos anteriores, isto \u00e9 um sinal de confian\u00e7a do produtor nas perspectivas do pa\u00eds a longo prazo\u201d, destacou o secret\u00e1rio. Ele acrescentou que o montante de R$ 1 bilh\u00e3o \u00e9 proveniente dos recursos do Pronaf Custeio.<\/p>\n\n\n\n<p>Com essas duas medidas, essa linha de investimento do Pronaf passa a contar com R$ 14,8 bilh\u00f5es, o que representa 14,5% a mais do que os recursos originalmente programados para essa finalidade (R$ 12,9 bilh\u00f5es) pelo Plano Safra 2019\/2020. \u00a0&#8220;Desta forma, esperamos que esses dois remanejamentos sejam suficientes para normalizar o fluxo de recursos para investimentos at\u00e9 o fim dessa safra\u201d, explicou o secret\u00e1rio. <\/p>\n\n\n\n<figure class=\"wp-block-gallery columns-1 is-cropped wp-block-gallery-1 is-layout-flex wp-block-gallery-is-layout-flex\"><ul class=\"blocks-gallery-grid\"><li class=\"blocks-gallery-item\"><figure><img loading=\"lazy\" decoding=\"async\" width=\"678\" height=\"381\" src=\"http:\/\/aconteceunovale.com.br\/portal\/wp-content\/uploads\/2020\/02\/recursos_pronaf.jpeg\" alt=\"\" data-id=\"158401\" class=\"wp-image-158401\" srcset=\"https:\/\/aconteceunovale.com.br\/portal\/wp-content\/uploads\/2020\/02\/recursos_pronaf.jpeg 678w, https:\/\/aconteceunovale.com.br\/portal\/wp-content\/uploads\/2020\/02\/recursos_pronaf-300x169.jpeg 300w\" sizes=\"auto, (max-width: 678px) 100vw, 678px\" \/><figcaption class=\"blocks-gallery-item__caption\"><em>Foto: Reprodu\u00e7\u00e3o \/ Governo do Brasil<\/em><\/figcaption><\/figure><\/li><\/ul><\/figure>\n\n\n\n<p class=\"has-text-color has-background has-very-light-gray-color has-very-dark-gray-background-color\">Quer saber as not\u00edcias do <strong>Aconteceu no Vale<\/strong> em primeira m\u00e3o? Siga-nos no Facebook <a rel=\"noreferrer noopener\" href=\"http:\/\/facebook.com\/aconteceunovale\" target=\"_blank\">@aconteceunovale<\/a>, Twitter <a rel=\"noreferrer noopener\" href=\"https:\/\/twitter.com\/noticiadosvales\" target=\"_blank\">@noticiadosvales<\/a> e Instagram <a rel=\"noreferrer noopener\" href=\"https:\/\/www.instagram.com\/aconteceunovale\" target=\"_blank\">@aconteceunovale<\/a>.<\/p>\n","protected":false},"excerpt":{"rendered":"<p>O Programa Nacional de Fortalecimento da Agricultura Familiar (Pronaf) Mais Alimentos ter\u00e1 mais R$ 1 bilh\u00e3o em recursos para atender financiamentos solicitados por agricultores familiares. O Conselho Monet\u00e1rio Nacional (CMN) aprovou, na quarta-feira (29), o remanejamento de recursos para atender financiamentos de investimento na atual safra agr\u00edcola, que se encerra em junho deste ano.\u00a0 O [&hellip;]<\/p>\n","protected":false},"author":1,"featured_media":158401,"comment_status":"open","ping_status":"closed","sticky":false,"template":"","format":"standard","meta":{"amp_status":"","footnotes":""},"categories":[6],"tags":[52683,215776,42349,215773,91974,184661,215775,215774,31781,32992,215777,215778,176479,136750],"class_list":["post-158400","post","type-post","status-publish","format-standard","has-post-thumbnail","hentry","category-br","tag-cmn","tag-eduardo-sampaio-marques","tag-investimento-na-agricultura-familiar","tag-mais-alimentos-pronaf","tag-ministerio-da-agricultura","tag-ministerio-da-economia","tag-politica-agricola","tag-programa-mais-alimentos","tag-programa-nacional-de-fortalecimento-da-agricultura-familiar","tag-pronaf","tag-pronaf-tera-mais-r-1-bilhao-para-investimento-em-agricultura-familiar","tag-recursos-do-pronaf","tag-tereza-cristina","tag-tesouro-nacional"],"_links":{"self":[{"href":"https:\/\/aconteceunovale.com.br\/portal\/index.php?rest_route=\/wp\/v2\/posts\/158400","targetHints":{"allow":["GET"]}}],"collection":[{"href":"https:\/\/aconteceunovale.com.br\/portal\/index.php?rest_route=\/wp\/v2\/posts"}],"about":[{"href":"https:\/\/aconteceunovale.com.br\/portal\/index.php?rest_route=\/wp\/v2\/types\/post"}],"author":[{"embeddable":true,"href":"https:\/\/aconteceunovale.com.br\/portal\/index.php?rest_route=\/wp\/v2\/users\/1"}],"replies":[{"embeddable":true,"href":"https:\/\/aconteceunovale.com.br\/portal\/index.php?rest_route=%2Fwp%2Fv2%2Fcomments&post=158400"}],"version-history":[{"count":1,"href":"https:\/\/aconteceunovale.com.br\/portal\/index.php?rest_route=\/wp\/v2\/posts\/158400\/revisions"}],"predecessor-version":[{"id":158402,"href":"https:\/\/aconteceunovale.com.br\/portal\/index.php?rest_route=\/wp\/v2\/posts\/158400\/revisions\/158402"}],"wp:featuredmedia":[{"embeddable":true,"href":"https:\/\/aconteceunovale.com.br\/portal\/index.php?rest_route=\/wp\/v2\/media\/158401"}],"wp:attachment":[{"href":"https:\/\/aconteceunovale.com.br\/portal\/index.php?rest_route=%2Fwp%2Fv2%2Fmedia&parent=158400"}],"wp:term":[{"taxonomy":"category","embeddable":true,"href":"https:\/\/aconteceunovale.com.br\/portal\/index.php?rest_route=%2Fwp%2Fv2%2Fcategories&post=158400"},{"taxonomy":"post_tag","embeddable":true,"href":"https:\/\/aconteceunovale.com.br\/portal\/index.php?rest_route=%2Fwp%2Fv2%2Ftags&post=158400"}],"curies":[{"name":"wp","href":"https:\/\/api.w.org\/{rel}","templated":true}]}}