{"id":158361,"date":"2020-01-31T00:44:56","date_gmt":"2020-01-31T03:44:56","guid":{"rendered":"http:\/\/aconteceunovale.com.br\/portal\/?p=158361"},"modified":"2020-01-31T00:47:44","modified_gmt":"2020-01-31T03:47:44","slug":"acidente-deixa-dois-mortos-no-vale-do-mucuri-2","status":"publish","type":"post","link":"https:\/\/aconteceunovale.com.br\/portal\/?p=158361","title":{"rendered":"Acidente deixa dois mortos no Vale do Mucuri"},"content":{"rendered":"\n<p>Duas pessoas morreram em um acidente no munic\u00edpio de \u00c1guas Formosas, no Vale do Mucuri, na manh\u00e3 desta quinta-feira (30\/01\/2020). Segundo informa\u00e7\u00f5es da Pol\u00edcia Militar (PM), a colis\u00e3o frontal entre uma picape Saveiro e um caminh\u00e3o aconteceu no km 43 da LMG-682.<\/p>\n\n\n\n<p>O condutor do caminh\u00e3o, de 57 anos, disse \u00e0 pol\u00edcia que no\nsentido \u00c1guas Formosas\/Machacalis quando, pr\u00f3ximo a uma curva, deparou com a picape\nna contram\u00e3o de dire\u00e7\u00e3o. O caminhoneiro afirmou que ainda tentou desviar, mas\nn\u00e3o foi poss\u00edvel evitar a colis\u00e3o. <\/p>\n\n\n\n<p>O passageiro da picape,\nidentificado como Teddy Cruz Mendes, de 20 anos, e o passageiro F\u00e1bio Viana Rodrigues,\nde 17, morreram no local do acidente. As v\u00edtimas residiam no Centro de Machacalis.\n<\/p>\n\n\n\n<p>O condutor do caminh\u00e3o foi\nsocorrido pelo SAMU (Servi\u00e7o de Atendimento M\u00f3vel de Urg\u00eancia) e encaminhado a\num hospital. Ele reclamava de dores no t\u00f3rax e joelho\ndireito.<\/p>\n\n\n\n<p>A per\u00edcia da Pol\u00edcia Civil esteve no local do acidente e, ap\u00f3s os trabalhos, liberou os corpos de Teddy e F\u00e1bio para o Instituto M\u00e9dico Legal (IML) de Te\u00f3filo Otoni. As causas do acidente ser\u00e3o investigadas.<\/p>\n\n\n\n<figure class=\"wp-block-gallery columns-1 is-cropped wp-block-gallery-1 is-layout-flex wp-block-gallery-is-layout-flex\"><ul class=\"blocks-gallery-grid\"><li class=\"blocks-gallery-item\"><figure><img loading=\"lazy\" decoding=\"async\" width=\"678\" height=\"381\" src=\"http:\/\/aconteceunovale.com.br\/portal\/wp-content\/uploads\/2020\/01\/acidente_aguas_formosas.jpg\" alt=\"\" data-id=\"158362\" class=\"wp-image-158362\" srcset=\"https:\/\/aconteceunovale.com.br\/portal\/wp-content\/uploads\/2020\/01\/acidente_aguas_formosas.jpg 678w, https:\/\/aconteceunovale.com.br\/portal\/wp-content\/uploads\/2020\/01\/acidente_aguas_formosas-300x169.jpg 300w\" sizes=\"auto, (max-width: 678px) 100vw, 678px\" \/><figcaption class=\"blocks-gallery-item__caption\"><em>Foto: Reprodu\u00e7\u00e3o \/ WhatsApp<\/em><\/figcaption><\/figure><\/li><\/ul><\/figure>\n\n\n\n<p class=\"has-text-color has-background has-very-light-gray-color has-very-dark-gray-background-color\">Quer saber as not\u00edcias do <strong>Aconteceu no Vale<\/strong> em primeira m\u00e3o? Siga-nos no Facebook <a rel=\"noreferrer noopener\" href=\"http:\/\/facebook.com\/aconteceunovale\" target=\"_blank\">@aconteceunovale<\/a>, Twitter <a rel=\"noreferrer noopener\" href=\"https:\/\/twitter.com\/noticiadosvales\" target=\"_blank\">@noticiadosvales<\/a> e Instagram <a rel=\"noreferrer noopener\" href=\"https:\/\/www.instagram.com\/aconteceunovale\" target=\"_blank\">@aconteceunovale<\/a>.<\/p>\n","protected":false},"excerpt":{"rendered":"<p>Duas pessoas morreram em um acidente no munic\u00edpio de \u00c1guas Formosas, no Vale do Mucuri, na manh\u00e3 desta quinta-feira (30\/01\/2020). Segundo informa\u00e7\u00f5es da Pol\u00edcia Militar (PM), a colis\u00e3o frontal entre uma picape Saveiro e um caminh\u00e3o aconteceu no km 43 da LMG-682. O condutor do caminh\u00e3o, de 57 anos, disse \u00e0 pol\u00edcia que no sentido [&hellip;]<\/p>\n","protected":false},"author":1,"featured_media":158362,"comment_status":"open","ping_status":"closed","sticky":false,"template":"","format":"standard","meta":{"amp_status":"","footnotes":""},"categories":[122],"tags":[215713,215707,215705,211516,37936,215708,104305,215715,215709,121955,1536,215704,1018,215710,34252,611,104303,2236,252,215712,215711,164,215714],"class_list":["post-158361","post","type-post","status-publish","format-standard","has-post-thumbnail","hentry","category-mucuri","tag-acidente-caminhao-zoomax","tag-acidente-com-moradores-de-machacalis","tag-acidente-deixa-dois-mortos-em-aguas-formosas","tag-acidente-deixa-dois-mortos-no-vale-do-mucuri","tag-acidente-em-aguas-formosas","tag-acidente-entre-saveiro-e-caminhao-em-aguas-formosas","tag-acidente-morador-de-machacalis","tag-acidente-morador-machacalis","tag-acidente-na-lmg-682-em-aguas-formosas","tag-acidente-no-municipio-de-aguas-formosas","tag-aguas-formosas","tag-colisao-entre-picape-e-caminhao-deixa-dois-mortos-no-vale-do-mucuri","tag-destaque","tag-fabio-viana-rodrigues","tag-jequitinhonha","tag-joaima","tag-lmg-682","tag-machacalis","tag-nanuque","tag-nelson-pereira-da-silva","tag-teddy-cruz-mendes","tag-teofilo-otoni","tag-zoomax"],"_links":{"self":[{"href":"https:\/\/aconteceunovale.com.br\/portal\/index.php?rest_route=\/wp\/v2\/posts\/158361","targetHints":{"allow":["GET"]}}],"collection":[{"href":"https:\/\/aconteceunovale.com.br\/portal\/index.php?rest_route=\/wp\/v2\/posts"}],"about":[{"href":"https:\/\/aconteceunovale.com.br\/portal\/index.php?rest_route=\/wp\/v2\/types\/post"}],"author":[{"embeddable":true,"href":"https:\/\/aconteceunovale.com.br\/portal\/index.php?rest_route=\/wp\/v2\/users\/1"}],"replies":[{"embeddable":true,"href":"https:\/\/aconteceunovale.com.br\/portal\/index.php?rest_route=%2Fwp%2Fv2%2Fcomments&post=158361"}],"version-history":[{"count":1,"href":"https:\/\/aconteceunovale.com.br\/portal\/index.php?rest_route=\/wp\/v2\/posts\/158361\/revisions"}],"predecessor-version":[{"id":158363,"href":"https:\/\/aconteceunovale.com.br\/portal\/index.php?rest_route=\/wp\/v2\/posts\/158361\/revisions\/158363"}],"wp:featuredmedia":[{"embeddable":true,"href":"https:\/\/aconteceunovale.com.br\/portal\/index.php?rest_route=\/wp\/v2\/media\/158362"}],"wp:attachment":[{"href":"https:\/\/aconteceunovale.com.br\/portal\/index.php?rest_route=%2Fwp%2Fv2%2Fmedia&parent=158361"}],"wp:term":[{"taxonomy":"category","embeddable":true,"href":"https:\/\/aconteceunovale.com.br\/portal\/index.php?rest_route=%2Fwp%2Fv2%2Fcategories&post=158361"},{"taxonomy":"post_tag","embeddable":true,"href":"https:\/\/aconteceunovale.com.br\/portal\/index.php?rest_route=%2Fwp%2Fv2%2Ftags&post=158361"}],"curies":[{"name":"wp","href":"https:\/\/api.w.org\/{rel}","templated":true}]}}