{"id":158359,"date":"2020-01-31T00:24:05","date_gmt":"2020-01-31T03:24:05","guid":{"rendered":"http:\/\/aconteceunovale.com.br\/portal\/?p=158359"},"modified":"2020-01-31T00:24:55","modified_gmt":"2020-01-31T03:24:55","slug":"bolsonaro-assina-medida-provisoria-que-eleva-salario-minimo-para-r-1-045","status":"publish","type":"post","link":"https:\/\/aconteceunovale.com.br\/portal\/?p=158359","title":{"rendered":"Bolsonaro assina medida provis\u00f3ria que eleva sal\u00e1rio m\u00ednimo para R$ 1.045"},"content":{"rendered":"\n<p>O presidente Jair Bolsonaro assinou nesta\u00a0quinta-feira (30) a medida provis\u00f3ria (MP) que fixa, a partir\u00a0de fevereiro\u00a0deste ano,\u00a0o sal\u00e1rio m\u00ednimo\u00a0em R$ 1.045. A mudan\u00e7a representa um aumento em rela\u00e7\u00e3o ao reajuste proposto no final do ano, j\u00e1 que o \u00edndice oficial de infla\u00e7\u00e3o usado como refer\u00eancia para o aumento foi maior do que o esperado.<\/p>\n\n\n\n<p>&#8220;O valor do sal\u00e1rio m\u00ednimo at\u00e9 ent\u00e3o vigente era de R$ 1.039,00 e fora calculado levando em conta a proje\u00e7\u00e3o do \u00cdndice Nacional de Pre\u00e7os ao Consumidor \u2013 INPC para o m\u00eas&nbsp;de dezembro&nbsp;de 2019. A altera\u00e7\u00e3o se mostra necess\u00e1ria para adequar o valor do sal\u00e1rio m\u00ednimo \u00e0 efetiva varia\u00e7\u00e3o do INPC, divulgada em&nbsp;10 de janeiro&nbsp;de 2020 pelo Banco Central. Assim o valor de R$ 1.045, que passar\u00e1 a vigorar a partir de 1\u00ba de fevereiro de 2020, manter\u00e1 o real poder de compra do sal\u00e1rio m\u00ednimo para o corrente ano&#8221;, informou o Planalto, em nota.<\/p>\n\n\n\n<p>Segundo o governo, a nova MP ser\u00e1 publicada na edi\u00e7\u00e3o desta&nbsp;sexta-feira (31) do&nbsp;<em>Di\u00e1rio Oficial da Uni\u00e3o<\/em>&nbsp;(<em>DOU<\/em>).<\/p>\n\n\n\n<p>At\u00e9 o ano passado, a pol\u00edtica de reajuste do sal\u00e1rio m\u00ednimo, aprovada em lei, previa uma corre\u00e7\u00e3o pela infla\u00e7\u00e3o mais a varia\u00e7\u00e3o do Produto Interno Bruto (PIB, soma dos bens e servi\u00e7os produzidos no pa\u00eds). Esse modelo vigorou entre 2011 e 2019. Por\u00e9m, nem sempre houve aumento real nesse per\u00edodo porque o PIB do pa\u00eds, em 2015 e 2016, registrou retra\u00e7\u00e3o, com queda de 7% nos acumulado desses dois anos.<\/p>\n\n\n\n<p>O governo estima que, para cada aumento de R$ 1 no sal\u00e1rio m\u00ednimo, as despesas elevam-se em R$ 355,5 milh\u00f5es, principalmente por causa do pagamento de benef\u00edcios da Previd\u00eancia Social, do abono salarial e do seguro-desemprego, todos atrelados ao valor do m\u00ednimo.<\/p>\n\n\n\n<p class=\"has-text-color has-background has-very-light-gray-color has-very-dark-gray-background-color\">Quer saber as not\u00edcias do <strong>Aconteceu no Vale<\/strong> em primeira m\u00e3o? Siga-nos no Facebook <a rel=\"noreferrer noopener\" href=\"http:\/\/facebook.com\/aconteceunovale\" target=\"_blank\">@aconteceunovale<\/a>, Twitter <a rel=\"noreferrer noopener\" href=\"https:\/\/twitter.com\/noticiadosvales\" target=\"_blank\">@noticiadosvales<\/a> e Instagram <a rel=\"noreferrer noopener\" href=\"https:\/\/www.instagram.com\/aconteceunovale\" target=\"_blank\">@aconteceunovale<\/a>.<\/p>\n","protected":false},"excerpt":{"rendered":"<p>O presidente Jair Bolsonaro assinou nesta\u00a0quinta-feira (30) a medida provis\u00f3ria (MP) que fixa, a partir\u00a0de fevereiro\u00a0deste ano,\u00a0o sal\u00e1rio m\u00ednimo\u00a0em R$ 1.045. A mudan\u00e7a representa um aumento em rela\u00e7\u00e3o ao reajuste proposto no final do ano, j\u00e1 que o \u00edndice oficial de infla\u00e7\u00e3o usado como refer\u00eancia para o aumento foi maior do que o esperado. &#8220;O [&hellip;]<\/p>\n","protected":false},"author":1,"featured_media":133149,"comment_status":"open","ping_status":"closed","sticky":false,"template":"","format":"standard","meta":{"amp_status":"","footnotes":""},"categories":[6],"tags":[214626,214624,100375,215703,214625,1018,214628,214623,26436,214627,28253,53605,206230,206231],"class_list":["post-158359","post","type-post","status-publish","format-standard","has-post-thumbnail","hentry","category-br","tag-aumento-do-salario","tag-aumento-do-salario-minimo","tag-bolsonaro","tag-bolsonaro-assina-medida-provisoria-que-eleva-salario-minimo-para-r-1-045","tag-correcao-do-salario-minimo","tag-destaque","tag-governo-bolsonaro-eleva-salario-minimo-para-r-1-045","tag-governo-eleva-salario-minimo-para-r-1-045","tag-jair-bolsonaro","tag-jair-bolsonaro-eleva-salario-minimo-para-r-1-045","tag-novo-salario-minimo","tag-reajuste-do-salario-minimo","tag-salario-2020","tag-salario-minimo-2020"],"_links":{"self":[{"href":"https:\/\/aconteceunovale.com.br\/portal\/index.php?rest_route=\/wp\/v2\/posts\/158359","targetHints":{"allow":["GET"]}}],"collection":[{"href":"https:\/\/aconteceunovale.com.br\/portal\/index.php?rest_route=\/wp\/v2\/posts"}],"about":[{"href":"https:\/\/aconteceunovale.com.br\/portal\/index.php?rest_route=\/wp\/v2\/types\/post"}],"author":[{"embeddable":true,"href":"https:\/\/aconteceunovale.com.br\/portal\/index.php?rest_route=\/wp\/v2\/users\/1"}],"replies":[{"embeddable":true,"href":"https:\/\/aconteceunovale.com.br\/portal\/index.php?rest_route=%2Fwp%2Fv2%2Fcomments&post=158359"}],"version-history":[{"count":1,"href":"https:\/\/aconteceunovale.com.br\/portal\/index.php?rest_route=\/wp\/v2\/posts\/158359\/revisions"}],"predecessor-version":[{"id":158360,"href":"https:\/\/aconteceunovale.com.br\/portal\/index.php?rest_route=\/wp\/v2\/posts\/158359\/revisions\/158360"}],"wp:featuredmedia":[{"embeddable":true,"href":"https:\/\/aconteceunovale.com.br\/portal\/index.php?rest_route=\/wp\/v2\/media\/133149"}],"wp:attachment":[{"href":"https:\/\/aconteceunovale.com.br\/portal\/index.php?rest_route=%2Fwp%2Fv2%2Fmedia&parent=158359"}],"wp:term":[{"taxonomy":"category","embeddable":true,"href":"https:\/\/aconteceunovale.com.br\/portal\/index.php?rest_route=%2Fwp%2Fv2%2Fcategories&post=158359"},{"taxonomy":"post_tag","embeddable":true,"href":"https:\/\/aconteceunovale.com.br\/portal\/index.php?rest_route=%2Fwp%2Fv2%2Ftags&post=158359"}],"curies":[{"name":"wp","href":"https:\/\/api.w.org\/{rel}","templated":true}]}}