{"id":158155,"date":"2020-01-26T18:50:56","date_gmt":"2020-01-26T21:50:56","guid":{"rendered":"http:\/\/aconteceunovale.com.br\/portal\/?p=158155"},"modified":"2026-08-31T22:54:40","modified_gmt":"2026-09-01T01:54:40","slug":"defesa-civil-monta-forca-tarefa-apos-forte-chuva-em-capelinha","status":"publish","type":"post","link":"https:\/\/aconteceunovale.com.br\/portal\/?p=158155","title":{"rendered":"Defesa Civil monta for\u00e7a-tarefa ap\u00f3s forte chuva em Capelinha"},"content":{"rendered":"\n<p class=\"wp-block-paragraph\">\u00c1gua, lama, vento e estragos. A forte chuva que atingiu Capelinha, no Vale do Jequitinhonha, na tarde deste domingo (26\/01\/2020), causou transtornos e preju\u00edzos. A Defesa Civil Municipal montou uma for\u00e7a-tarefa para atender aos chamados da popula\u00e7\u00e3o.<\/p>\n\n\n\n<p class=\"wp-block-paragraph\"><em>\u201cEntre os casos j\u00e1 confirmados h\u00e1 a queda do muro de uma casa, na Pra\u00e7a Norma Pimenta, e o desabamento de parte de uma casa na rua Jos\u00e9 Alves Martins, no bairro Aparecida. H\u00e1 tamb\u00e9m relatos de que a \u00e1gua invadiu casas no Jardim Aeroporto, e o desabamento de parte de uma casa na rua Pe\u00e7anha, no bairro Piedade. A princ\u00edpio, todos os casos sem feridos. A Pol\u00edcia Civil deslocou viaturas aos dois locais j\u00e1 confirmados, e a Defesa Civil j\u00e1 toma as medidas cab\u00edveis\u201d<\/em>, diz uma nota divulgada pela Prefeitura Municipal.<\/p>\n\n\n\n<p class=\"wp-block-paragraph\">A Prefeitura tamb\u00e9m orientou sobre casos de emerg\u00eancia e pediu para que os moradores n\u00e3o saiam de casa. <em>\u201cLigue 190 caso precise de ajuda e evite sair de casa durante a chuva, que poder\u00e1 continuar na cidade e em boa parte do Estado de Minas Gerais nas pr\u00f3ximas horas\u201d<\/em>, finaliza a comunicado.<\/p>\n\n\n\n<p class=\"wp-block-paragraph\">V\u00eddeos enviados para o WhatsApp do Aconteceu no Vale mostram alagamentos na regi\u00e3o Central da cidade e no Bairro Jardim Aeroporto. Moradores tamb\u00e9m registraram a for\u00e7a da enxurrada em algumas vias da cidade.<\/p>\n\n\n\n<h2 class=\"wp-block-heading\">V\u00eddeos<\/h2>\n\n\n\n<iframe loading=\"lazy\" src=\"https:\/\/www.facebook.com\/plugins\/video.php?href=https%3A%2F%2Fwww.facebook.com%2Faconteceunovale%2Fvideos%2F495490691369346%2F&#038;show_text=0&#038;width=267\" width=\"267\" height=\"476\" style=\"border:none;overflow:hidden\" scrolling=\"no\" frameborder=\"0\" allowTransparency=\"true\" allowFullScreen=\"true\"><\/iframe>\n\n\n\n<iframe loading=\"lazy\" src=\"https:\/\/www.facebook.com\/plugins\/video.php?href=https%3A%2F%2Fwww.facebook.com%2Faconteceunovale%2Fvideos%2F854354508338241%2F&#038;show_text=0&#038;width=261\" width=\"261\" height=\"476\" style=\"border:none;overflow:hidden\" scrolling=\"no\" frameborder=\"0\" allowTransparency=\"true\" allowFullScreen=\"true\"><\/iframe>\n\n\n\n<iframe loading=\"lazy\" src=\"https:\/\/www.facebook.com\/plugins\/video.php?href=https%3A%2F%2Fwww.facebook.com%2Faconteceunovale%2Fvideos%2F270636500584020%2F&#038;show_text=0&#038;width=261\" width=\"261\" height=\"476\" style=\"border:none;overflow:hidden\" scrolling=\"no\" frameborder=\"0\" allowTransparency=\"true\" allowFullScreen=\"true\"><\/iframe>\n\n\n\n<iframe loading=\"lazy\" src=\"https:\/\/www.facebook.com\/plugins\/video.php?href=https%3A%2F%2Fwww.facebook.com%2Faconteceunovale%2Fvideos%2F682213985852332%2F&#038;show_text=0&#038;width=261\" width=\"261\" height=\"476\" style=\"border:none;overflow:hidden\" scrolling=\"no\" frameborder=\"0\" allowTransparency=\"true\" allowFullScreen=\"true\"><\/iframe>\n\n\n\n<iframe loading=\"lazy\" src=\"https:\/\/www.facebook.com\/plugins\/video.php?href=https%3A%2F%2Fwww.facebook.com%2Faconteceunovale%2Fvideos%2F478669603057809%2F&#038;show_text=0&#038;width=261\" width=\"261\" height=\"476\" style=\"border:none;overflow:hidden\" scrolling=\"no\" frameborder=\"0\" allowTransparency=\"true\" allowFullScreen=\"true\"><\/iframe>\n\n\n\n<h2 class=\"wp-block-heading\">Prefeito acompanha situa\u00e7\u00e3o<\/h2>\n\n\n\n<iframe loading=\"lazy\" src=\"https:\/\/www.facebook.com\/plugins\/video.php?href=https%3A%2F%2Fwww.facebook.com%2Ftadeudocaminho%2Fvideos%2F2432843746820204%2F&#038;show_text=0&#038;width=267\" width=\"267\" height=\"476\" style=\"border:none;overflow:hidden\" scrolling=\"no\" frameborder=\"0\" allowTransparency=\"true\" allowFullScreen=\"true\"><\/iframe>\n\n\n\n<iframe loading=\"lazy\" src=\"https:\/\/www.facebook.com\/plugins\/video.php?href=https%3A%2F%2Fwww.facebook.com%2Ftadeudocaminho%2Fvideos%2F2432881543483091%2F&#038;show_text=0&#038;width=267\" width=\"267\" height=\"476\" style=\"border:none;overflow:hidden\" scrolling=\"no\" frameborder=\"0\" allowTransparency=\"true\" allowFullScreen=\"true\"><\/iframe>\n\n\n\n<p class=\"has-text-color has-background has-very-light-gray-color has-very-dark-gray-background-color wp-block-paragraph\">Quer saber as not\u00edcias do <strong>Aconteceu no Vale<\/strong> em primeira m\u00e3o? Siga-nos no Facebook <a rel=\"noreferrer noopener\" href=\"http:\/\/facebook.com\/aconteceunovale\" target=\"_blank\">@aconteceunovale<\/a>, Twitter <a rel=\"noreferrer noopener\" href=\"https:\/\/twitter.com\/noticiadosvales\" target=\"_blank\">@noticiadosvales<\/a> e Instagram <a rel=\"noreferrer noopener\" href=\"https:\/\/www.instagram.com\/aconteceunovale\" target=\"_blank\">@aconteceunovale<\/a>.<\/p>\n","protected":false},"excerpt":{"rendered":"<p>\u00c1gua, lama, vento e estragos. A forte chuva que atingiu Capelinha, no Vale do Jequitinhonha, na tarde deste domingo (26\/01\/2020), causou transtornos e preju\u00edzos. A Defesa Civil Municipal montou uma for\u00e7a-tarefa para atender aos chamados da popula\u00e7\u00e3o. \u201cEntre os casos j\u00e1 confirmados h\u00e1 a queda do muro de uma casa, na Pra\u00e7a Norma Pimenta, e [&hellip;]<\/p>\n","protected":false},"author":1,"featured_media":158169,"comment_status":"open","ping_status":"closed","sticky":false,"template":"","format":"standard","meta":{"amp_status":"","footnotes":""},"categories":[272535,120],"tags":[215563,132,75027,215410,215562,138263,215564],"class_list":["post-158155","post","type-post","status-publish","format-standard","has-post-thumbnail","hentry","category-capelinha","category-jequi","tag-alagamento-em-capelinha","tag-capelinha","tag-chuva-em-capelinha","tag-defesa-civil-de-capelinha","tag-defesa-civil-monta-forca-tarefa-apos-forte-chuva-em-capelinha","tag-forte-chuva-em-capelinha","tag-ocorrencias-chuva-em-capelinha"],"yoast_head":"<!-- This site is optimized with the Yoast SEO plugin v28.3 - https:\/\/yoast.com\/product\/yoast-seo-wordpress\/ -->\n<title>Defesa Civil monta for\u00e7a-tarefa ap\u00f3s forte chuva em Capelinha - Aconteceu no Vale<\/title>\n<meta name=\"robots\" content=\"index, follow, max-snippet:-1, max-image-preview:large, max-video-preview:-1\" \/>\n<link rel=\"canonical\" href=\"https:\/\/aconteceunovale.com.br\/portal\/?p=158155\" \/>\n<meta property=\"og:locale\" content=\"pt_BR\" \/>\n<meta property=\"og:type\" content=\"article\" \/>\n<meta property=\"og:title\" content=\"Defesa Civil monta for\u00e7a-tarefa ap\u00f3s forte chuva em Capelinha - Aconteceu no Vale\" \/>\n<meta property=\"og:description\" content=\"\u00c1gua, lama, vento e estragos. A forte chuva que atingiu Capelinha, no Vale do Jequitinhonha, na tarde deste domingo (26\/01\/2020), causou transtornos e preju\u00edzos. A Defesa Civil Municipal montou uma for\u00e7a-tarefa para atender aos chamados da popula\u00e7\u00e3o. \u201cEntre os casos j\u00e1 confirmados h\u00e1 a queda do muro de uma casa, na Pra\u00e7a Norma Pimenta, e [&hellip;]\" \/>\n<meta property=\"og:url\" content=\"https:\/\/aconteceunovale.com.br\/portal\/?p=158155\" \/>\n<meta property=\"og:site_name\" content=\"Aconteceu no Vale\" \/>\n<meta property=\"article:publisher\" content=\"https:\/\/www.facebook.com\/aconteceunovale\/\" \/>\n<meta property=\"article:published_time\" content=\"2020-01-26T21:50:56+00:00\" \/>\n<meta property=\"article:modified_time\" content=\"2026-09-01T01:54:40+00:00\" \/>\n<meta property=\"og:image\" content=\"https:\/\/aconteceunovale.com.br\/portal\/wp-content\/uploads\/2020\/01\/chuva_capelinha_1.jpg\" \/>\n\t<meta property=\"og:image:width\" content=\"678\" \/>\n\t<meta property=\"og:image:height\" content=\"381\" \/>\n\t<meta property=\"og:image:type\" content=\"image\/jpeg\" \/>\n<meta name=\"author\" content=\"Aconteceu no Vale\" \/>\n<meta name=\"twitter:card\" content=\"summary_large_image\" \/>\n<meta name=\"twitter:creator\" content=\"@noticiadosvales\" \/>\n<meta name=\"twitter:site\" content=\"@noticiadosvales\" \/>\n<meta name=\"twitter:label1\" content=\"Escrito por\" \/>\n\t<meta name=\"twitter:data1\" content=\"Aconteceu no Vale\" \/>\n\t<meta name=\"twitter:label2\" content=\"Est. tempo de leitura\" \/>\n\t<meta name=\"twitter:data2\" content=\"1 minuto\" \/>\n<script type=\"application\/ld+json\" class=\"yoast-schema-graph\">{\"@context\":\"https:\\\/\\\/schema.org\",\"@graph\":[{\"@type\":\"Article\",\"@id\":\"https:\\\/\\\/aconteceunovale.com.br\\\/portal\\\/?p=158155#article\",\"isPartOf\":{\"@id\":\"https:\\\/\\\/aconteceunovale.com.br\\\/portal\\\/?p=158155\"},\"author\":{\"name\":\"Aconteceu no Vale\",\"@id\":\"https:\\\/\\\/aconteceunovale.com.br\\\/portal\\\/#\\\/schema\\\/person\\\/633529146f2c94272bef50ac2953d589\"},\"headline\":\"Defesa Civil monta for\u00e7a-tarefa ap\u00f3s forte chuva em Capelinha\",\"datePublished\":\"2020-01-26T21:50:56+00:00\",\"dateModified\":\"2026-09-01T01:54:40+00:00\",\"mainEntityOfPage\":{\"@id\":\"https:\\\/\\\/aconteceunovale.com.br\\\/portal\\\/?p=158155\"},\"wordCount\":268,\"commentCount\":0,\"image\":{\"@id\":\"https:\\\/\\\/aconteceunovale.com.br\\\/portal\\\/?p=158155#primaryimage\"},\"thumbnailUrl\":\"https:\\\/\\\/aconteceunovale.com.br\\\/portal\\\/wp-content\\\/uploads\\\/2020\\\/01\\\/chuva_capelinha_1.jpg\",\"keywords\":[\"Alagamento em Capelinha\",\"Capelinha\",\"Chuva em Capelinha\",\"Defesa Civil de Capelinha\",\"Defesa Civil monta for\u00e7a-tarefa ap\u00f3s forte chuva em Capelinha\",\"Forte chuva em Capelinha\",\"Ocorr\u00eancias Chuva em Capelinha\"],\"articleSection\":[\"Capelinha\",\"Vale do Jequitinhonha\"],\"inLanguage\":\"pt-BR\",\"potentialAction\":[{\"@type\":\"CommentAction\",\"name\":\"Comment\",\"target\":[\"https:\\\/\\\/aconteceunovale.com.br\\\/portal\\\/?p=158155#respond\"]}]},{\"@type\":\"WebPage\",\"@id\":\"https:\\\/\\\/aconteceunovale.com.br\\\/portal\\\/?p=158155\",\"url\":\"https:\\\/\\\/aconteceunovale.com.br\\\/portal\\\/?p=158155\",\"name\":\"Defesa Civil monta for\u00e7a-tarefa ap\u00f3s forte chuva em Capelinha - Aconteceu no Vale\",\"isPartOf\":{\"@id\":\"https:\\\/\\\/aconteceunovale.com.br\\\/portal\\\/#website\"},\"primaryImageOfPage\":{\"@id\":\"https:\\\/\\\/aconteceunovale.com.br\\\/portal\\\/?p=158155#primaryimage\"},\"image\":{\"@id\":\"https:\\\/\\\/aconteceunovale.com.br\\\/portal\\\/?p=158155#primaryimage\"},\"thumbnailUrl\":\"https:\\\/\\\/aconteceunovale.com.br\\\/portal\\\/wp-content\\\/uploads\\\/2020\\\/01\\\/chuva_capelinha_1.jpg\",\"datePublished\":\"2020-01-26T21:50:56+00:00\",\"dateModified\":\"2026-09-01T01:54:40+00:00\",\"author\":{\"@id\":\"https:\\\/\\\/aconteceunovale.com.br\\\/portal\\\/#\\\/schema\\\/person\\\/633529146f2c94272bef50ac2953d589\"},\"breadcrumb\":{\"@id\":\"https:\\\/\\\/aconteceunovale.com.br\\\/portal\\\/?p=158155#breadcrumb\"},\"inLanguage\":\"pt-BR\",\"potentialAction\":[{\"@type\":\"ReadAction\",\"target\":[\"https:\\\/\\\/aconteceunovale.com.br\\\/portal\\\/?p=158155\"]}]},{\"@type\":\"ImageObject\",\"inLanguage\":\"pt-BR\",\"@id\":\"https:\\\/\\\/aconteceunovale.com.br\\\/portal\\\/?p=158155#primaryimage\",\"url\":\"https:\\\/\\\/aconteceunovale.com.br\\\/portal\\\/wp-content\\\/uploads\\\/2020\\\/01\\\/chuva_capelinha_1.jpg\",\"contentUrl\":\"https:\\\/\\\/aconteceunovale.com.br\\\/portal\\\/wp-content\\\/uploads\\\/2020\\\/01\\\/chuva_capelinha_1.jpg\",\"width\":678,\"height\":381},{\"@type\":\"BreadcrumbList\",\"@id\":\"https:\\\/\\\/aconteceunovale.com.br\\\/portal\\\/?p=158155#breadcrumb\",\"itemListElement\":[{\"@type\":\"ListItem\",\"position\":1,\"name\":\"In\u00edcio\",\"item\":\"https:\\\/\\\/aconteceunovale.com.br\\\/portal\\\/\"},{\"@type\":\"ListItem\",\"position\":2,\"name\":\"Defesa Civil monta for\u00e7a-tarefa ap\u00f3s forte chuva em Capelinha\"}]},{\"@type\":\"WebSite\",\"@id\":\"https:\\\/\\\/aconteceunovale.com.br\\\/portal\\\/#website\",\"url\":\"https:\\\/\\\/aconteceunovale.com.br\\\/portal\\\/\",\"name\":\"Aconteceu no Vale\",\"description\":\"Portal de Not\u00edcias\",\"potentialAction\":[{\"@type\":\"SearchAction\",\"target\":{\"@type\":\"EntryPoint\",\"urlTemplate\":\"https:\\\/\\\/aconteceunovale.com.br\\\/portal\\\/?s={search_term_string}\"},\"query-input\":{\"@type\":\"PropertyValueSpecification\",\"valueRequired\":true,\"valueName\":\"search_term_string\"}}],\"inLanguage\":\"pt-BR\"},{\"@type\":\"Person\",\"@id\":\"https:\\\/\\\/aconteceunovale.com.br\\\/portal\\\/#\\\/schema\\\/person\\\/633529146f2c94272bef50ac2953d589\",\"name\":\"Aconteceu no Vale\",\"description\":\"Equipe de reportagem do Aconteceu no Vale, portal de not\u00edcias do Vale do Jequitinhonha, em Minas Gerais. Cobrimos as 51 cidades do Vale desde 2013. Sugest\u00f5es de pauta e pedidos de corre\u00e7\u00e3o: contato@aconteceunovale.com.br\",\"sameAs\":[\"http:\\\/\\\/www.aconteceunovale.com.br\"],\"url\":\"https:\\\/\\\/aconteceunovale.com.br\\\/portal\\\/?author=1\"}]}<\/script>\n<!-- \/ Yoast SEO plugin. -->","yoast_head_json":{"title":"Defesa Civil monta for\u00e7a-tarefa ap\u00f3s forte chuva em Capelinha - Aconteceu no Vale","robots":{"index":"index","follow":"follow","max-snippet":"max-snippet:-1","max-image-preview":"max-image-preview:large","max-video-preview":"max-video-preview:-1"},"canonical":"https:\/\/aconteceunovale.com.br\/portal\/?p=158155","og_locale":"pt_BR","og_type":"article","og_title":"Defesa Civil monta for\u00e7a-tarefa ap\u00f3s forte chuva em Capelinha - Aconteceu no Vale","og_description":"\u00c1gua, lama, vento e estragos. A forte chuva que atingiu Capelinha, no Vale do Jequitinhonha, na tarde deste domingo (26\/01\/2020), causou transtornos e preju\u00edzos. A Defesa Civil Municipal montou uma for\u00e7a-tarefa para atender aos chamados da popula\u00e7\u00e3o. \u201cEntre os casos j\u00e1 confirmados h\u00e1 a queda do muro de uma casa, na Pra\u00e7a Norma Pimenta, e [&hellip;]","og_url":"https:\/\/aconteceunovale.com.br\/portal\/?p=158155","og_site_name":"Aconteceu no Vale","article_publisher":"https:\/\/www.facebook.com\/aconteceunovale\/","article_published_time":"2020-01-26T21:50:56+00:00","article_modified_time":"2026-09-01T01:54:40+00:00","og_image":[{"width":678,"height":381,"url":"https:\/\/aconteceunovale.com.br\/portal\/wp-content\/uploads\/2020\/01\/chuva_capelinha_1.jpg","type":"image\/jpeg"}],"author":"Aconteceu no Vale","twitter_card":"summary_large_image","twitter_creator":"@noticiadosvales","twitter_site":"@noticiadosvales","twitter_misc":{"Escrito por":"Aconteceu no Vale","Est. tempo de leitura":"1 minuto"},"schema":{"@context":"https:\/\/schema.org","@graph":[{"@type":"Article","@id":"https:\/\/aconteceunovale.com.br\/portal\/?p=158155#article","isPartOf":{"@id":"https:\/\/aconteceunovale.com.br\/portal\/?p=158155"},"author":{"name":"Aconteceu no Vale","@id":"https:\/\/aconteceunovale.com.br\/portal\/#\/schema\/person\/633529146f2c94272bef50ac2953d589"},"headline":"Defesa Civil monta for\u00e7a-tarefa ap\u00f3s forte chuva em Capelinha","datePublished":"2020-01-26T21:50:56+00:00","dateModified":"2026-09-01T01:54:40+00:00","mainEntityOfPage":{"@id":"https:\/\/aconteceunovale.com.br\/portal\/?p=158155"},"wordCount":268,"commentCount":0,"image":{"@id":"https:\/\/aconteceunovale.com.br\/portal\/?p=158155#primaryimage"},"thumbnailUrl":"https:\/\/aconteceunovale.com.br\/portal\/wp-content\/uploads\/2020\/01\/chuva_capelinha_1.jpg","keywords":["Alagamento em Capelinha","Capelinha","Chuva em Capelinha","Defesa Civil de Capelinha","Defesa Civil monta for\u00e7a-tarefa ap\u00f3s forte chuva em Capelinha","Forte chuva em Capelinha","Ocorr\u00eancias Chuva em Capelinha"],"articleSection":["Capelinha","Vale do Jequitinhonha"],"inLanguage":"pt-BR","potentialAction":[{"@type":"CommentAction","name":"Comment","target":["https:\/\/aconteceunovale.com.br\/portal\/?p=158155#respond"]}]},{"@type":"WebPage","@id":"https:\/\/aconteceunovale.com.br\/portal\/?p=158155","url":"https:\/\/aconteceunovale.com.br\/portal\/?p=158155","name":"Defesa Civil monta for\u00e7a-tarefa ap\u00f3s forte chuva em Capelinha - Aconteceu no Vale","isPartOf":{"@id":"https:\/\/aconteceunovale.com.br\/portal\/#website"},"primaryImageOfPage":{"@id":"https:\/\/aconteceunovale.com.br\/portal\/?p=158155#primaryimage"},"image":{"@id":"https:\/\/aconteceunovale.com.br\/portal\/?p=158155#primaryimage"},"thumbnailUrl":"https:\/\/aconteceunovale.com.br\/portal\/wp-content\/uploads\/2020\/01\/chuva_capelinha_1.jpg","datePublished":"2020-01-26T21:50:56+00:00","dateModified":"2026-09-01T01:54:40+00:00","author":{"@id":"https:\/\/aconteceunovale.com.br\/portal\/#\/schema\/person\/633529146f2c94272bef50ac2953d589"},"breadcrumb":{"@id":"https:\/\/aconteceunovale.com.br\/portal\/?p=158155#breadcrumb"},"inLanguage":"pt-BR","potentialAction":[{"@type":"ReadAction","target":["https:\/\/aconteceunovale.com.br\/portal\/?p=158155"]}]},{"@type":"ImageObject","inLanguage":"pt-BR","@id":"https:\/\/aconteceunovale.com.br\/portal\/?p=158155#primaryimage","url":"https:\/\/aconteceunovale.com.br\/portal\/wp-content\/uploads\/2020\/01\/chuva_capelinha_1.jpg","contentUrl":"https:\/\/aconteceunovale.com.br\/portal\/wp-content\/uploads\/2020\/01\/chuva_capelinha_1.jpg","width":678,"height":381},{"@type":"BreadcrumbList","@id":"https:\/\/aconteceunovale.com.br\/portal\/?p=158155#breadcrumb","itemListElement":[{"@type":"ListItem","position":1,"name":"In\u00edcio","item":"https:\/\/aconteceunovale.com.br\/portal\/"},{"@type":"ListItem","position":2,"name":"Defesa Civil monta for\u00e7a-tarefa ap\u00f3s forte chuva em Capelinha"}]},{"@type":"WebSite","@id":"https:\/\/aconteceunovale.com.br\/portal\/#website","url":"https:\/\/aconteceunovale.com.br\/portal\/","name":"Aconteceu no Vale","description":"Portal de Not\u00edcias","potentialAction":[{"@type":"SearchAction","target":{"@type":"EntryPoint","urlTemplate":"https:\/\/aconteceunovale.com.br\/portal\/?s={search_term_string}"},"query-input":{"@type":"PropertyValueSpecification","valueRequired":true,"valueName":"search_term_string"}}],"inLanguage":"pt-BR"},{"@type":"Person","@id":"https:\/\/aconteceunovale.com.br\/portal\/#\/schema\/person\/633529146f2c94272bef50ac2953d589","name":"Aconteceu no Vale","description":"Equipe de reportagem do Aconteceu no Vale, portal de not\u00edcias do Vale do Jequitinhonha, em Minas Gerais. Cobrimos as 51 cidades do Vale desde 2013. Sugest\u00f5es de pauta e pedidos de corre\u00e7\u00e3o: contato@aconteceunovale.com.br","sameAs":["http:\/\/www.aconteceunovale.com.br"],"url":"https:\/\/aconteceunovale.com.br\/portal\/?author=1"}]}},"_links":{"self":[{"href":"https:\/\/aconteceunovale.com.br\/portal\/index.php?rest_route=\/wp\/v2\/posts\/158155","targetHints":{"allow":["GET"]}}],"collection":[{"href":"https:\/\/aconteceunovale.com.br\/portal\/index.php?rest_route=\/wp\/v2\/posts"}],"about":[{"href":"https:\/\/aconteceunovale.com.br\/portal\/index.php?rest_route=\/wp\/v2\/types\/post"}],"author":[{"embeddable":true,"href":"https:\/\/aconteceunovale.com.br\/portal\/index.php?rest_route=\/wp\/v2\/users\/1"}],"replies":[{"embeddable":true,"href":"https:\/\/aconteceunovale.com.br\/portal\/index.php?rest_route=%2Fwp%2Fv2%2Fcomments&post=158155"}],"version-history":[{"count":4,"href":"https:\/\/aconteceunovale.com.br\/portal\/index.php?rest_route=\/wp\/v2\/posts\/158155\/revisions"}],"predecessor-version":[{"id":158175,"href":"https:\/\/aconteceunovale.com.br\/portal\/index.php?rest_route=\/wp\/v2\/posts\/158155\/revisions\/158175"}],"wp:featuredmedia":[{"embeddable":true,"href":"https:\/\/aconteceunovale.com.br\/portal\/index.php?rest_route=\/wp\/v2\/media\/158169"}],"wp:attachment":[{"href":"https:\/\/aconteceunovale.com.br\/portal\/index.php?rest_route=%2Fwp%2Fv2%2Fmedia&parent=158155"}],"wp:term":[{"taxonomy":"category","embeddable":true,"href":"https:\/\/aconteceunovale.com.br\/portal\/index.php?rest_route=%2Fwp%2Fv2%2Fcategories&post=158155"},{"taxonomy":"post_tag","embeddable":true,"href":"https:\/\/aconteceunovale.com.br\/portal\/index.php?rest_route=%2Fwp%2Fv2%2Ftags&post=158155"}],"curies":[{"name":"wp","href":"https:\/\/api.w.org\/{rel}","templated":true}]}}