{"id":158143,"date":"2020-01-26T15:12:11","date_gmt":"2020-01-26T18:12:11","guid":{"rendered":"http:\/\/aconteceunovale.com.br\/portal\/?p=158143"},"modified":"2020-01-26T15:13:35","modified_gmt":"2020-01-26T18:13:35","slug":"acidente-entre-carro-e-onibus-deixa-dois-mortos-na-br-116-no-leste-de-minas","status":"publish","type":"post","link":"https:\/\/aconteceunovale.com.br\/portal\/?p=158143","title":{"rendered":"Acidente entre carro e \u00f4nibus deixa dois mortos na BR-116, no Leste de Minas"},"content":{"rendered":"\n<p class=\"wp-block-paragraph\">Duas pessoas morreram em um acidente na BR-116, entre Santa Rita de Minas e Santa B\u00e1rbara do Leste, na tarde de s\u00e1bado (25\/01\/2020). A colis\u00e3o frontal entre um GM\/Vectra e um \u00f4nibus da Via\u00e7\u00e3o Rio Doce aconteceu na ponte sobre o c\u00f3rrego Santa Maria, conhecida como \u201cPonte do Baga\u00e7o\u201d. <\/p>\n\n\n\n<p class=\"wp-block-paragraph\">Com o forte impacto, o autom\u00f3vel se partiu ao meio e pegou fogo.\nOs dois ocupantes do ve\u00edculo, licenciado em S\u00e3o Paulo\/SP, ficaram gravemente\nferidos e morreram no local. Os documentos encontrados nos bolsos das v\u00edtimas\ns\u00e3o de Miriam Martins Chagas, de 45 anos, e Ademir Lucio Vilela, de 48. <\/p>\n\n\n\n<p class=\"wp-block-paragraph\">Os bombeiros militares foram acionados e socorreram tr\u00eas\npassageiros do \u00f4nibus com ferimentos leves. Eles foram encaminhados ao Hospital\nNossa Senhora Auxiliadora, em Caratinga. O ve\u00edculo coletivo fazia a\nlinha Caratinga\/Santa B\u00e1rbara do Leste.<\/p>\n\n\n\n<p class=\"wp-block-paragraph\">Equipes da Pol\u00edcia Rodovi\u00e1ria Federal (PRF) e da Pol\u00edcia Civil estiveram no local. As causas do acidente ser\u00e3o investigadas. <\/p>\n\n\n\n<figure class=\"wp-block-gallery columns-1 is-cropped wp-block-gallery-1 is-layout-flex wp-block-gallery-is-layout-flex\"><ul class=\"blocks-gallery-grid\"><li class=\"blocks-gallery-item\"><figure><img loading=\"lazy\" decoding=\"async\" width=\"600\" height=\"450\" src=\"http:\/\/aconteceunovale.com.br\/portal\/wp-content\/uploads\/2020\/01\/acidente_116_carro_bus_1.jpg\" alt=\"\" data-id=\"158150\" data-full-url=\"http:\/\/aconteceunovale.com.br\/portal\/wp-content\/uploads\/2020\/01\/acidente_116_carro_bus_1.jpg\" data-link=\"http:\/\/aconteceunovale.com.br\/portal\/?attachment_id=158150\" class=\"wp-image-158150\" srcset=\"https:\/\/aconteceunovale.com.br\/portal\/wp-content\/uploads\/2020\/01\/acidente_116_carro_bus_1.jpg 600w, https:\/\/aconteceunovale.com.br\/portal\/wp-content\/uploads\/2020\/01\/acidente_116_carro_bus_1-300x225.jpg 300w, https:\/\/aconteceunovale.com.br\/portal\/wp-content\/uploads\/2020\/01\/acidente_116_carro_bus_1-80x60.jpg 80w, https:\/\/aconteceunovale.com.br\/portal\/wp-content\/uploads\/2020\/01\/acidente_116_carro_bus_1-265x198.jpg 265w, https:\/\/aconteceunovale.com.br\/portal\/wp-content\/uploads\/2020\/01\/acidente_116_carro_bus_1-560x420.jpg 560w\" sizes=\"auto, (max-width: 600px) 100vw, 600px\" \/><figcaption class=\"blocks-gallery-item__caption\"><em>Foto: Reprodu\u00e7\u00e3o \/ Super Canal Caratinga<\/em><\/figcaption><\/figure><\/li><li class=\"blocks-gallery-item\"><figure><img loading=\"lazy\" decoding=\"async\" width=\"600\" height=\"450\" src=\"http:\/\/aconteceunovale.com.br\/portal\/wp-content\/uploads\/2020\/01\/acidente_116_carro_bus_2.jpg\" alt=\"\" data-id=\"158149\" data-full-url=\"http:\/\/aconteceunovale.com.br\/portal\/wp-content\/uploads\/2020\/01\/acidente_116_carro_bus_2.jpg\" data-link=\"http:\/\/aconteceunovale.com.br\/portal\/?attachment_id=158149\" class=\"wp-image-158149\" srcset=\"https:\/\/aconteceunovale.com.br\/portal\/wp-content\/uploads\/2020\/01\/acidente_116_carro_bus_2.jpg 600w, https:\/\/aconteceunovale.com.br\/portal\/wp-content\/uploads\/2020\/01\/acidente_116_carro_bus_2-300x225.jpg 300w, https:\/\/aconteceunovale.com.br\/portal\/wp-content\/uploads\/2020\/01\/acidente_116_carro_bus_2-80x60.jpg 80w, https:\/\/aconteceunovale.com.br\/portal\/wp-content\/uploads\/2020\/01\/acidente_116_carro_bus_2-265x198.jpg 265w, https:\/\/aconteceunovale.com.br\/portal\/wp-content\/uploads\/2020\/01\/acidente_116_carro_bus_2-560x420.jpg 560w\" sizes=\"auto, (max-width: 600px) 100vw, 600px\" \/><figcaption class=\"blocks-gallery-item__caption\"> <em>Foto: Reprodu\u00e7\u00e3o \/ Super Canal Caratinga<\/em> <\/figcaption><\/figure><\/li><li class=\"blocks-gallery-item\"><figure><img loading=\"lazy\" decoding=\"async\" width=\"600\" height=\"450\" src=\"http:\/\/aconteceunovale.com.br\/portal\/wp-content\/uploads\/2020\/01\/acidente_116_carro_bus_6.jpg\" alt=\"\" data-id=\"158145\" data-full-url=\"http:\/\/aconteceunovale.com.br\/portal\/wp-content\/uploads\/2020\/01\/acidente_116_carro_bus_6.jpg\" data-link=\"http:\/\/aconteceunovale.com.br\/portal\/?attachment_id=158145\" class=\"wp-image-158145\" srcset=\"https:\/\/aconteceunovale.com.br\/portal\/wp-content\/uploads\/2020\/01\/acidente_116_carro_bus_6.jpg 600w, https:\/\/aconteceunovale.com.br\/portal\/wp-content\/uploads\/2020\/01\/acidente_116_carro_bus_6-300x225.jpg 300w, https:\/\/aconteceunovale.com.br\/portal\/wp-content\/uploads\/2020\/01\/acidente_116_carro_bus_6-80x60.jpg 80w, https:\/\/aconteceunovale.com.br\/portal\/wp-content\/uploads\/2020\/01\/acidente_116_carro_bus_6-265x198.jpg 265w, https:\/\/aconteceunovale.com.br\/portal\/wp-content\/uploads\/2020\/01\/acidente_116_carro_bus_6-560x420.jpg 560w\" sizes=\"auto, (max-width: 600px) 100vw, 600px\" \/><figcaption class=\"blocks-gallery-item__caption\"> <em>Foto: Reprodu\u00e7\u00e3o \/ Super Canal Caratinga<\/em> <\/figcaption><\/figure><\/li><li class=\"blocks-gallery-item\"><figure><img loading=\"lazy\" decoding=\"async\" width=\"600\" height=\"450\" src=\"http:\/\/aconteceunovale.com.br\/portal\/wp-content\/uploads\/2020\/01\/acidente_116_carro_bus_5.jpg\" alt=\"\" data-id=\"158146\" data-full-url=\"http:\/\/aconteceunovale.com.br\/portal\/wp-content\/uploads\/2020\/01\/acidente_116_carro_bus_5.jpg\" data-link=\"http:\/\/aconteceunovale.com.br\/portal\/?attachment_id=158146\" class=\"wp-image-158146\" srcset=\"https:\/\/aconteceunovale.com.br\/portal\/wp-content\/uploads\/2020\/01\/acidente_116_carro_bus_5.jpg 600w, https:\/\/aconteceunovale.com.br\/portal\/wp-content\/uploads\/2020\/01\/acidente_116_carro_bus_5-300x225.jpg 300w, https:\/\/aconteceunovale.com.br\/portal\/wp-content\/uploads\/2020\/01\/acidente_116_carro_bus_5-80x60.jpg 80w, https:\/\/aconteceunovale.com.br\/portal\/wp-content\/uploads\/2020\/01\/acidente_116_carro_bus_5-265x198.jpg 265w, https:\/\/aconteceunovale.com.br\/portal\/wp-content\/uploads\/2020\/01\/acidente_116_carro_bus_5-560x420.jpg 560w\" sizes=\"auto, (max-width: 600px) 100vw, 600px\" \/><figcaption class=\"blocks-gallery-item__caption\"> <em>Foto: Reprodu\u00e7\u00e3o \/ Super Canal Caratinga<\/em> <\/figcaption><\/figure><\/li><li class=\"blocks-gallery-item\"><figure><img loading=\"lazy\" decoding=\"async\" width=\"600\" height=\"450\" src=\"http:\/\/aconteceunovale.com.br\/portal\/wp-content\/uploads\/2020\/01\/acidente_116_carro_bus_4.jpg\" alt=\"\" data-id=\"158147\" data-full-url=\"http:\/\/aconteceunovale.com.br\/portal\/wp-content\/uploads\/2020\/01\/acidente_116_carro_bus_4.jpg\" data-link=\"http:\/\/aconteceunovale.com.br\/portal\/?attachment_id=158147\" class=\"wp-image-158147\" srcset=\"https:\/\/aconteceunovale.com.br\/portal\/wp-content\/uploads\/2020\/01\/acidente_116_carro_bus_4.jpg 600w, https:\/\/aconteceunovale.com.br\/portal\/wp-content\/uploads\/2020\/01\/acidente_116_carro_bus_4-300x225.jpg 300w, https:\/\/aconteceunovale.com.br\/portal\/wp-content\/uploads\/2020\/01\/acidente_116_carro_bus_4-80x60.jpg 80w, https:\/\/aconteceunovale.com.br\/portal\/wp-content\/uploads\/2020\/01\/acidente_116_carro_bus_4-265x198.jpg 265w, https:\/\/aconteceunovale.com.br\/portal\/wp-content\/uploads\/2020\/01\/acidente_116_carro_bus_4-560x420.jpg 560w\" sizes=\"auto, (max-width: 600px) 100vw, 600px\" \/><figcaption class=\"blocks-gallery-item__caption\"> <em>Foto: Reprodu\u00e7\u00e3o \/ Super Canal Caratinga<\/em> <\/figcaption><\/figure><\/li><li class=\"blocks-gallery-item\"><figure><img loading=\"lazy\" decoding=\"async\" width=\"600\" height=\"450\" src=\"http:\/\/aconteceunovale.com.br\/portal\/wp-content\/uploads\/2020\/01\/acidente_116_carro_bus_3.jpg\" alt=\"\" data-id=\"158148\" data-full-url=\"http:\/\/aconteceunovale.com.br\/portal\/wp-content\/uploads\/2020\/01\/acidente_116_carro_bus_3.jpg\" data-link=\"http:\/\/aconteceunovale.com.br\/portal\/?attachment_id=158148\" class=\"wp-image-158148\" srcset=\"https:\/\/aconteceunovale.com.br\/portal\/wp-content\/uploads\/2020\/01\/acidente_116_carro_bus_3.jpg 600w, https:\/\/aconteceunovale.com.br\/portal\/wp-content\/uploads\/2020\/01\/acidente_116_carro_bus_3-300x225.jpg 300w, https:\/\/aconteceunovale.com.br\/portal\/wp-content\/uploads\/2020\/01\/acidente_116_carro_bus_3-80x60.jpg 80w, https:\/\/aconteceunovale.com.br\/portal\/wp-content\/uploads\/2020\/01\/acidente_116_carro_bus_3-265x198.jpg 265w, https:\/\/aconteceunovale.com.br\/portal\/wp-content\/uploads\/2020\/01\/acidente_116_carro_bus_3-560x420.jpg 560w\" sizes=\"auto, (max-width: 600px) 100vw, 600px\" \/><figcaption class=\"blocks-gallery-item__caption\"> <em>Foto: Reprodu\u00e7\u00e3o \/ Super Canal Caratinga<\/em> <\/figcaption><\/figure><\/li><\/ul><\/figure>\n\n\n\n<p class=\"has-text-color has-background has-very-light-gray-color has-very-dark-gray-background-color wp-block-paragraph\">Quer saber as not\u00edcias do <strong>Aconteceu no Vale<\/strong> em primeira m\u00e3o? Siga-nos no Facebook <a rel=\"noreferrer noopener\" href=\"http:\/\/facebook.com\/aconteceunovale\" target=\"_blank\">@aconteceunovale<\/a>, Twitter <a rel=\"noreferrer noopener\" href=\"https:\/\/twitter.com\/noticiadosvales\" target=\"_blank\">@noticiadosvales<\/a> e Instagram <a rel=\"noreferrer noopener\" href=\"https:\/\/www.instagram.com\/aconteceunovale\" target=\"_blank\">@aconteceunovale<\/a>.<\/p>\n","protected":false},"excerpt":{"rendered":"<p>Duas pessoas morreram em um acidente na BR-116, entre Santa Rita de Minas e Santa B\u00e1rbara do Leste, na tarde de s\u00e1bado (25\/01\/2020). A colis\u00e3o frontal entre um GM\/Vectra e um \u00f4nibus da Via\u00e7\u00e3o Rio Doce aconteceu na ponte sobre o c\u00f3rrego Santa Maria, conhecida como \u201cPonte do Baga\u00e7o\u201d. Com o forte impacto, o autom\u00f3vel [&hellip;]<\/p>\n","protected":false},"author":1,"featured_media":158150,"comment_status":"open","ping_status":"closed","sticky":false,"template":"","format":"standard","meta":{"amp_status":"","footnotes":""},"categories":[121],"tags":[167973,215558,145252,215559,215555,208759,215556,3945,215557,214906,184951,215561,182,237,215560,311,313,2382],"class_list":["post-158143","post","type-post","status-publish","format-standard","has-post-thumbnail","hentry","category-leste","tag-acidente-com-onibus-da-rio-doce","tag-acidente-com-onibus-da-rio-doce-em-br-116","tag-acidente-com-onibus-da-viacao-rio-doce","tag-acidente-com-vectra-de-sao-paulo-na-br-116","tag-acidente-entre-carro-e-onibus-deixa-dois-mortos-na-br-116","tag-acidente-entre-carro-e-onibus-na-br-116","tag-acidente-entre-santa-rita-de-minas-e-santa-barbara-do-leste","tag-acidente-na-br-116","tag-acidente-na-br-116-entre-santa-rita-de-minas-e-santa-barbara-do-leste","tag-acidente-na-br-116-perto-de-caratinga","tag-acidente-perto-de-caratinga","tag-ademir-lucio-vilela","tag-br-116","tag-caratinga","tag-miriam-martins-chagas","tag-santa-barbara-do-leste","tag-santa-rita-de-minas","tag-sao-paulo"],"yoast_head":"<!-- This site is optimized with the Yoast SEO plugin v28.3 - https:\/\/yoast.com\/product\/yoast-seo-wordpress\/ -->\n<title>Acidente entre carro e \u00f4nibus deixa dois mortos na BR-116, no Leste de Minas - Aconteceu no Vale<\/title>\n<meta name=\"robots\" content=\"index, follow, max-snippet:-1, max-image-preview:large, max-video-preview:-1\" \/>\n<link rel=\"canonical\" href=\"https:\/\/aconteceunovale.com.br\/portal\/?p=158143\" \/>\n<meta property=\"og:locale\" content=\"pt_BR\" \/>\n<meta property=\"og:type\" content=\"article\" \/>\n<meta property=\"og:title\" content=\"Acidente entre carro e \u00f4nibus deixa dois mortos na BR-116, no Leste de Minas - Aconteceu no Vale\" \/>\n<meta property=\"og:description\" content=\"Duas pessoas morreram em um acidente na BR-116, entre Santa Rita de Minas e Santa B\u00e1rbara do Leste, na tarde de s\u00e1bado (25\/01\/2020). A colis\u00e3o frontal entre um GM\/Vectra e um \u00f4nibus da Via\u00e7\u00e3o Rio Doce aconteceu na ponte sobre o c\u00f3rrego Santa Maria, conhecida como \u201cPonte do Baga\u00e7o\u201d. Com o forte impacto, o autom\u00f3vel [&hellip;]\" \/>\n<meta property=\"og:url\" content=\"https:\/\/aconteceunovale.com.br\/portal\/?p=158143\" \/>\n<meta property=\"og:site_name\" content=\"Aconteceu no Vale\" \/>\n<meta property=\"article:publisher\" content=\"https:\/\/www.facebook.com\/aconteceunovale\/\" \/>\n<meta property=\"article:published_time\" content=\"2020-01-26T18:12:11+00:00\" \/>\n<meta property=\"article:modified_time\" content=\"2020-01-26T18:13:35+00:00\" \/>\n<meta property=\"og:image\" content=\"https:\/\/aconteceunovale.com.br\/portal\/wp-content\/uploads\/2020\/01\/acidente_116_carro_bus_1.jpg\" \/>\n\t<meta property=\"og:image:width\" content=\"600\" \/>\n\t<meta property=\"og:image:height\" content=\"450\" \/>\n\t<meta property=\"og:image:type\" content=\"image\/jpeg\" \/>\n<meta name=\"author\" content=\"Aconteceu no Vale\" \/>\n<meta name=\"twitter:card\" content=\"summary_large_image\" \/>\n<meta name=\"twitter:creator\" content=\"@noticiadosvales\" \/>\n<meta name=\"twitter:site\" content=\"@noticiadosvales\" \/>\n<meta name=\"twitter:label1\" content=\"Escrito por\" \/>\n\t<meta name=\"twitter:data1\" content=\"Aconteceu no Vale\" \/>\n\t<meta name=\"twitter:label2\" content=\"Est. tempo de leitura\" \/>\n\t<meta name=\"twitter:data2\" content=\"1 minuto\" \/>\n<script type=\"application\/ld+json\" class=\"yoast-schema-graph\">{\"@context\":\"https:\\\/\\\/schema.org\",\"@graph\":[{\"@type\":\"Article\",\"@id\":\"https:\\\/\\\/aconteceunovale.com.br\\\/portal\\\/?p=158143#article\",\"isPartOf\":{\"@id\":\"https:\\\/\\\/aconteceunovale.com.br\\\/portal\\\/?p=158143\"},\"author\":{\"name\":\"Aconteceu no Vale\",\"@id\":\"https:\\\/\\\/aconteceunovale.com.br\\\/portal\\\/#\\\/schema\\\/person\\\/633529146f2c94272bef50ac2953d589\"},\"headline\":\"Acidente entre carro e \u00f4nibus deixa dois mortos na BR-116, no Leste de Minas\",\"datePublished\":\"2020-01-26T18:12:11+00:00\",\"dateModified\":\"2020-01-26T18:13:35+00:00\",\"mainEntityOfPage\":{\"@id\":\"https:\\\/\\\/aconteceunovale.com.br\\\/portal\\\/?p=158143\"},\"wordCount\":242,\"commentCount\":0,\"image\":{\"@id\":\"https:\\\/\\\/aconteceunovale.com.br\\\/portal\\\/?p=158143#primaryimage\"},\"thumbnailUrl\":\"https:\\\/\\\/aconteceunovale.com.br\\\/portal\\\/wp-content\\\/uploads\\\/2020\\\/01\\\/acidente_116_carro_bus_1.jpg\",\"keywords\":[\"Acidente com \u00f4nibus da Rio Doce\",\"Acidente com \u00f4nibus da Rio Doce em BR-116\",\"Acidente com \u00f4nibus da Via\u00e7\u00e3o Rio Doce\",\"Acidente com Vectra de S\u00e3o Paulo na BR-116\",\"Acidente entre carro e \u00f4nibus deixa dois mortos na BR-116\",\"Acidente entre carro e \u00f4nibus na BR-116\",\"Acidente entre Santa Rita de Minas e Santa B\u00e1rbara do Leste\",\"acidente na br-116\",\"Acidente na BR-116 entre Santa Rita de Minas e Santa B\u00e1rbara do Leste\",\"Acidente na BR-116 perto de Caratinga\",\"Acidente perto de Caratinga\",\"Ademir Lucio Vilela\",\"BR-116\",\"Caratinga\",\"Miriam Martins Chagas\",\"Santa B\u00e1rbara do Leste\",\"Santa Rita de Minas\",\"S\u00e3o Paulo\"],\"articleSection\":[\"Leste de Minas\"],\"inLanguage\":\"pt-BR\",\"potentialAction\":[{\"@type\":\"CommentAction\",\"name\":\"Comment\",\"target\":[\"https:\\\/\\\/aconteceunovale.com.br\\\/portal\\\/?p=158143#respond\"]}]},{\"@type\":\"WebPage\",\"@id\":\"https:\\\/\\\/aconteceunovale.com.br\\\/portal\\\/?p=158143\",\"url\":\"https:\\\/\\\/aconteceunovale.com.br\\\/portal\\\/?p=158143\",\"name\":\"Acidente entre carro e \u00f4nibus deixa dois mortos na BR-116, no Leste de Minas - Aconteceu no Vale\",\"isPartOf\":{\"@id\":\"https:\\\/\\\/aconteceunovale.com.br\\\/portal\\\/#website\"},\"primaryImageOfPage\":{\"@id\":\"https:\\\/\\\/aconteceunovale.com.br\\\/portal\\\/?p=158143#primaryimage\"},\"image\":{\"@id\":\"https:\\\/\\\/aconteceunovale.com.br\\\/portal\\\/?p=158143#primaryimage\"},\"thumbnailUrl\":\"https:\\\/\\\/aconteceunovale.com.br\\\/portal\\\/wp-content\\\/uploads\\\/2020\\\/01\\\/acidente_116_carro_bus_1.jpg\",\"datePublished\":\"2020-01-26T18:12:11+00:00\",\"dateModified\":\"2020-01-26T18:13:35+00:00\",\"author\":{\"@id\":\"https:\\\/\\\/aconteceunovale.com.br\\\/portal\\\/#\\\/schema\\\/person\\\/633529146f2c94272bef50ac2953d589\"},\"breadcrumb\":{\"@id\":\"https:\\\/\\\/aconteceunovale.com.br\\\/portal\\\/?p=158143#breadcrumb\"},\"inLanguage\":\"pt-BR\",\"potentialAction\":[{\"@type\":\"ReadAction\",\"target\":[\"https:\\\/\\\/aconteceunovale.com.br\\\/portal\\\/?p=158143\"]}]},{\"@type\":\"ImageObject\",\"inLanguage\":\"pt-BR\",\"@id\":\"https:\\\/\\\/aconteceunovale.com.br\\\/portal\\\/?p=158143#primaryimage\",\"url\":\"https:\\\/\\\/aconteceunovale.com.br\\\/portal\\\/wp-content\\\/uploads\\\/2020\\\/01\\\/acidente_116_carro_bus_1.jpg\",\"contentUrl\":\"https:\\\/\\\/aconteceunovale.com.br\\\/portal\\\/wp-content\\\/uploads\\\/2020\\\/01\\\/acidente_116_carro_bus_1.jpg\",\"width\":600,\"height\":450},{\"@type\":\"BreadcrumbList\",\"@id\":\"https:\\\/\\\/aconteceunovale.com.br\\\/portal\\\/?p=158143#breadcrumb\",\"itemListElement\":[{\"@type\":\"ListItem\",\"position\":1,\"name\":\"In\u00edcio\",\"item\":\"https:\\\/\\\/aconteceunovale.com.br\\\/portal\\\/\"},{\"@type\":\"ListItem\",\"position\":2,\"name\":\"Acidente entre carro e \u00f4nibus deixa dois mortos na BR-116, no Leste de Minas\"}]},{\"@type\":\"WebSite\",\"@id\":\"https:\\\/\\\/aconteceunovale.com.br\\\/portal\\\/#website\",\"url\":\"https:\\\/\\\/aconteceunovale.com.br\\\/portal\\\/\",\"name\":\"Aconteceu no Vale\",\"description\":\"Portal de Not\u00edcias\",\"potentialAction\":[{\"@type\":\"SearchAction\",\"target\":{\"@type\":\"EntryPoint\",\"urlTemplate\":\"https:\\\/\\\/aconteceunovale.com.br\\\/portal\\\/?s={search_term_string}\"},\"query-input\":{\"@type\":\"PropertyValueSpecification\",\"valueRequired\":true,\"valueName\":\"search_term_string\"}}],\"inLanguage\":\"pt-BR\"},{\"@type\":\"Person\",\"@id\":\"https:\\\/\\\/aconteceunovale.com.br\\\/portal\\\/#\\\/schema\\\/person\\\/633529146f2c94272bef50ac2953d589\",\"name\":\"Aconteceu no Vale\",\"description\":\"Equipe de reportagem do Aconteceu no Vale, portal de not\u00edcias do Vale do Jequitinhonha, em Minas Gerais. Cobrimos as 51 cidades do Vale desde 2013. Sugest\u00f5es de pauta e pedidos de corre\u00e7\u00e3o: contato@aconteceunovale.com.br\",\"sameAs\":[\"http:\\\/\\\/www.aconteceunovale.com.br\"],\"url\":\"https:\\\/\\\/aconteceunovale.com.br\\\/portal\\\/?author=1\"}]}<\/script>\n<!-- \/ Yoast SEO plugin. -->","yoast_head_json":{"title":"Acidente entre carro e \u00f4nibus deixa dois mortos na BR-116, no Leste de Minas - Aconteceu no Vale","robots":{"index":"index","follow":"follow","max-snippet":"max-snippet:-1","max-image-preview":"max-image-preview:large","max-video-preview":"max-video-preview:-1"},"canonical":"https:\/\/aconteceunovale.com.br\/portal\/?p=158143","og_locale":"pt_BR","og_type":"article","og_title":"Acidente entre carro e \u00f4nibus deixa dois mortos na BR-116, no Leste de Minas - Aconteceu no Vale","og_description":"Duas pessoas morreram em um acidente na BR-116, entre Santa Rita de Minas e Santa B\u00e1rbara do Leste, na tarde de s\u00e1bado (25\/01\/2020). A colis\u00e3o frontal entre um GM\/Vectra e um \u00f4nibus da Via\u00e7\u00e3o Rio Doce aconteceu na ponte sobre o c\u00f3rrego Santa Maria, conhecida como \u201cPonte do Baga\u00e7o\u201d. Com o forte impacto, o autom\u00f3vel [&hellip;]","og_url":"https:\/\/aconteceunovale.com.br\/portal\/?p=158143","og_site_name":"Aconteceu no Vale","article_publisher":"https:\/\/www.facebook.com\/aconteceunovale\/","article_published_time":"2020-01-26T18:12:11+00:00","article_modified_time":"2020-01-26T18:13:35+00:00","og_image":[{"width":600,"height":450,"url":"https:\/\/aconteceunovale.com.br\/portal\/wp-content\/uploads\/2020\/01\/acidente_116_carro_bus_1.jpg","type":"image\/jpeg"}],"author":"Aconteceu no Vale","twitter_card":"summary_large_image","twitter_creator":"@noticiadosvales","twitter_site":"@noticiadosvales","twitter_misc":{"Escrito por":"Aconteceu no Vale","Est. tempo de leitura":"1 minuto"},"schema":{"@context":"https:\/\/schema.org","@graph":[{"@type":"Article","@id":"https:\/\/aconteceunovale.com.br\/portal\/?p=158143#article","isPartOf":{"@id":"https:\/\/aconteceunovale.com.br\/portal\/?p=158143"},"author":{"name":"Aconteceu no Vale","@id":"https:\/\/aconteceunovale.com.br\/portal\/#\/schema\/person\/633529146f2c94272bef50ac2953d589"},"headline":"Acidente entre carro e \u00f4nibus deixa dois mortos na BR-116, no Leste de Minas","datePublished":"2020-01-26T18:12:11+00:00","dateModified":"2020-01-26T18:13:35+00:00","mainEntityOfPage":{"@id":"https:\/\/aconteceunovale.com.br\/portal\/?p=158143"},"wordCount":242,"commentCount":0,"image":{"@id":"https:\/\/aconteceunovale.com.br\/portal\/?p=158143#primaryimage"},"thumbnailUrl":"https:\/\/aconteceunovale.com.br\/portal\/wp-content\/uploads\/2020\/01\/acidente_116_carro_bus_1.jpg","keywords":["Acidente com \u00f4nibus da Rio Doce","Acidente com \u00f4nibus da Rio Doce em BR-116","Acidente com \u00f4nibus da Via\u00e7\u00e3o Rio Doce","Acidente com Vectra de S\u00e3o Paulo na BR-116","Acidente entre carro e \u00f4nibus deixa dois mortos na BR-116","Acidente entre carro e \u00f4nibus na BR-116","Acidente entre Santa Rita de Minas e Santa B\u00e1rbara do Leste","acidente na br-116","Acidente na BR-116 entre Santa Rita de Minas e Santa B\u00e1rbara do Leste","Acidente na BR-116 perto de Caratinga","Acidente perto de Caratinga","Ademir Lucio Vilela","BR-116","Caratinga","Miriam Martins Chagas","Santa B\u00e1rbara do Leste","Santa Rita de Minas","S\u00e3o Paulo"],"articleSection":["Leste de Minas"],"inLanguage":"pt-BR","potentialAction":[{"@type":"CommentAction","name":"Comment","target":["https:\/\/aconteceunovale.com.br\/portal\/?p=158143#respond"]}]},{"@type":"WebPage","@id":"https:\/\/aconteceunovale.com.br\/portal\/?p=158143","url":"https:\/\/aconteceunovale.com.br\/portal\/?p=158143","name":"Acidente entre carro e \u00f4nibus deixa dois mortos na BR-116, no Leste de Minas - Aconteceu no Vale","isPartOf":{"@id":"https:\/\/aconteceunovale.com.br\/portal\/#website"},"primaryImageOfPage":{"@id":"https:\/\/aconteceunovale.com.br\/portal\/?p=158143#primaryimage"},"image":{"@id":"https:\/\/aconteceunovale.com.br\/portal\/?p=158143#primaryimage"},"thumbnailUrl":"https:\/\/aconteceunovale.com.br\/portal\/wp-content\/uploads\/2020\/01\/acidente_116_carro_bus_1.jpg","datePublished":"2020-01-26T18:12:11+00:00","dateModified":"2020-01-26T18:13:35+00:00","author":{"@id":"https:\/\/aconteceunovale.com.br\/portal\/#\/schema\/person\/633529146f2c94272bef50ac2953d589"},"breadcrumb":{"@id":"https:\/\/aconteceunovale.com.br\/portal\/?p=158143#breadcrumb"},"inLanguage":"pt-BR","potentialAction":[{"@type":"ReadAction","target":["https:\/\/aconteceunovale.com.br\/portal\/?p=158143"]}]},{"@type":"ImageObject","inLanguage":"pt-BR","@id":"https:\/\/aconteceunovale.com.br\/portal\/?p=158143#primaryimage","url":"https:\/\/aconteceunovale.com.br\/portal\/wp-content\/uploads\/2020\/01\/acidente_116_carro_bus_1.jpg","contentUrl":"https:\/\/aconteceunovale.com.br\/portal\/wp-content\/uploads\/2020\/01\/acidente_116_carro_bus_1.jpg","width":600,"height":450},{"@type":"BreadcrumbList","@id":"https:\/\/aconteceunovale.com.br\/portal\/?p=158143#breadcrumb","itemListElement":[{"@type":"ListItem","position":1,"name":"In\u00edcio","item":"https:\/\/aconteceunovale.com.br\/portal\/"},{"@type":"ListItem","position":2,"name":"Acidente entre carro e \u00f4nibus deixa dois mortos na BR-116, no Leste de Minas"}]},{"@type":"WebSite","@id":"https:\/\/aconteceunovale.com.br\/portal\/#website","url":"https:\/\/aconteceunovale.com.br\/portal\/","name":"Aconteceu no Vale","description":"Portal de Not\u00edcias","potentialAction":[{"@type":"SearchAction","target":{"@type":"EntryPoint","urlTemplate":"https:\/\/aconteceunovale.com.br\/portal\/?s={search_term_string}"},"query-input":{"@type":"PropertyValueSpecification","valueRequired":true,"valueName":"search_term_string"}}],"inLanguage":"pt-BR"},{"@type":"Person","@id":"https:\/\/aconteceunovale.com.br\/portal\/#\/schema\/person\/633529146f2c94272bef50ac2953d589","name":"Aconteceu no Vale","description":"Equipe de reportagem do Aconteceu no Vale, portal de not\u00edcias do Vale do Jequitinhonha, em Minas Gerais. Cobrimos as 51 cidades do Vale desde 2013. Sugest\u00f5es de pauta e pedidos de corre\u00e7\u00e3o: contato@aconteceunovale.com.br","sameAs":["http:\/\/www.aconteceunovale.com.br"],"url":"https:\/\/aconteceunovale.com.br\/portal\/?author=1"}]}},"_links":{"self":[{"href":"https:\/\/aconteceunovale.com.br\/portal\/index.php?rest_route=\/wp\/v2\/posts\/158143","targetHints":{"allow":["GET"]}}],"collection":[{"href":"https:\/\/aconteceunovale.com.br\/portal\/index.php?rest_route=\/wp\/v2\/posts"}],"about":[{"href":"https:\/\/aconteceunovale.com.br\/portal\/index.php?rest_route=\/wp\/v2\/types\/post"}],"author":[{"embeddable":true,"href":"https:\/\/aconteceunovale.com.br\/portal\/index.php?rest_route=\/wp\/v2\/users\/1"}],"replies":[{"embeddable":true,"href":"https:\/\/aconteceunovale.com.br\/portal\/index.php?rest_route=%2Fwp%2Fv2%2Fcomments&post=158143"}],"version-history":[{"count":1,"href":"https:\/\/aconteceunovale.com.br\/portal\/index.php?rest_route=\/wp\/v2\/posts\/158143\/revisions"}],"predecessor-version":[{"id":158151,"href":"https:\/\/aconteceunovale.com.br\/portal\/index.php?rest_route=\/wp\/v2\/posts\/158143\/revisions\/158151"}],"wp:featuredmedia":[{"embeddable":true,"href":"https:\/\/aconteceunovale.com.br\/portal\/index.php?rest_route=\/wp\/v2\/media\/158150"}],"wp:attachment":[{"href":"https:\/\/aconteceunovale.com.br\/portal\/index.php?rest_route=%2Fwp%2Fv2%2Fmedia&parent=158143"}],"wp:term":[{"taxonomy":"category","embeddable":true,"href":"https:\/\/aconteceunovale.com.br\/portal\/index.php?rest_route=%2Fwp%2Fv2%2Fcategories&post=158143"},{"taxonomy":"post_tag","embeddable":true,"href":"https:\/\/aconteceunovale.com.br\/portal\/index.php?rest_route=%2Fwp%2Fv2%2Ftags&post=158143"}],"curies":[{"name":"wp","href":"https:\/\/api.w.org\/{rel}","templated":true}]}}