{"id":158130,"date":"2020-01-26T12:30:27","date_gmt":"2020-01-26T15:30:27","guid":{"rendered":"http:\/\/aconteceunovale.com.br\/portal\/?p=158130"},"modified":"2020-01-26T19:27:11","modified_gmt":"2020-01-26T22:27:11","slug":"defesa-civil-de-minas-gerais-confirma-38-mortes-por-causa-das-chuvas","status":"publish","type":"post","link":"https:\/\/aconteceunovale.com.br\/portal\/?p=158130","title":{"rendered":"Defesa Civil de Minas Gerais confirma 38 mortes por causa das chuvas"},"content":{"rendered":"\n<p class=\"wp-block-paragraph\">Trinta e oito pessoas morreram em raz\u00e3o das enchentes e dos\ndeslizamentos provocados por chuvas fortes que ocorrem em Minas Gerais desde a\nquarta-feira (22\/01\/2020). Ao todo, 17 pessoas est\u00e3o desaparecidas e 12 feridas.\nAs informa\u00e7\u00f5es s\u00e3o do mais recente&nbsp;boletim&nbsp;da Defesa Civil do Estado.<\/p>\n\n\n\n<p class=\"wp-block-paragraph\">O governo mineiro decretou estado de emerg\u00eancia em 47\nmunic\u00edpios. O maior n\u00famero de mortos \u00e9 em Belo Horizonte, oito no total. O\nCorpo de Bombeiros e a Defesa Civil de Minas Gerais mant\u00e9m as buscas na\ncomunidade de Vila Bernadete, regi\u00e3o do Barreiro, na capital, onde uma pessoa\nainda est\u00e1 desaparecida. Nesta manh\u00e3 foram localizados&nbsp;os corpos de uma\ncrian\u00e7a e de um casal&nbsp;de adultos.<\/p>\n\n\n\n<p class=\"wp-block-paragraph\">Segundo o boletim,\u00a09.607 pessoas tiveram que\u00a0deixar suas casas emergencialmente (desalojadas) e 1.823 perderam a moradia. O governo estima que 11.497 pessoas foram atingidas de alguma forma pelas chuvas fortes.\u00a0<\/p>\n\n\n\n<p class=\"wp-block-paragraph\">Neste domingo, a chuva deu uma tr\u00e9gua, o que possibilita o avan\u00e7o do resgate. Na capital mineira, o trabalho \u00e9 feito em uma \u00e1rea de declive onde houve desabamento de casas. Por causa das chuvas, o solo ficou encharcado e abalou a fixa\u00e7\u00e3o das casas no terreno. Ainda h\u00e1 risco de novos desabamentos. O deslizamento de encostas foi a principal solicita\u00e7\u00e3o de atendimento \u00e0 Defesa de Civil desde quinta-feira.<\/p>\n\n\n\n<figure class=\"wp-block-gallery columns-1 is-cropped wp-block-gallery-1 is-layout-flex wp-block-gallery-is-layout-flex\"><ul class=\"blocks-gallery-grid\"><li class=\"blocks-gallery-item\"><figure><img loading=\"lazy\" decoding=\"async\" width=\"678\" height=\"382\" src=\"http:\/\/aconteceunovale.com.br\/portal\/wp-content\/uploads\/2020\/01\/resgate_betim.jpeg\" alt=\"\" data-id=\"158131\" data-full-url=\"http:\/\/aconteceunovale.com.br\/portal\/wp-content\/uploads\/2020\/01\/resgate_betim.jpeg\" data-link=\"http:\/\/aconteceunovale.com.br\/portal\/?attachment_id=158131\" class=\"wp-image-158131\" srcset=\"https:\/\/aconteceunovale.com.br\/portal\/wp-content\/uploads\/2020\/01\/resgate_betim.jpeg 678w, https:\/\/aconteceunovale.com.br\/portal\/wp-content\/uploads\/2020\/01\/resgate_betim-300x169.jpeg 300w\" sizes=\"auto, (max-width: 678px) 100vw, 678px\" \/><figcaption class=\"blocks-gallery-item__caption\"><em>Corpo \u00e9 resgatado em Betim (Foto: Defesa Civil de Betim \/ Divulga\u00e7\u00e3o)<\/em><\/figcaption><\/figure><\/li><\/ul><\/figure>\n\n\n\n<p class=\"wp-block-paragraph\"><strong>\u00d3BITOS CONFIRMADOS<\/strong><\/p>\n\n\n\n<ul class=\"wp-block-list\"><li>Belo Horizonte &#8211; 8 mortes<\/li><li>Betim &#8211; 6 mortes<\/li><li>Ibirit\u00e9 &#8211; 5 mortes<\/li><li>Alto Capar\u00f3 &#8211; 3 mortes<\/li><li>Alto Jequitib\u00e1 &#8211; 3 mortes<\/li><li>Simon\u00e9sia &#8211; 3 mortes<\/li><li>Luisburgo &#8211; 2 mortes<\/li><li>Pedra Bonita &#8211; 2 mortes<\/li><li>Contagem &#8211; 1 morte<\/li><li>Divino &#8211; 1 morte<\/li><li>Manhua\u00e7u &#8211; 1 morte<\/li><li>Santa Margarida &#8211; 1 morte<\/li><li>Tocantins &#8211; 1 morte<\/li><li>Carangola &#8211; 1 morte<\/li><\/ul>\n\n\n\n<p class=\"wp-block-paragraph\"><strong>RESUMO DOS AFETADOS<\/strong><\/p>\n\n\n\n<ul class=\"wp-block-list\"><li>9.607 desalojados<\/li><li>1.823 desabrigados<\/li><li>12 feridos<\/li><li>38 mortos<\/li><li>17 desaparecidos<\/li><li><strong>TOTAL:<\/strong> 11.497 pessoas afetadas<\/li><\/ul>\n\n\n\n<p class=\"wp-block-paragraph\"><strong>MUNIC\u00cdPIOS AFETADOS<\/strong><\/p>\n\n\n\n<ol class=\"wp-block-list\"><li>Abre Campo<\/li><li>Alto Capara\u00f3<\/li><li>Alto Jequitib\u00e1<\/li><li>Belo Horizonte<\/li><li>Belo Vale<\/li><li>Betim<\/li><li>Brumadinho<\/li><li>Caet\u00e9<\/li><li>Capara\u00f3<\/li><li>Carangola<\/li><li>Cipot\u00e2nea<\/li><li>Congonhas<\/li><li>Conselheiro Lafaiete<\/li><li>Contagem<\/li><li>Diogo de Vasconcelos<\/li><li>Divino<\/li><li>Dores do Turvo<\/li><li>Entre Rio de Minas<\/li><li>Erv\u00e1lia<\/li><li>Guidoval<\/li><li>Ibia\u00ed<\/li><li>Ibirit\u00e9<\/li><li>Jeceaba<\/li><li>Lamim<\/li><li>Luisburgo<\/li><li>Manhua\u00e7u<\/li><li>Mariana<\/li><li>Mateus Leme<\/li><li>Matip\u00f3<\/li><li>Moeda<\/li><li>Monjolos<\/li><li>Muria\u00e9<\/li><li>Nova Lima (Hon\u00f3rio Bicalho)<\/li><li>Oriz\u00e2nia<\/li><li>Ouro Branco<\/li><li>Patroc\u00ednio de Muria\u00e9<\/li><li>Pedra Bonita<\/li><li>Raposos<\/li><li>Raul Soares<\/li><li>Ribeir\u00e3o das Neves<\/li><li>Rio Acima<\/li><li>Rio Piracicaba<\/li><li>Sabar\u00e1<\/li><li>Santa B\u00e1rbara<\/li><li>Santa Luzia<\/li><li>Santa Margarida<\/li><li>Santana dos Montes<\/li><li>S\u00e3o Gon\u00e7alo do Sapuca\u00ed<\/li><li>Sarzedo<\/li><li>Senador Firmino<\/li><li>Senhora de Oliveira<\/li><li>Simon\u00e9sia<\/li><li>Taquara\u00e7u de Minas<\/li><li>Te\u00f3filo Otoni<\/li><li>Tocantins<\/li><li>Tombos<\/li><li>Ub\u00e1<\/li><li>Visconde do Rio Branco<\/li><\/ol>\n\n\n\n<p class=\"has-text-color has-background has-very-light-gray-color has-very-dark-gray-background-color wp-block-paragraph\">Quer saber as not\u00edcias do <strong>Aconteceu no Vale<\/strong> em primeira m\u00e3o? Siga-nos no Facebook <a rel=\"noreferrer noopener\" href=\"http:\/\/facebook.com\/aconteceunovale\" target=\"_blank\">@aconteceunovale<\/a>, Twitter <a rel=\"noreferrer noopener\" href=\"https:\/\/twitter.com\/noticiadosvales\" target=\"_blank\">@noticiadosvales<\/a> e Instagram <a rel=\"noreferrer noopener\" href=\"https:\/\/www.instagram.com\/aconteceunovale\" target=\"_blank\">@aconteceunovale<\/a>.<\/p>\n","protected":false},"excerpt":{"rendered":"<p>Trinta e oito pessoas morreram em raz\u00e3o das enchentes e dos deslizamentos provocados por chuvas fortes que ocorrem em Minas Gerais desde a quarta-feira (22\/01\/2020). Ao todo, 17 pessoas est\u00e3o desaparecidas e 12 feridas. As informa\u00e7\u00f5es s\u00e3o do mais recente&nbsp;boletim&nbsp;da Defesa Civil do Estado. O governo mineiro decretou estado de emerg\u00eancia em 47 munic\u00edpios. O [&hellip;]<\/p>\n","protected":false},"author":1,"featured_media":158131,"comment_status":"open","ping_status":"closed","sticky":false,"template":"","format":"standard","meta":{"amp_status":"","footnotes":""},"categories":[123],"tags":[273,215495,957,24486,1531,1504,193,194,1495,1510,3687,237,1503,215509,32561,215493,215506,628,1528,956,197,215511,68280,215553,215554,215507,1018,215494,199,1513,200,1494,36840,215497,36839,201,202,6983,1544,203,206,207,209,3691,215496,215513,215512,1502,10060,211,962,212,213,214,1489,4684,254,1783,215,217,216,18655,9546,218,1540,27457,1532,2451,215505,215508,215510,215284,1533,219,220,221,222,223,18771,161218],"class_list":["post-158130","post","type-post","status-publish","format-standard","has-post-thumbnail","hentry","category-gerais","tag-aimores","tag-alerta-defesa-civil","tag-alfenas","tag-alto-jequitiba","tag-andrelandia","tag-araxa","tag-barbacena","tag-belo-horizonte","tag-betim","tag-bom-despacho","tag-campo-belo","tag-caratinga","tag-cataguases","tag-chuva-em-ibirite","tag-chuva-em-minas-gerais","tag-chuva-severa-em-minas-gerais","tag-chuvas-deixam-ao-menos-30-mortos-em-minas-gerais","tag-conceicao-do-mato-dentro","tag-conselheiro-lafaiete","tag-contagem","tag-curvelo","tag-defesa-civil-confirma-30-mortes-em-minas-gerais-por-causa-da-chuva","tag-defesa-civil-de-minas-gerais","tag-defesa-civil-de-minas-gerais-confirma-38-mortes-por-causa-das-chuvas","tag-defesa-civil-de-minas-gerais-confirma-38-mortes-por-causa-de-enchentes-e-deslizamentos","tag-deslizamento-de-terra-em-ibirite","tag-destaque","tag-dicas-de-seguranca-da-defesa-civil-de-minas-gerais","tag-divinopolis","tag-formiga","tag-frutal","tag-ibirite","tag-igam","tag-igam-alerta-para-chuva-severa-em-mais-de-50-municipios-de-minas-gerais","tag-instituto-mineiro-de-gestao-das-aguas","tag-ipatinga","tag-itabira","tag-itaguara","tag-itajuba","tag-ituiutaba","tag-juiz-de-fora","tag-lavras","tag-manhuacu","tag-matipo","tag-mensagem-defesa-civil","tag-mortes-durante-a-chuva-em-minas-gerais","tag-mortos-na-chuva-em-minas-gerais","tag-muriae","tag-oliveira","tag-ouro-preto","tag-para-de-minas","tag-paracatu","tag-passos","tag-patos-de-minas","tag-patrocinio","tag-pedra-bonita","tag-pirapora","tag-piumhi","tag-pocos-de-caldas","tag-ponte-nova","tag-pouso-alegre","tag-rmbh","tag-santa-rita-do-sapucai","tag-sao-joao-del-rei","tag-sao-lourenco","tag-sao-sebastiao","tag-sete-lagoas","tag-simonesia","tag-sobe-para-30-o-numero-de-mortes-causadas-pelas-chuvas-em-minas","tag-soterrados-em-ibirite","tag-temporal-em-ibirite","tag-temporal-em-minas-gerais","tag-tres-marias","tag-uba","tag-uberaba","tag-uberlandia","tag-unai","tag-varginha","tag-vicosa","tag-vitimas-da-chuva-em-minas-gerais"],"yoast_head":"<!-- This site is optimized with the Yoast SEO plugin v28.3 - https:\/\/yoast.com\/product\/yoast-seo-wordpress\/ -->\n<title>Defesa Civil de Minas Gerais confirma 38 mortes por causa das chuvas - Aconteceu no Vale<\/title>\n<meta name=\"robots\" content=\"index, follow, max-snippet:-1, max-image-preview:large, max-video-preview:-1\" \/>\n<link rel=\"canonical\" href=\"https:\/\/aconteceunovale.com.br\/portal\/?p=158130\" \/>\n<meta property=\"og:locale\" content=\"pt_BR\" \/>\n<meta property=\"og:type\" content=\"article\" \/>\n<meta property=\"og:title\" content=\"Defesa Civil de Minas Gerais confirma 38 mortes por causa das chuvas - Aconteceu no Vale\" \/>\n<meta property=\"og:description\" content=\"Trinta e oito pessoas morreram em raz\u00e3o das enchentes e dos deslizamentos provocados por chuvas fortes que ocorrem em Minas Gerais desde a quarta-feira (22\/01\/2020). Ao todo, 17 pessoas est\u00e3o desaparecidas e 12 feridas. As informa\u00e7\u00f5es s\u00e3o do mais recente&nbsp;boletim&nbsp;da Defesa Civil do Estado. O governo mineiro decretou estado de emerg\u00eancia em 47 munic\u00edpios. O [&hellip;]\" \/>\n<meta property=\"og:url\" content=\"https:\/\/aconteceunovale.com.br\/portal\/?p=158130\" \/>\n<meta property=\"og:site_name\" content=\"Aconteceu no Vale\" \/>\n<meta property=\"article:publisher\" content=\"https:\/\/www.facebook.com\/aconteceunovale\/\" \/>\n<meta property=\"article:published_time\" content=\"2020-01-26T15:30:27+00:00\" \/>\n<meta property=\"article:modified_time\" content=\"2020-01-26T22:27:11+00:00\" \/>\n<meta property=\"og:image\" content=\"https:\/\/aconteceunovale.com.br\/portal\/wp-content\/uploads\/2020\/01\/resgate_betim.jpeg\" \/>\n\t<meta property=\"og:image:width\" content=\"678\" \/>\n\t<meta property=\"og:image:height\" content=\"382\" \/>\n\t<meta property=\"og:image:type\" content=\"image\/jpeg\" \/>\n<meta name=\"author\" content=\"Aconteceu no Vale\" \/>\n<meta name=\"twitter:card\" content=\"summary_large_image\" \/>\n<meta name=\"twitter:creator\" content=\"@noticiadosvales\" \/>\n<meta name=\"twitter:site\" content=\"@noticiadosvales\" \/>\n<meta name=\"twitter:label1\" content=\"Escrito por\" \/>\n\t<meta name=\"twitter:data1\" content=\"Aconteceu no Vale\" \/>\n\t<meta name=\"twitter:label2\" content=\"Est. tempo de leitura\" \/>\n\t<meta name=\"twitter:data2\" content=\"2 minutos\" \/>\n<script type=\"application\/ld+json\" class=\"yoast-schema-graph\">{\"@context\":\"https:\\\/\\\/schema.org\",\"@graph\":[{\"@type\":\"Article\",\"@id\":\"https:\\\/\\\/aconteceunovale.com.br\\\/portal\\\/?p=158130#article\",\"isPartOf\":{\"@id\":\"https:\\\/\\\/aconteceunovale.com.br\\\/portal\\\/?p=158130\"},\"author\":{\"name\":\"Aconteceu no Vale\",\"@id\":\"https:\\\/\\\/aconteceunovale.com.br\\\/portal\\\/#\\\/schema\\\/person\\\/633529146f2c94272bef50ac2953d589\"},\"headline\":\"Defesa Civil de Minas Gerais confirma 38 mortes por causa das chuvas\",\"datePublished\":\"2020-01-26T15:30:27+00:00\",\"dateModified\":\"2020-01-26T22:27:11+00:00\",\"mainEntityOfPage\":{\"@id\":\"https:\\\/\\\/aconteceunovale.com.br\\\/portal\\\/?p=158130\"},\"wordCount\":444,\"commentCount\":0,\"image\":{\"@id\":\"https:\\\/\\\/aconteceunovale.com.br\\\/portal\\\/?p=158130#primaryimage\"},\"thumbnailUrl\":\"https:\\\/\\\/aconteceunovale.com.br\\\/portal\\\/wp-content\\\/uploads\\\/2020\\\/01\\\/resgate_betim.jpeg\",\"keywords\":[\"Aimor\u00e9s\",\"Alerta Defesa Civil\",\"Alfenas\",\"Alto Jequitib\u00e1\",\"Andrel\u00e2ndia\",\"Arax\u00e1\",\"Barbacena\",\"Belo Horizonte\",\"Betim\",\"Bom Despacho\",\"Campo Belo\",\"Caratinga\",\"Cataguases\",\"Chuva em Ibirit\u00e9\",\"chuva em minas gerais\",\"Chuva severa em Minas Gerais\",\"Chuvas deixam ao menos 30 mortos em Minas Gerais\",\"Concei\u00e7\u00e3o do Mato Dentro\",\"Conselheiro Lafaiete\",\"Contagem\",\"Curvelo\",\"Defesa Civil confirma 30 mortes em Minas Gerais por causa da chuva\",\"Defesa Civil de Minas Gerais\",\"Defesa Civil de Minas Gerais confirma 38 mortes por causa das chuvas\",\"Defesa Civil de Minas Gerais confirma 38 mortes por causa de enchentes e deslizamentos\",\"Deslizamento de terra em Ibirit\u00e9\",\"destaque\",\"Dicas de seguran\u00e7a da Defesa Civil de Minas Gerais\",\"Divin\u00f3polis\",\"Formiga\",\"Frutal\",\"Ibirit\u00e9\",\"Igam\",\"Igam alerta para chuva severa em mais de 50 munic\u00edpios de Minas Gerais\",\"Instituto Mineiro de Gest\u00e3o das \u00c1guas\",\"Ipatinga\",\"Itabira\",\"Itaguara\",\"Itajub\u00e1\",\"Ituiutaba\",\"Juiz de Fora\",\"Lavras\",\"Manhua\u00e7u\",\"Matip\u00f3\",\"Mensagem Defesa Civil\",\"Mortes durante a chuva em Minas Gerais\",\"Mortos na chuva em Minas Gerais\",\"Muria\u00e9\",\"Oliveira\",\"Ouro Preto\",\"Par\u00e1 de Minas\",\"Paracatu\",\"Passos\",\"Patos de Minas\",\"Patroc\u00ednio\",\"Pedra Bonita\",\"Pirapora\",\"Piumhi\",\"Po\u00e7os de Caldas\",\"Ponte Nova\",\"Pouso Alegre\",\"RMBH\",\"Santa Rita do Sapuca\u00ed\",\"S\u00e3o Jo\u00e3o del Rei\",\"S\u00e3o Louren\u00e7o\",\"S\u00e3o Sebasti\u00e3o\",\"Sete Lagoas\",\"Simon\u00e9sia\",\"Sobe para 30 o n\u00famero de mortes causadas pelas chuvas em Minas\",\"Soterrados em Ibirit\u00e9\",\"Temporal em Ibirit\u00e9\",\"Temporal em Minas Gerais\",\"Tr\u00eas Marias\",\"Ub\u00e1\",\"Uberaba\",\"Uberl\u00e2ndia\",\"Una\u00ed\",\"Varginha\",\"Vi\u00e7osa\",\"V\u00edtimas da Chuva em Minas Gerais\"],\"articleSection\":[\"Minas Gerais\"],\"inLanguage\":\"pt-BR\",\"potentialAction\":[{\"@type\":\"CommentAction\",\"name\":\"Comment\",\"target\":[\"https:\\\/\\\/aconteceunovale.com.br\\\/portal\\\/?p=158130#respond\"]}]},{\"@type\":\"WebPage\",\"@id\":\"https:\\\/\\\/aconteceunovale.com.br\\\/portal\\\/?p=158130\",\"url\":\"https:\\\/\\\/aconteceunovale.com.br\\\/portal\\\/?p=158130\",\"name\":\"Defesa Civil de Minas Gerais confirma 38 mortes por causa das chuvas - Aconteceu no Vale\",\"isPartOf\":{\"@id\":\"https:\\\/\\\/aconteceunovale.com.br\\\/portal\\\/#website\"},\"primaryImageOfPage\":{\"@id\":\"https:\\\/\\\/aconteceunovale.com.br\\\/portal\\\/?p=158130#primaryimage\"},\"image\":{\"@id\":\"https:\\\/\\\/aconteceunovale.com.br\\\/portal\\\/?p=158130#primaryimage\"},\"thumbnailUrl\":\"https:\\\/\\\/aconteceunovale.com.br\\\/portal\\\/wp-content\\\/uploads\\\/2020\\\/01\\\/resgate_betim.jpeg\",\"datePublished\":\"2020-01-26T15:30:27+00:00\",\"dateModified\":\"2020-01-26T22:27:11+00:00\",\"author\":{\"@id\":\"https:\\\/\\\/aconteceunovale.com.br\\\/portal\\\/#\\\/schema\\\/person\\\/633529146f2c94272bef50ac2953d589\"},\"breadcrumb\":{\"@id\":\"https:\\\/\\\/aconteceunovale.com.br\\\/portal\\\/?p=158130#breadcrumb\"},\"inLanguage\":\"pt-BR\",\"potentialAction\":[{\"@type\":\"ReadAction\",\"target\":[\"https:\\\/\\\/aconteceunovale.com.br\\\/portal\\\/?p=158130\"]}]},{\"@type\":\"ImageObject\",\"inLanguage\":\"pt-BR\",\"@id\":\"https:\\\/\\\/aconteceunovale.com.br\\\/portal\\\/?p=158130#primaryimage\",\"url\":\"https:\\\/\\\/aconteceunovale.com.br\\\/portal\\\/wp-content\\\/uploads\\\/2020\\\/01\\\/resgate_betim.jpeg\",\"contentUrl\":\"https:\\\/\\\/aconteceunovale.com.br\\\/portal\\\/wp-content\\\/uploads\\\/2020\\\/01\\\/resgate_betim.jpeg\",\"width\":678,\"height\":382},{\"@type\":\"BreadcrumbList\",\"@id\":\"https:\\\/\\\/aconteceunovale.com.br\\\/portal\\\/?p=158130#breadcrumb\",\"itemListElement\":[{\"@type\":\"ListItem\",\"position\":1,\"name\":\"In\u00edcio\",\"item\":\"https:\\\/\\\/aconteceunovale.com.br\\\/portal\\\/\"},{\"@type\":\"ListItem\",\"position\":2,\"name\":\"Defesa Civil de Minas Gerais confirma 38 mortes por causa das chuvas\"}]},{\"@type\":\"WebSite\",\"@id\":\"https:\\\/\\\/aconteceunovale.com.br\\\/portal\\\/#website\",\"url\":\"https:\\\/\\\/aconteceunovale.com.br\\\/portal\\\/\",\"name\":\"Aconteceu no Vale\",\"description\":\"Portal de Not\u00edcias\",\"potentialAction\":[{\"@type\":\"SearchAction\",\"target\":{\"@type\":\"EntryPoint\",\"urlTemplate\":\"https:\\\/\\\/aconteceunovale.com.br\\\/portal\\\/?s={search_term_string}\"},\"query-input\":{\"@type\":\"PropertyValueSpecification\",\"valueRequired\":true,\"valueName\":\"search_term_string\"}}],\"inLanguage\":\"pt-BR\"},{\"@type\":\"Person\",\"@id\":\"https:\\\/\\\/aconteceunovale.com.br\\\/portal\\\/#\\\/schema\\\/person\\\/633529146f2c94272bef50ac2953d589\",\"name\":\"Aconteceu no Vale\",\"description\":\"Equipe de reportagem do Aconteceu no Vale, portal de not\u00edcias do Vale do Jequitinhonha, em Minas Gerais. Cobrimos as 51 cidades do Vale desde 2013. Sugest\u00f5es de pauta e pedidos de corre\u00e7\u00e3o: contato@aconteceunovale.com.br\",\"sameAs\":[\"http:\\\/\\\/www.aconteceunovale.com.br\"],\"url\":\"https:\\\/\\\/aconteceunovale.com.br\\\/portal\\\/?author=1\"}]}<\/script>\n<!-- \/ Yoast SEO plugin. -->","yoast_head_json":{"title":"Defesa Civil de Minas Gerais confirma 38 mortes por causa das chuvas - Aconteceu no Vale","robots":{"index":"index","follow":"follow","max-snippet":"max-snippet:-1","max-image-preview":"max-image-preview:large","max-video-preview":"max-video-preview:-1"},"canonical":"https:\/\/aconteceunovale.com.br\/portal\/?p=158130","og_locale":"pt_BR","og_type":"article","og_title":"Defesa Civil de Minas Gerais confirma 38 mortes por causa das chuvas - Aconteceu no Vale","og_description":"Trinta e oito pessoas morreram em raz\u00e3o das enchentes e dos deslizamentos provocados por chuvas fortes que ocorrem em Minas Gerais desde a quarta-feira (22\/01\/2020). Ao todo, 17 pessoas est\u00e3o desaparecidas e 12 feridas. As informa\u00e7\u00f5es s\u00e3o do mais recente&nbsp;boletim&nbsp;da Defesa Civil do Estado. O governo mineiro decretou estado de emerg\u00eancia em 47 munic\u00edpios. O [&hellip;]","og_url":"https:\/\/aconteceunovale.com.br\/portal\/?p=158130","og_site_name":"Aconteceu no Vale","article_publisher":"https:\/\/www.facebook.com\/aconteceunovale\/","article_published_time":"2020-01-26T15:30:27+00:00","article_modified_time":"2020-01-26T22:27:11+00:00","og_image":[{"width":678,"height":382,"url":"https:\/\/aconteceunovale.com.br\/portal\/wp-content\/uploads\/2020\/01\/resgate_betim.jpeg","type":"image\/jpeg"}],"author":"Aconteceu no Vale","twitter_card":"summary_large_image","twitter_creator":"@noticiadosvales","twitter_site":"@noticiadosvales","twitter_misc":{"Escrito por":"Aconteceu no Vale","Est. tempo de leitura":"2 minutos"},"schema":{"@context":"https:\/\/schema.org","@graph":[{"@type":"Article","@id":"https:\/\/aconteceunovale.com.br\/portal\/?p=158130#article","isPartOf":{"@id":"https:\/\/aconteceunovale.com.br\/portal\/?p=158130"},"author":{"name":"Aconteceu no Vale","@id":"https:\/\/aconteceunovale.com.br\/portal\/#\/schema\/person\/633529146f2c94272bef50ac2953d589"},"headline":"Defesa Civil de Minas Gerais confirma 38 mortes por causa das chuvas","datePublished":"2020-01-26T15:30:27+00:00","dateModified":"2020-01-26T22:27:11+00:00","mainEntityOfPage":{"@id":"https:\/\/aconteceunovale.com.br\/portal\/?p=158130"},"wordCount":444,"commentCount":0,"image":{"@id":"https:\/\/aconteceunovale.com.br\/portal\/?p=158130#primaryimage"},"thumbnailUrl":"https:\/\/aconteceunovale.com.br\/portal\/wp-content\/uploads\/2020\/01\/resgate_betim.jpeg","keywords":["Aimor\u00e9s","Alerta Defesa Civil","Alfenas","Alto Jequitib\u00e1","Andrel\u00e2ndia","Arax\u00e1","Barbacena","Belo Horizonte","Betim","Bom Despacho","Campo Belo","Caratinga","Cataguases","Chuva em Ibirit\u00e9","chuva em minas gerais","Chuva severa em Minas Gerais","Chuvas deixam ao menos 30 mortos em Minas Gerais","Concei\u00e7\u00e3o do Mato Dentro","Conselheiro Lafaiete","Contagem","Curvelo","Defesa Civil confirma 30 mortes em Minas Gerais por causa da chuva","Defesa Civil de Minas Gerais","Defesa Civil de Minas Gerais confirma 38 mortes por causa das chuvas","Defesa Civil de Minas Gerais confirma 38 mortes por causa de enchentes e deslizamentos","Deslizamento de terra em Ibirit\u00e9","destaque","Dicas de seguran\u00e7a da Defesa Civil de Minas Gerais","Divin\u00f3polis","Formiga","Frutal","Ibirit\u00e9","Igam","Igam alerta para chuva severa em mais de 50 munic\u00edpios de Minas Gerais","Instituto Mineiro de Gest\u00e3o das \u00c1guas","Ipatinga","Itabira","Itaguara","Itajub\u00e1","Ituiutaba","Juiz de Fora","Lavras","Manhua\u00e7u","Matip\u00f3","Mensagem Defesa Civil","Mortes durante a chuva em Minas Gerais","Mortos na chuva em Minas Gerais","Muria\u00e9","Oliveira","Ouro Preto","Par\u00e1 de Minas","Paracatu","Passos","Patos de Minas","Patroc\u00ednio","Pedra Bonita","Pirapora","Piumhi","Po\u00e7os de Caldas","Ponte Nova","Pouso Alegre","RMBH","Santa Rita do Sapuca\u00ed","S\u00e3o Jo\u00e3o del Rei","S\u00e3o Louren\u00e7o","S\u00e3o Sebasti\u00e3o","Sete Lagoas","Simon\u00e9sia","Sobe para 30 o n\u00famero de mortes causadas pelas chuvas em Minas","Soterrados em Ibirit\u00e9","Temporal em Ibirit\u00e9","Temporal em Minas Gerais","Tr\u00eas Marias","Ub\u00e1","Uberaba","Uberl\u00e2ndia","Una\u00ed","Varginha","Vi\u00e7osa","V\u00edtimas da Chuva em Minas Gerais"],"articleSection":["Minas Gerais"],"inLanguage":"pt-BR","potentialAction":[{"@type":"CommentAction","name":"Comment","target":["https:\/\/aconteceunovale.com.br\/portal\/?p=158130#respond"]}]},{"@type":"WebPage","@id":"https:\/\/aconteceunovale.com.br\/portal\/?p=158130","url":"https:\/\/aconteceunovale.com.br\/portal\/?p=158130","name":"Defesa Civil de Minas Gerais confirma 38 mortes por causa das chuvas - Aconteceu no Vale","isPartOf":{"@id":"https:\/\/aconteceunovale.com.br\/portal\/#website"},"primaryImageOfPage":{"@id":"https:\/\/aconteceunovale.com.br\/portal\/?p=158130#primaryimage"},"image":{"@id":"https:\/\/aconteceunovale.com.br\/portal\/?p=158130#primaryimage"},"thumbnailUrl":"https:\/\/aconteceunovale.com.br\/portal\/wp-content\/uploads\/2020\/01\/resgate_betim.jpeg","datePublished":"2020-01-26T15:30:27+00:00","dateModified":"2020-01-26T22:27:11+00:00","author":{"@id":"https:\/\/aconteceunovale.com.br\/portal\/#\/schema\/person\/633529146f2c94272bef50ac2953d589"},"breadcrumb":{"@id":"https:\/\/aconteceunovale.com.br\/portal\/?p=158130#breadcrumb"},"inLanguage":"pt-BR","potentialAction":[{"@type":"ReadAction","target":["https:\/\/aconteceunovale.com.br\/portal\/?p=158130"]}]},{"@type":"ImageObject","inLanguage":"pt-BR","@id":"https:\/\/aconteceunovale.com.br\/portal\/?p=158130#primaryimage","url":"https:\/\/aconteceunovale.com.br\/portal\/wp-content\/uploads\/2020\/01\/resgate_betim.jpeg","contentUrl":"https:\/\/aconteceunovale.com.br\/portal\/wp-content\/uploads\/2020\/01\/resgate_betim.jpeg","width":678,"height":382},{"@type":"BreadcrumbList","@id":"https:\/\/aconteceunovale.com.br\/portal\/?p=158130#breadcrumb","itemListElement":[{"@type":"ListItem","position":1,"name":"In\u00edcio","item":"https:\/\/aconteceunovale.com.br\/portal\/"},{"@type":"ListItem","position":2,"name":"Defesa Civil de Minas Gerais confirma 38 mortes por causa das chuvas"}]},{"@type":"WebSite","@id":"https:\/\/aconteceunovale.com.br\/portal\/#website","url":"https:\/\/aconteceunovale.com.br\/portal\/","name":"Aconteceu no Vale","description":"Portal de Not\u00edcias","potentialAction":[{"@type":"SearchAction","target":{"@type":"EntryPoint","urlTemplate":"https:\/\/aconteceunovale.com.br\/portal\/?s={search_term_string}"},"query-input":{"@type":"PropertyValueSpecification","valueRequired":true,"valueName":"search_term_string"}}],"inLanguage":"pt-BR"},{"@type":"Person","@id":"https:\/\/aconteceunovale.com.br\/portal\/#\/schema\/person\/633529146f2c94272bef50ac2953d589","name":"Aconteceu no Vale","description":"Equipe de reportagem do Aconteceu no Vale, portal de not\u00edcias do Vale do Jequitinhonha, em Minas Gerais. Cobrimos as 51 cidades do Vale desde 2013. Sugest\u00f5es de pauta e pedidos de corre\u00e7\u00e3o: contato@aconteceunovale.com.br","sameAs":["http:\/\/www.aconteceunovale.com.br"],"url":"https:\/\/aconteceunovale.com.br\/portal\/?author=1"}]}},"_links":{"self":[{"href":"https:\/\/aconteceunovale.com.br\/portal\/index.php?rest_route=\/wp\/v2\/posts\/158130","targetHints":{"allow":["GET"]}}],"collection":[{"href":"https:\/\/aconteceunovale.com.br\/portal\/index.php?rest_route=\/wp\/v2\/posts"}],"about":[{"href":"https:\/\/aconteceunovale.com.br\/portal\/index.php?rest_route=\/wp\/v2\/types\/post"}],"author":[{"embeddable":true,"href":"https:\/\/aconteceunovale.com.br\/portal\/index.php?rest_route=\/wp\/v2\/users\/1"}],"replies":[{"embeddable":true,"href":"https:\/\/aconteceunovale.com.br\/portal\/index.php?rest_route=%2Fwp%2Fv2%2Fcomments&post=158130"}],"version-history":[{"count":3,"href":"https:\/\/aconteceunovale.com.br\/portal\/index.php?rest_route=\/wp\/v2\/posts\/158130\/revisions"}],"predecessor-version":[{"id":158177,"href":"https:\/\/aconteceunovale.com.br\/portal\/index.php?rest_route=\/wp\/v2\/posts\/158130\/revisions\/158177"}],"wp:featuredmedia":[{"embeddable":true,"href":"https:\/\/aconteceunovale.com.br\/portal\/index.php?rest_route=\/wp\/v2\/media\/158131"}],"wp:attachment":[{"href":"https:\/\/aconteceunovale.com.br\/portal\/index.php?rest_route=%2Fwp%2Fv2%2Fmedia&parent=158130"}],"wp:term":[{"taxonomy":"category","embeddable":true,"href":"https:\/\/aconteceunovale.com.br\/portal\/index.php?rest_route=%2Fwp%2Fv2%2Fcategories&post=158130"},{"taxonomy":"post_tag","embeddable":true,"href":"https:\/\/aconteceunovale.com.br\/portal\/index.php?rest_route=%2Fwp%2Fv2%2Ftags&post=158130"}],"curies":[{"name":"wp","href":"https:\/\/api.w.org\/{rel}","templated":true}]}}