{"id":158092,"date":"2020-01-25T21:25:54","date_gmt":"2020-01-26T00:25:54","guid":{"rendered":"http:\/\/aconteceunovale.com.br\/portal\/?p=158092"},"modified":"2020-01-25T21:52:50","modified_gmt":"2020-01-26T00:52:50","slug":"chuva-provoca-inundacoes-e-deslizamentos-em-caratinga","status":"publish","type":"post","link":"https:\/\/aconteceunovale.com.br\/portal\/?p=158092","title":{"rendered":"Chuva provoca inunda\u00e7\u00f5es e deslizamentos em Caratinga"},"content":{"rendered":"\n<p class=\"wp-block-paragraph\">Uma forte chuva inundou ruas e causou estragos em Caratinga, no\nVale do Rio Doce, na madrugada deste s\u00e1bado (25\/01\/2020). A Defesa Civil\nregistrou ocorr\u00eancias de desabamentos e deslizamentos de encostas.<\/p>\n\n\n\n<p class=\"wp-block-paragraph\">Segundo a Defesa\nCivil, tr\u00eas fam\u00edlias que estavam em \u00e1reas de risco foram levadas para um abrigo\nda Prefeitura. O \u00f3rg\u00e3o informou que est\u00e1 fazendo um levantamento das\nocorr\u00eancias e o munic\u00edpio pretende decretar estado de emerg\u00eancia.<\/p>\n\n\n\n<p class=\"wp-block-paragraph\">Moradores que desejarem sair das\ncasas por medida de seguran\u00e7a podem buscar abrigo nos seguintes locais:<\/p>\n\n\n\n<ul class=\"wp-block-list\"><li>Poliesportivo (Bairro Limoeiro)<\/li><li>Escola Engenheiro Caldas ou M\u00edriam\nMangelli (Bairro Santa Zita)<\/li><li>Funcime \u2013 Bairro Santa Cruz<\/li><\/ul>\n\n\n\n<p class=\"wp-block-paragraph\">Os caratinguenses podem buscar informa\u00e7\u00f5es pelos telefones 199 ou pelo WhatsApp (33) 9 9831-6611.<\/p>\n\n\n\n<figure class=\"wp-block-gallery columns-1 is-cropped wp-block-gallery-1 is-layout-flex wp-block-gallery-is-layout-flex\"><ul class=\"blocks-gallery-grid\"><li class=\"blocks-gallery-item\"><figure><img loading=\"lazy\" decoding=\"async\" width=\"667\" height=\"450\" src=\"http:\/\/aconteceunovale.com.br\/portal\/wp-content\/uploads\/2020\/01\/chuva_caratinga_1.jpg\" alt=\"\" data-id=\"158093\" class=\"wp-image-158093\" srcset=\"https:\/\/aconteceunovale.com.br\/portal\/wp-content\/uploads\/2020\/01\/chuva_caratinga_1.jpg 667w, https:\/\/aconteceunovale.com.br\/portal\/wp-content\/uploads\/2020\/01\/chuva_caratinga_1-300x202.jpg 300w, https:\/\/aconteceunovale.com.br\/portal\/wp-content\/uploads\/2020\/01\/chuva_caratinga_1-623x420.jpg 623w\" sizes=\"auto, (max-width: 667px) 100vw, 667px\" \/><figcaption class=\"blocks-gallery-item__caption\"><em>Ruas de Caratinga ficaram alagadas &#8211; Foto: Prefeitura \/ Divulga\u00e7\u00e3o<\/em><\/figcaption><\/figure><\/li><li class=\"blocks-gallery-item\"><figure><img loading=\"lazy\" decoding=\"async\" width=\"678\" height=\"330\" src=\"http:\/\/aconteceunovale.com.br\/portal\/wp-content\/uploads\/2020\/01\/chuva_caratinga_2.jpg\" alt=\"\" data-id=\"158094\" data-full-url=\"http:\/\/aconteceunovale.com.br\/portal\/wp-content\/uploads\/2020\/01\/chuva_caratinga_2.jpg\" data-link=\"http:\/\/aconteceunovale.com.br\/portal\/?attachment_id=158094\" class=\"wp-image-158094\" srcset=\"https:\/\/aconteceunovale.com.br\/portal\/wp-content\/uploads\/2020\/01\/chuva_caratinga_2.jpg 678w, https:\/\/aconteceunovale.com.br\/portal\/wp-content\/uploads\/2020\/01\/chuva_caratinga_2-300x146.jpg 300w\" sizes=\"auto, (max-width: 678px) 100vw, 678px\" \/><figcaption class=\"blocks-gallery-item__caption\"><em>Choveu 137mm nas \u00faltimas 24h em Caratinga &#8211; Foto: Prefeitura \/ Divulga\u00e7\u00e3o<\/em><\/figcaption><\/figure><\/li><\/ul><\/figure>\n\n\n\n<h2 class=\"wp-block-heading\">Nota da Defesa Civil de Caratinga <\/h2>\n\n\n\n<p class=\"wp-block-paragraph\"><em>A Defesa Civil de Caratinga com o intuito de prevenir e preservar a vida, informa a popula\u00e7\u00e3o de Caratinga para que fique em alerta do dia.<\/em><\/p>\n\n\n\n<p class=\"wp-block-paragraph\"><em>O Instituto Nacional de Meteorologia (INMET) emitiu um alerta vermelho de acumulado de chuvas. Os \u00edndices meteorol\u00f3gicos indicam uma previs\u00e3o de 60mm\/hora e mais de 100mm\/dia com risco de alagamentos, transbordamentos de rios e deslizamentos de encostas.<\/em><\/p>\n\n\n\n<p class=\"wp-block-paragraph\"><em>Pedimos para que, no per\u00edodo das chuvas, a qualquer sinal de movimenta\u00e7\u00e3o de solo, aumento de \u00e1gua ou trincas em paredes, abandone sua casa imediatamente e entre em contato com a defesa civil atrav\u00e9s do telefone 199.<\/em><\/p>\n\n\n\n<p class=\"wp-block-paragraph\"><em>N\u00e3o se aventure em \u00e1reas inundadas, pois bueiros podem puxar pessoas para as galerias subterr\u00e2neas causando grande risco \u00e0 vida.<\/em><\/p>\n\n\n\n<h2 class=\"wp-block-heading\">Bairro Salatiel<\/h2>\n\n\n\n<p class=\"wp-block-paragraph\">Um barranco desmoronou e feriu uma mulher no bairro Salatiel, em\nCaratinga, na madrugada de sexta-feira (24). Segundo o Corpo de Bombeiros, o\nmuro que deveria conter o barranco cedeu e os destro\u00e7os atingiram tamb\u00e9m um ve\u00edculo\nque estava pr\u00f3ximo.<\/p>\n\n\n\n<p class=\"wp-block-paragraph\">A mulher teve uma fratura na perna. Ela foi socorrida pelos bombeiros e encaminhada para o Hospital Nossa Senhora Auxiliadora. N\u00e3o h\u00e1 informa\u00e7\u00f5es sobre o estado de sa\u00fade dela.<\/p>\n\n\n\n<figure class=\"wp-block-gallery columns-1 is-cropped wp-block-gallery-2 is-layout-flex wp-block-gallery-is-layout-flex\"><ul class=\"blocks-gallery-grid\"><li class=\"blocks-gallery-item\"><figure><img loading=\"lazy\" decoding=\"async\" width=\"678\" height=\"381\" src=\"http:\/\/aconteceunovale.com.br\/portal\/wp-content\/uploads\/2020\/01\/chuva_caratinga_3.jpg\" alt=\"\" data-id=\"158095\" class=\"wp-image-158095\" srcset=\"https:\/\/aconteceunovale.com.br\/portal\/wp-content\/uploads\/2020\/01\/chuva_caratinga_3.jpg 678w, https:\/\/aconteceunovale.com.br\/portal\/wp-content\/uploads\/2020\/01\/chuva_caratinga_3-300x169.jpg 300w\" sizes=\"auto, (max-width: 678px) 100vw, 678px\" \/><figcaption class=\"blocks-gallery-item__caption\"><em> Foto: Corpo de Bombeiros \/ Divulga\u00e7\u00e3o <\/em><\/figcaption><\/figure><\/li><\/ul><\/figure>\n\n\n\n<h2 class=\"wp-block-heading\">Pacientes da UPA<\/h2>\n\n\n\n<p class=\"wp-block-paragraph\">A Prefeitura de Caratinga confirmou na noite de quinta-feira (23) a transfer\u00eancia de pacientes da Unidade de Pronto Atendimento (UPA) para o Centro de Assist\u00eancia \u00e0 Sa\u00fade (CASU) e o Hospital Nossa Senhora Auxiliadora (HNSA).<\/p>\n\n\n\n<p class=\"wp-block-paragraph\">Segundo o munic\u00edpio, a medida emergencial foi tomada devido \u00e0 UPA estar localizada em ponto com risco de alagamento se houver enchente.<\/p>\n\n\n\n<p class=\"wp-block-paragraph\">Foram transferidos pacientes em situa\u00e7\u00e3o de observa\u00e7\u00e3o, mas n\u00e3o foi divulgado o n\u00famero de pessoas afetadas.<\/p>\n\n\n\n<p class=\"wp-block-paragraph\">A Prefeitura orienta que os atendimentos de urg\u00eancia e emerg\u00eancia devem ser direcionados ao HNSA. Al\u00e9m disso, o munic\u00edpio pede que, devido \u00e0s transfer\u00eancias e a limita\u00e7\u00e3o de leitos nos dois hospitais, a popula\u00e7\u00e3o abra espa\u00e7o neste momento somente para os atendimentos emergenciais.<\/p>\n\n\n\n<p class=\"has-text-color has-background has-very-light-gray-color has-very-dark-gray-background-color wp-block-paragraph\">Quer saber as not\u00edcias do <strong>Aconteceu no Vale<\/strong> em primeira m\u00e3o? Siga-nos no Facebook <a rel=\"noreferrer noopener\" href=\"http:\/\/facebook.com\/aconteceunovale\" target=\"_blank\">@aconteceunovale<\/a>, Twitter <a rel=\"noreferrer noopener\" href=\"https:\/\/twitter.com\/noticiadosvales\" target=\"_blank\">@noticiadosvales<\/a> e Instagram <a rel=\"noreferrer noopener\" href=\"https:\/\/www.instagram.com\/aconteceunovale\" target=\"_blank\">@aconteceunovale<\/a>.<\/p>\n","protected":false},"excerpt":{"rendered":"<p>Uma forte chuva inundou ruas e causou estragos em Caratinga, no Vale do Rio Doce, na madrugada deste s\u00e1bado (25\/01\/2020). A Defesa Civil registrou ocorr\u00eancias de desabamentos e deslizamentos de encostas. Segundo a Defesa Civil, tr\u00eas fam\u00edlias que estavam em \u00e1reas de risco foram levadas para um abrigo da Prefeitura. O \u00f3rg\u00e3o informou que est\u00e1 [&hellip;]<\/p>\n","protected":false},"author":1,"featured_media":158093,"comment_status":"open","ping_status":"closed","sticky":false,"template":"","format":"standard","meta":{"amp_status":"","footnotes":""},"categories":[121],"tags":[237,215533,215536,215534,215538,215537,215535],"class_list":["post-158092","post","type-post","status-publish","format-standard","has-post-thumbnail","hentry","category-leste","tag-caratinga","tag-chuva-em-caratinga","tag-chuva-provoca-inundacoes-e-deslizamentos-em-caratinga","tag-deslizamento-de-terra-em-caratinga","tag-enchente-em-caratinga","tag-inundacao-em-caratinga","tag-temporal-em-caratinga"],"yoast_head":"<!-- This site is optimized with the Yoast SEO plugin v28.3 - https:\/\/yoast.com\/product\/yoast-seo-wordpress\/ -->\n<title>Chuva provoca inunda\u00e7\u00f5es e deslizamentos em Caratinga - Aconteceu no Vale<\/title>\n<meta name=\"robots\" content=\"index, follow, max-snippet:-1, max-image-preview:large, max-video-preview:-1\" \/>\n<link rel=\"canonical\" href=\"https:\/\/aconteceunovale.com.br\/portal\/?p=158092\" \/>\n<meta property=\"og:locale\" content=\"pt_BR\" \/>\n<meta property=\"og:type\" content=\"article\" \/>\n<meta property=\"og:title\" content=\"Chuva provoca inunda\u00e7\u00f5es e deslizamentos em Caratinga - Aconteceu no Vale\" \/>\n<meta property=\"og:description\" content=\"Uma forte chuva inundou ruas e causou estragos em Caratinga, no Vale do Rio Doce, na madrugada deste s\u00e1bado (25\/01\/2020). A Defesa Civil registrou ocorr\u00eancias de desabamentos e deslizamentos de encostas. Segundo a Defesa Civil, tr\u00eas fam\u00edlias que estavam em \u00e1reas de risco foram levadas para um abrigo da Prefeitura. O \u00f3rg\u00e3o informou que est\u00e1 [&hellip;]\" \/>\n<meta property=\"og:url\" content=\"https:\/\/aconteceunovale.com.br\/portal\/?p=158092\" \/>\n<meta property=\"og:site_name\" content=\"Aconteceu no Vale\" \/>\n<meta property=\"article:publisher\" content=\"https:\/\/www.facebook.com\/aconteceunovale\/\" \/>\n<meta property=\"article:published_time\" content=\"2020-01-26T00:25:54+00:00\" \/>\n<meta property=\"article:modified_time\" content=\"2020-01-26T00:52:50+00:00\" \/>\n<meta property=\"og:image\" content=\"https:\/\/aconteceunovale.com.br\/portal\/wp-content\/uploads\/2020\/01\/chuva_caratinga_1.jpg\" \/>\n\t<meta property=\"og:image:width\" content=\"667\" \/>\n\t<meta property=\"og:image:height\" content=\"450\" \/>\n\t<meta property=\"og:image:type\" content=\"image\/jpeg\" \/>\n<meta name=\"author\" content=\"Aconteceu no Vale\" \/>\n<meta name=\"twitter:card\" content=\"summary_large_image\" \/>\n<meta name=\"twitter:creator\" content=\"@noticiadosvales\" \/>\n<meta name=\"twitter:site\" content=\"@noticiadosvales\" \/>\n<meta name=\"twitter:label1\" content=\"Escrito por\" \/>\n\t<meta name=\"twitter:data1\" content=\"Aconteceu no Vale\" \/>\n\t<meta name=\"twitter:label2\" content=\"Est. tempo de leitura\" \/>\n\t<meta name=\"twitter:data2\" content=\"3 minutos\" \/>\n<script type=\"application\/ld+json\" class=\"yoast-schema-graph\">{\"@context\":\"https:\\\/\\\/schema.org\",\"@graph\":[{\"@type\":\"Article\",\"@id\":\"https:\\\/\\\/aconteceunovale.com.br\\\/portal\\\/?p=158092#article\",\"isPartOf\":{\"@id\":\"https:\\\/\\\/aconteceunovale.com.br\\\/portal\\\/?p=158092\"},\"author\":{\"name\":\"Aconteceu no Vale\",\"@id\":\"https:\\\/\\\/aconteceunovale.com.br\\\/portal\\\/#\\\/schema\\\/person\\\/633529146f2c94272bef50ac2953d589\"},\"headline\":\"Chuva provoca inunda\u00e7\u00f5es e deslizamentos em Caratinga\",\"datePublished\":\"2020-01-26T00:25:54+00:00\",\"dateModified\":\"2020-01-26T00:52:50+00:00\",\"mainEntityOfPage\":{\"@id\":\"https:\\\/\\\/aconteceunovale.com.br\\\/portal\\\/?p=158092\"},\"wordCount\":522,\"commentCount\":0,\"image\":{\"@id\":\"https:\\\/\\\/aconteceunovale.com.br\\\/portal\\\/?p=158092#primaryimage\"},\"thumbnailUrl\":\"https:\\\/\\\/aconteceunovale.com.br\\\/portal\\\/wp-content\\\/uploads\\\/2020\\\/01\\\/chuva_caratinga_1.jpg\",\"keywords\":[\"Caratinga\",\"Chuva em Caratinga\",\"Chuva provoca inunda\u00e7\u00f5es e deslizamentos em Caratinga\",\"Deslizamento de terra em Caratinga\",\"Enchente em Caratinga\",\"Inunda\u00e7\u00e3o em Caratinga\",\"Temporal em Caratinga\"],\"articleSection\":[\"Leste de Minas\"],\"inLanguage\":\"pt-BR\",\"potentialAction\":[{\"@type\":\"CommentAction\",\"name\":\"Comment\",\"target\":[\"https:\\\/\\\/aconteceunovale.com.br\\\/portal\\\/?p=158092#respond\"]}]},{\"@type\":\"WebPage\",\"@id\":\"https:\\\/\\\/aconteceunovale.com.br\\\/portal\\\/?p=158092\",\"url\":\"https:\\\/\\\/aconteceunovale.com.br\\\/portal\\\/?p=158092\",\"name\":\"Chuva provoca inunda\u00e7\u00f5es e deslizamentos em Caratinga - Aconteceu no Vale\",\"isPartOf\":{\"@id\":\"https:\\\/\\\/aconteceunovale.com.br\\\/portal\\\/#website\"},\"primaryImageOfPage\":{\"@id\":\"https:\\\/\\\/aconteceunovale.com.br\\\/portal\\\/?p=158092#primaryimage\"},\"image\":{\"@id\":\"https:\\\/\\\/aconteceunovale.com.br\\\/portal\\\/?p=158092#primaryimage\"},\"thumbnailUrl\":\"https:\\\/\\\/aconteceunovale.com.br\\\/portal\\\/wp-content\\\/uploads\\\/2020\\\/01\\\/chuva_caratinga_1.jpg\",\"datePublished\":\"2020-01-26T00:25:54+00:00\",\"dateModified\":\"2020-01-26T00:52:50+00:00\",\"author\":{\"@id\":\"https:\\\/\\\/aconteceunovale.com.br\\\/portal\\\/#\\\/schema\\\/person\\\/633529146f2c94272bef50ac2953d589\"},\"breadcrumb\":{\"@id\":\"https:\\\/\\\/aconteceunovale.com.br\\\/portal\\\/?p=158092#breadcrumb\"},\"inLanguage\":\"pt-BR\",\"potentialAction\":[{\"@type\":\"ReadAction\",\"target\":[\"https:\\\/\\\/aconteceunovale.com.br\\\/portal\\\/?p=158092\"]}]},{\"@type\":\"ImageObject\",\"inLanguage\":\"pt-BR\",\"@id\":\"https:\\\/\\\/aconteceunovale.com.br\\\/portal\\\/?p=158092#primaryimage\",\"url\":\"https:\\\/\\\/aconteceunovale.com.br\\\/portal\\\/wp-content\\\/uploads\\\/2020\\\/01\\\/chuva_caratinga_1.jpg\",\"contentUrl\":\"https:\\\/\\\/aconteceunovale.com.br\\\/portal\\\/wp-content\\\/uploads\\\/2020\\\/01\\\/chuva_caratinga_1.jpg\",\"width\":667,\"height\":450},{\"@type\":\"BreadcrumbList\",\"@id\":\"https:\\\/\\\/aconteceunovale.com.br\\\/portal\\\/?p=158092#breadcrumb\",\"itemListElement\":[{\"@type\":\"ListItem\",\"position\":1,\"name\":\"In\u00edcio\",\"item\":\"https:\\\/\\\/aconteceunovale.com.br\\\/portal\\\/\"},{\"@type\":\"ListItem\",\"position\":2,\"name\":\"Chuva provoca inunda\u00e7\u00f5es e deslizamentos em Caratinga\"}]},{\"@type\":\"WebSite\",\"@id\":\"https:\\\/\\\/aconteceunovale.com.br\\\/portal\\\/#website\",\"url\":\"https:\\\/\\\/aconteceunovale.com.br\\\/portal\\\/\",\"name\":\"Aconteceu no Vale\",\"description\":\"Portal de Not\u00edcias\",\"potentialAction\":[{\"@type\":\"SearchAction\",\"target\":{\"@type\":\"EntryPoint\",\"urlTemplate\":\"https:\\\/\\\/aconteceunovale.com.br\\\/portal\\\/?s={search_term_string}\"},\"query-input\":{\"@type\":\"PropertyValueSpecification\",\"valueRequired\":true,\"valueName\":\"search_term_string\"}}],\"inLanguage\":\"pt-BR\"},{\"@type\":\"Person\",\"@id\":\"https:\\\/\\\/aconteceunovale.com.br\\\/portal\\\/#\\\/schema\\\/person\\\/633529146f2c94272bef50ac2953d589\",\"name\":\"Aconteceu no Vale\",\"description\":\"Equipe de reportagem do Aconteceu no Vale, portal de not\u00edcias do Vale do Jequitinhonha, em Minas Gerais. Cobrimos as 51 cidades do Vale desde 2013. Sugest\u00f5es de pauta e pedidos de corre\u00e7\u00e3o: contato@aconteceunovale.com.br\",\"sameAs\":[\"http:\\\/\\\/www.aconteceunovale.com.br\"],\"url\":\"https:\\\/\\\/aconteceunovale.com.br\\\/portal\\\/?author=1\"}]}<\/script>\n<!-- \/ Yoast SEO plugin. -->","yoast_head_json":{"title":"Chuva provoca inunda\u00e7\u00f5es e deslizamentos em Caratinga - Aconteceu no Vale","robots":{"index":"index","follow":"follow","max-snippet":"max-snippet:-1","max-image-preview":"max-image-preview:large","max-video-preview":"max-video-preview:-1"},"canonical":"https:\/\/aconteceunovale.com.br\/portal\/?p=158092","og_locale":"pt_BR","og_type":"article","og_title":"Chuva provoca inunda\u00e7\u00f5es e deslizamentos em Caratinga - Aconteceu no Vale","og_description":"Uma forte chuva inundou ruas e causou estragos em Caratinga, no Vale do Rio Doce, na madrugada deste s\u00e1bado (25\/01\/2020). A Defesa Civil registrou ocorr\u00eancias de desabamentos e deslizamentos de encostas. Segundo a Defesa Civil, tr\u00eas fam\u00edlias que estavam em \u00e1reas de risco foram levadas para um abrigo da Prefeitura. O \u00f3rg\u00e3o informou que est\u00e1 [&hellip;]","og_url":"https:\/\/aconteceunovale.com.br\/portal\/?p=158092","og_site_name":"Aconteceu no Vale","article_publisher":"https:\/\/www.facebook.com\/aconteceunovale\/","article_published_time":"2020-01-26T00:25:54+00:00","article_modified_time":"2020-01-26T00:52:50+00:00","og_image":[{"width":667,"height":450,"url":"https:\/\/aconteceunovale.com.br\/portal\/wp-content\/uploads\/2020\/01\/chuva_caratinga_1.jpg","type":"image\/jpeg"}],"author":"Aconteceu no Vale","twitter_card":"summary_large_image","twitter_creator":"@noticiadosvales","twitter_site":"@noticiadosvales","twitter_misc":{"Escrito por":"Aconteceu no Vale","Est. tempo de leitura":"3 minutos"},"schema":{"@context":"https:\/\/schema.org","@graph":[{"@type":"Article","@id":"https:\/\/aconteceunovale.com.br\/portal\/?p=158092#article","isPartOf":{"@id":"https:\/\/aconteceunovale.com.br\/portal\/?p=158092"},"author":{"name":"Aconteceu no Vale","@id":"https:\/\/aconteceunovale.com.br\/portal\/#\/schema\/person\/633529146f2c94272bef50ac2953d589"},"headline":"Chuva provoca inunda\u00e7\u00f5es e deslizamentos em Caratinga","datePublished":"2020-01-26T00:25:54+00:00","dateModified":"2020-01-26T00:52:50+00:00","mainEntityOfPage":{"@id":"https:\/\/aconteceunovale.com.br\/portal\/?p=158092"},"wordCount":522,"commentCount":0,"image":{"@id":"https:\/\/aconteceunovale.com.br\/portal\/?p=158092#primaryimage"},"thumbnailUrl":"https:\/\/aconteceunovale.com.br\/portal\/wp-content\/uploads\/2020\/01\/chuva_caratinga_1.jpg","keywords":["Caratinga","Chuva em Caratinga","Chuva provoca inunda\u00e7\u00f5es e deslizamentos em Caratinga","Deslizamento de terra em Caratinga","Enchente em Caratinga","Inunda\u00e7\u00e3o em Caratinga","Temporal em Caratinga"],"articleSection":["Leste de Minas"],"inLanguage":"pt-BR","potentialAction":[{"@type":"CommentAction","name":"Comment","target":["https:\/\/aconteceunovale.com.br\/portal\/?p=158092#respond"]}]},{"@type":"WebPage","@id":"https:\/\/aconteceunovale.com.br\/portal\/?p=158092","url":"https:\/\/aconteceunovale.com.br\/portal\/?p=158092","name":"Chuva provoca inunda\u00e7\u00f5es e deslizamentos em Caratinga - Aconteceu no Vale","isPartOf":{"@id":"https:\/\/aconteceunovale.com.br\/portal\/#website"},"primaryImageOfPage":{"@id":"https:\/\/aconteceunovale.com.br\/portal\/?p=158092#primaryimage"},"image":{"@id":"https:\/\/aconteceunovale.com.br\/portal\/?p=158092#primaryimage"},"thumbnailUrl":"https:\/\/aconteceunovale.com.br\/portal\/wp-content\/uploads\/2020\/01\/chuva_caratinga_1.jpg","datePublished":"2020-01-26T00:25:54+00:00","dateModified":"2020-01-26T00:52:50+00:00","author":{"@id":"https:\/\/aconteceunovale.com.br\/portal\/#\/schema\/person\/633529146f2c94272bef50ac2953d589"},"breadcrumb":{"@id":"https:\/\/aconteceunovale.com.br\/portal\/?p=158092#breadcrumb"},"inLanguage":"pt-BR","potentialAction":[{"@type":"ReadAction","target":["https:\/\/aconteceunovale.com.br\/portal\/?p=158092"]}]},{"@type":"ImageObject","inLanguage":"pt-BR","@id":"https:\/\/aconteceunovale.com.br\/portal\/?p=158092#primaryimage","url":"https:\/\/aconteceunovale.com.br\/portal\/wp-content\/uploads\/2020\/01\/chuva_caratinga_1.jpg","contentUrl":"https:\/\/aconteceunovale.com.br\/portal\/wp-content\/uploads\/2020\/01\/chuva_caratinga_1.jpg","width":667,"height":450},{"@type":"BreadcrumbList","@id":"https:\/\/aconteceunovale.com.br\/portal\/?p=158092#breadcrumb","itemListElement":[{"@type":"ListItem","position":1,"name":"In\u00edcio","item":"https:\/\/aconteceunovale.com.br\/portal\/"},{"@type":"ListItem","position":2,"name":"Chuva provoca inunda\u00e7\u00f5es e deslizamentos em Caratinga"}]},{"@type":"WebSite","@id":"https:\/\/aconteceunovale.com.br\/portal\/#website","url":"https:\/\/aconteceunovale.com.br\/portal\/","name":"Aconteceu no Vale","description":"Portal de Not\u00edcias","potentialAction":[{"@type":"SearchAction","target":{"@type":"EntryPoint","urlTemplate":"https:\/\/aconteceunovale.com.br\/portal\/?s={search_term_string}"},"query-input":{"@type":"PropertyValueSpecification","valueRequired":true,"valueName":"search_term_string"}}],"inLanguage":"pt-BR"},{"@type":"Person","@id":"https:\/\/aconteceunovale.com.br\/portal\/#\/schema\/person\/633529146f2c94272bef50ac2953d589","name":"Aconteceu no Vale","description":"Equipe de reportagem do Aconteceu no Vale, portal de not\u00edcias do Vale do Jequitinhonha, em Minas Gerais. Cobrimos as 51 cidades do Vale desde 2013. Sugest\u00f5es de pauta e pedidos de corre\u00e7\u00e3o: contato@aconteceunovale.com.br","sameAs":["http:\/\/www.aconteceunovale.com.br"],"url":"https:\/\/aconteceunovale.com.br\/portal\/?author=1"}]}},"_links":{"self":[{"href":"https:\/\/aconteceunovale.com.br\/portal\/index.php?rest_route=\/wp\/v2\/posts\/158092","targetHints":{"allow":["GET"]}}],"collection":[{"href":"https:\/\/aconteceunovale.com.br\/portal\/index.php?rest_route=\/wp\/v2\/posts"}],"about":[{"href":"https:\/\/aconteceunovale.com.br\/portal\/index.php?rest_route=\/wp\/v2\/types\/post"}],"author":[{"embeddable":true,"href":"https:\/\/aconteceunovale.com.br\/portal\/index.php?rest_route=\/wp\/v2\/users\/1"}],"replies":[{"embeddable":true,"href":"https:\/\/aconteceunovale.com.br\/portal\/index.php?rest_route=%2Fwp%2Fv2%2Fcomments&post=158092"}],"version-history":[{"count":1,"href":"https:\/\/aconteceunovale.com.br\/portal\/index.php?rest_route=\/wp\/v2\/posts\/158092\/revisions"}],"predecessor-version":[{"id":158096,"href":"https:\/\/aconteceunovale.com.br\/portal\/index.php?rest_route=\/wp\/v2\/posts\/158092\/revisions\/158096"}],"wp:featuredmedia":[{"embeddable":true,"href":"https:\/\/aconteceunovale.com.br\/portal\/index.php?rest_route=\/wp\/v2\/media\/158093"}],"wp:attachment":[{"href":"https:\/\/aconteceunovale.com.br\/portal\/index.php?rest_route=%2Fwp%2Fv2%2Fmedia&parent=158092"}],"wp:term":[{"taxonomy":"category","embeddable":true,"href":"https:\/\/aconteceunovale.com.br\/portal\/index.php?rest_route=%2Fwp%2Fv2%2Fcategories&post=158092"},{"taxonomy":"post_tag","embeddable":true,"href":"https:\/\/aconteceunovale.com.br\/portal\/index.php?rest_route=%2Fwp%2Fv2%2Ftags&post=158092"}],"curies":[{"name":"wp","href":"https:\/\/api.w.org\/{rel}","templated":true}]}}