{"id":158075,"date":"2020-01-25T18:56:41","date_gmt":"2020-01-25T21:56:41","guid":{"rendered":"http:\/\/aconteceunovale.com.br\/portal\/?p=158075"},"modified":"2020-01-26T00:26:10","modified_gmt":"2020-01-26T03:26:10","slug":"chuvas-deixam-ao-menos-30-mortos-em-minas-gerais","status":"publish","type":"post","link":"https:\/\/aconteceunovale.com.br\/portal\/?p=158075","title":{"rendered":"Chuvas deixam ao menos 30 mortos em Minas Gerais"},"content":{"rendered":"\n<p class=\"wp-block-paragraph\">Os fortes temporais que atingem Minas Gerais j\u00e1 fizeram pelo menos 30 mortes. V\u00e1rias pessoas est\u00e3o desaparecidas e o n\u00famero de \u00f3bitos ainda pode aumentar. No total, mais de tr\u00eas mil foram atingidas pelas chuvas, que castigam 47 munic\u00edpios, principalmente na Regi\u00e3o Metropolitana de Belo Horizonte e no Leste do Estado.<\/p>\n\n\n\n<p class=\"wp-block-paragraph\">As ocorr\u00eancias com mortes foram registradas em Ibirit\u00e9, Betim, Belo Horizonte, Matip\u00f3, Pedra Bonita, Manhua\u00e7u, Alto Jequitib\u00e1, Contagem e Simon\u00e9sia.<\/p>\n\n\n\n<p class=\"wp-block-paragraph\">De acordo com a Defesa Civil estadual, at\u00e9 hoje (25\/01\/2020), foram contabilizados sete feridos, 2.620 desalojados e 911 desabrigados. As ocorr\u00eancias de maior risco s\u00e3o aquelas classificadas pelas autoridades como \u201crisco geol\u00f3gico\u201d, com possibilidade de deslizamentos e soterramentos. Parte das mortes se deu dessa maneira ontem (24), na cidade de Ibirit\u00e9. <\/p>\n\n\n\n<p class=\"wp-block-paragraph\">Entre quinta e sexta-feira, foi registrado o maior volume de\nchuva em Belo Horizonte desde que teve in\u00edcio o monitoramento, no ano de 1910.<\/p>\n\n\n\n<p class=\"wp-block-paragraph\">De acordo com a Defesa Civil, h\u00e1 risco grande de deslizamento em\nnove cidades da Regi\u00e3o Metropolitana de Belo Horizonte: Sabar\u00e1, Rio Acima,\nBrumadinho, Contagem, Nova Lima, Betim, Ribeir\u00e3o das Neves e Ibirit\u00e9, al\u00e9m da\npr\u00f3pria capital. Em Belo Horizonte, somente ontem foram registradas 72\nocorr\u00eancias deste tipo.<\/p>\n\n\n\n<p class=\"wp-block-paragraph\">O Corpo de Bombeiros afirmou, em entrevista coletiva, na manh\u00e3\nde hoje, que enfrenta dificuldades para atender parte das ocorr\u00eancias em raz\u00e3o\ndesse tipo de risco. Dois integrantes da corpora\u00e7\u00e3o chegaram a ficar\nsoterrados, mas foram resgatados, encaminhados ao hospital e para suas casas,\nsem ferimentos mais graves.<\/p>\n\n\n\n<p class=\"wp-block-paragraph\">O comandante da institui\u00e7\u00e3o no Estado, coronel Estev\u00e3o,\nressaltou que os moradores retirados de \u00e1reas de risco devem evitar esses\nlocais. \u201cPedimos aten\u00e7\u00e3o especial. As pessoas n\u00e3o devem retornar para os locais\ndemarcados como \u00e1rea de risco pela Defesa Civil e pelos Bombeiros. Em situa\u00e7\u00e3o\nde risco geol\u00f3gico \u00e9 preciso cuidado de toda a popula\u00e7\u00e3o\u201d, assinalou.<\/p>\n\n\n\n<p class=\"wp-block-paragraph\">H\u00e1 tamb\u00e9m possibilidade de alagamento e inunda\u00e7\u00e3o em pontos de\ncinco cidades: Belo Horizonte, Nova Lima, Ribeir\u00e3o das Neves, Santa Luzia e\nRaposos. Em Belo Horizonte, a Defesa Civil recebeu 54 chamados relacionados a\nesse tipo de situa\u00e7\u00e3o.<\/p>\n\n\n\n<p class=\"wp-block-paragraph\">A previs\u00e3o \u00e9 que a intensidade das chuvas reduza amanh\u00e3 (26). A Defesa Civil, o Corpo de Bombeiros e a Pol\u00edcia Militar continuam trabalhando no atendimento de ocorr\u00eancias tanto de risco geol\u00f3gico (como deslizamentos e soterramentos) quanto de risco hidrol\u00f3gico (como alagamentos e inunda\u00e7\u00f5es).<\/p>\n\n\n\n<figure class=\"wp-block-gallery columns-1 is-cropped wp-block-gallery-1 is-layout-flex wp-block-gallery-is-layout-flex\"><ul class=\"blocks-gallery-grid\"><li class=\"blocks-gallery-item\"><figure><img loading=\"lazy\" decoding=\"async\" width=\"678\" height=\"382\" src=\"http:\/\/aconteceunovale.com.br\/portal\/wp-content\/uploads\/2020\/01\/chuva_bh_1.jpg\" alt=\"\" data-id=\"158076\" class=\"wp-image-158076\" srcset=\"https:\/\/aconteceunovale.com.br\/portal\/wp-content\/uploads\/2020\/01\/chuva_bh_1.jpg 678w, https:\/\/aconteceunovale.com.br\/portal\/wp-content\/uploads\/2020\/01\/chuva_bh_1-300x169.jpg 300w\" sizes=\"auto, (max-width: 678px) 100vw, 678px\" \/><figcaption class=\"blocks-gallery-item__caption\"><em>Bombeiros durante resgate em BH (Foto: Globocop \/ G1)<\/em><\/figcaption><\/figure><\/li><\/ul><\/figure>\n\n\n\n<h4 class=\"wp-block-heading\"><strong>\u00d3BITOS CONFIRMADOS<\/strong><\/h4>\n\n\n\n<ul class=\"wp-block-list\"><li>Betim &#8211; 6 mortes<\/li><li>Ibirit\u00e9 &#8211; 4 mortes<\/li><li>Alto Capar\u00f3 &#8211; 3 mortes<\/li><li>Alto Jequitib\u00e1 &#8211; 3 mortes<\/li><li>Simon\u00e9sia &#8211; 3 mortes<\/li><li>Belo Horizonte &#8211; 2 mortes<\/li><li>Luisburgo &#8211; 2 mortes<\/li><li>Pedra Bonita &#8211; 2 mortes<\/li><li>Contagem &#8211; 1 morte<\/li><li>Divino &#8211; 1 morte<\/li><li>Manhua\u00e7u &#8211; 1 morte<\/li><li>Santa Margarida &#8211; 1 morte<\/li><li>Tocantins &#8211; 1 morte<\/li><\/ul>\n\n\n\n<p class=\"has-text-color has-background has-very-light-gray-color has-very-dark-gray-background-color wp-block-paragraph\">Quer saber as not\u00edcias do <strong>Aconteceu no Vale<\/strong> em primeira m\u00e3o? Siga-nos no Facebook <a rel=\"noreferrer noopener\" href=\"http:\/\/facebook.com\/aconteceunovale\" target=\"_blank\">@aconteceunovale<\/a>, Twitter <a rel=\"noreferrer noopener\" href=\"https:\/\/twitter.com\/noticiadosvales\" target=\"_blank\">@noticiadosvales<\/a> e Instagram <a rel=\"noreferrer noopener\" href=\"https:\/\/www.instagram.com\/aconteceunovale\" target=\"_blank\">@aconteceunovale<\/a>.<\/p>\n","protected":false},"excerpt":{"rendered":"<p>Os fortes temporais que atingem Minas Gerais j\u00e1 fizeram pelo menos 30 mortes. V\u00e1rias pessoas est\u00e3o desaparecidas e o n\u00famero de \u00f3bitos ainda pode aumentar. No total, mais de tr\u00eas mil foram atingidas pelas chuvas, que castigam 47 munic\u00edpios, principalmente na Regi\u00e3o Metropolitana de Belo Horizonte e no Leste do Estado. As ocorr\u00eancias com mortes [&hellip;]<\/p>\n","protected":false},"author":1,"featured_media":158076,"comment_status":"open","ping_status":"closed","sticky":false,"template":"","format":"standard","meta":{"amp_status":"","footnotes":""},"categories":[123],"tags":[273,215495,957,24486,1531,1504,193,194,1495,1510,3687,237,1503,215509,32561,215493,215506,628,1528,956,197,215511,68280,215507,1018,215494,199,1513,200,1494,36840,215497,36839,201,202,6983,1544,203,206,207,209,3691,215496,215513,215512,1502,10060,211,962,212,213,214,1489,4684,254,1783,215,217,216,18655,9546,218,1540,27457,1532,2451,215505,215508,215510,215284,1533,219,220,221,222,223,18771,161218],"class_list":["post-158075","post","type-post","status-publish","format-standard","has-post-thumbnail","hentry","category-gerais","tag-aimores","tag-alerta-defesa-civil","tag-alfenas","tag-alto-jequitiba","tag-andrelandia","tag-araxa","tag-barbacena","tag-belo-horizonte","tag-betim","tag-bom-despacho","tag-campo-belo","tag-caratinga","tag-cataguases","tag-chuva-em-ibirite","tag-chuva-em-minas-gerais","tag-chuva-severa-em-minas-gerais","tag-chuvas-deixam-ao-menos-30-mortos-em-minas-gerais","tag-conceicao-do-mato-dentro","tag-conselheiro-lafaiete","tag-contagem","tag-curvelo","tag-defesa-civil-confirma-30-mortes-em-minas-gerais-por-causa-da-chuva","tag-defesa-civil-de-minas-gerais","tag-deslizamento-de-terra-em-ibirite","tag-destaque","tag-dicas-de-seguranca-da-defesa-civil-de-minas-gerais","tag-divinopolis","tag-formiga","tag-frutal","tag-ibirite","tag-igam","tag-igam-alerta-para-chuva-severa-em-mais-de-50-municipios-de-minas-gerais","tag-instituto-mineiro-de-gestao-das-aguas","tag-ipatinga","tag-itabira","tag-itaguara","tag-itajuba","tag-ituiutaba","tag-juiz-de-fora","tag-lavras","tag-manhuacu","tag-matipo","tag-mensagem-defesa-civil","tag-mortes-durante-a-chuva-em-minas-gerais","tag-mortos-na-chuva-em-minas-gerais","tag-muriae","tag-oliveira","tag-ouro-preto","tag-para-de-minas","tag-paracatu","tag-passos","tag-patos-de-minas","tag-patrocinio","tag-pedra-bonita","tag-pirapora","tag-piumhi","tag-pocos-de-caldas","tag-ponte-nova","tag-pouso-alegre","tag-rmbh","tag-santa-rita-do-sapucai","tag-sao-joao-del-rei","tag-sao-lourenco","tag-sao-sebastiao","tag-sete-lagoas","tag-simonesia","tag-sobe-para-30-o-numero-de-mortes-causadas-pelas-chuvas-em-minas","tag-soterrados-em-ibirite","tag-temporal-em-ibirite","tag-temporal-em-minas-gerais","tag-tres-marias","tag-uba","tag-uberaba","tag-uberlandia","tag-unai","tag-varginha","tag-vicosa","tag-vitimas-da-chuva-em-minas-gerais"],"yoast_head":"<!-- This site is optimized with the Yoast SEO plugin v28.3 - https:\/\/yoast.com\/product\/yoast-seo-wordpress\/ -->\n<title>Chuvas deixam ao menos 30 mortos em Minas Gerais - Aconteceu no Vale<\/title>\n<meta name=\"robots\" content=\"index, follow, max-snippet:-1, max-image-preview:large, max-video-preview:-1\" \/>\n<link rel=\"canonical\" href=\"https:\/\/aconteceunovale.com.br\/portal\/?p=158075\" \/>\n<meta property=\"og:locale\" content=\"pt_BR\" \/>\n<meta property=\"og:type\" content=\"article\" \/>\n<meta property=\"og:title\" content=\"Chuvas deixam ao menos 30 mortos em Minas Gerais - Aconteceu no Vale\" \/>\n<meta property=\"og:description\" content=\"Os fortes temporais que atingem Minas Gerais j\u00e1 fizeram pelo menos 30 mortes. V\u00e1rias pessoas est\u00e3o desaparecidas e o n\u00famero de \u00f3bitos ainda pode aumentar. No total, mais de tr\u00eas mil foram atingidas pelas chuvas, que castigam 47 munic\u00edpios, principalmente na Regi\u00e3o Metropolitana de Belo Horizonte e no Leste do Estado. As ocorr\u00eancias com mortes [&hellip;]\" \/>\n<meta property=\"og:url\" content=\"https:\/\/aconteceunovale.com.br\/portal\/?p=158075\" \/>\n<meta property=\"og:site_name\" content=\"Aconteceu no Vale\" \/>\n<meta property=\"article:publisher\" content=\"https:\/\/www.facebook.com\/aconteceunovale\/\" \/>\n<meta property=\"article:published_time\" content=\"2020-01-25T21:56:41+00:00\" \/>\n<meta property=\"article:modified_time\" content=\"2020-01-26T03:26:10+00:00\" \/>\n<meta property=\"og:image\" content=\"https:\/\/aconteceunovale.com.br\/portal\/wp-content\/uploads\/2020\/01\/chuva_bh_1.jpg\" \/>\n\t<meta property=\"og:image:width\" content=\"678\" \/>\n\t<meta property=\"og:image:height\" content=\"382\" \/>\n\t<meta property=\"og:image:type\" content=\"image\/jpeg\" \/>\n<meta name=\"author\" content=\"Aconteceu no Vale\" \/>\n<meta name=\"twitter:card\" content=\"summary_large_image\" \/>\n<meta name=\"twitter:creator\" content=\"@noticiadosvales\" \/>\n<meta name=\"twitter:site\" content=\"@noticiadosvales\" \/>\n<meta name=\"twitter:label1\" content=\"Escrito por\" \/>\n\t<meta name=\"twitter:data1\" content=\"Aconteceu no Vale\" \/>\n\t<meta name=\"twitter:label2\" content=\"Est. tempo de leitura\" \/>\n\t<meta name=\"twitter:data2\" content=\"2 minutos\" \/>\n<script type=\"application\/ld+json\" class=\"yoast-schema-graph\">{\"@context\":\"https:\\\/\\\/schema.org\",\"@graph\":[{\"@type\":\"Article\",\"@id\":\"https:\\\/\\\/aconteceunovale.com.br\\\/portal\\\/?p=158075#article\",\"isPartOf\":{\"@id\":\"https:\\\/\\\/aconteceunovale.com.br\\\/portal\\\/?p=158075\"},\"author\":{\"name\":\"Aconteceu no Vale\",\"@id\":\"https:\\\/\\\/aconteceunovale.com.br\\\/portal\\\/#\\\/schema\\\/person\\\/633529146f2c94272bef50ac2953d589\"},\"headline\":\"Chuvas deixam ao menos 30 mortos em Minas Gerais\",\"datePublished\":\"2020-01-25T21:56:41+00:00\",\"dateModified\":\"2020-01-26T03:26:10+00:00\",\"mainEntityOfPage\":{\"@id\":\"https:\\\/\\\/aconteceunovale.com.br\\\/portal\\\/?p=158075\"},\"wordCount\":492,\"commentCount\":0,\"image\":{\"@id\":\"https:\\\/\\\/aconteceunovale.com.br\\\/portal\\\/?p=158075#primaryimage\"},\"thumbnailUrl\":\"https:\\\/\\\/aconteceunovale.com.br\\\/portal\\\/wp-content\\\/uploads\\\/2020\\\/01\\\/chuva_bh_1.jpg\",\"keywords\":[\"Aimor\u00e9s\",\"Alerta Defesa Civil\",\"Alfenas\",\"Alto Jequitib\u00e1\",\"Andrel\u00e2ndia\",\"Arax\u00e1\",\"Barbacena\",\"Belo Horizonte\",\"Betim\",\"Bom Despacho\",\"Campo Belo\",\"Caratinga\",\"Cataguases\",\"Chuva em Ibirit\u00e9\",\"chuva em minas gerais\",\"Chuva severa em Minas Gerais\",\"Chuvas deixam ao menos 30 mortos em Minas Gerais\",\"Concei\u00e7\u00e3o do Mato Dentro\",\"Conselheiro Lafaiete\",\"Contagem\",\"Curvelo\",\"Defesa Civil confirma 30 mortes em Minas Gerais por causa da chuva\",\"Defesa Civil de Minas Gerais\",\"Deslizamento de terra em Ibirit\u00e9\",\"destaque\",\"Dicas de seguran\u00e7a da Defesa Civil de Minas Gerais\",\"Divin\u00f3polis\",\"Formiga\",\"Frutal\",\"Ibirit\u00e9\",\"Igam\",\"Igam alerta para chuva severa em mais de 50 munic\u00edpios de Minas Gerais\",\"Instituto Mineiro de Gest\u00e3o das \u00c1guas\",\"Ipatinga\",\"Itabira\",\"Itaguara\",\"Itajub\u00e1\",\"Ituiutaba\",\"Juiz de Fora\",\"Lavras\",\"Manhua\u00e7u\",\"Matip\u00f3\",\"Mensagem Defesa Civil\",\"Mortes durante a chuva em Minas Gerais\",\"Mortos na chuva em Minas Gerais\",\"Muria\u00e9\",\"Oliveira\",\"Ouro Preto\",\"Par\u00e1 de Minas\",\"Paracatu\",\"Passos\",\"Patos de Minas\",\"Patroc\u00ednio\",\"Pedra Bonita\",\"Pirapora\",\"Piumhi\",\"Po\u00e7os de Caldas\",\"Ponte Nova\",\"Pouso Alegre\",\"RMBH\",\"Santa Rita do Sapuca\u00ed\",\"S\u00e3o Jo\u00e3o del Rei\",\"S\u00e3o Louren\u00e7o\",\"S\u00e3o Sebasti\u00e3o\",\"Sete Lagoas\",\"Simon\u00e9sia\",\"Sobe para 30 o n\u00famero de mortes causadas pelas chuvas em Minas\",\"Soterrados em Ibirit\u00e9\",\"Temporal em Ibirit\u00e9\",\"Temporal em Minas Gerais\",\"Tr\u00eas Marias\",\"Ub\u00e1\",\"Uberaba\",\"Uberl\u00e2ndia\",\"Una\u00ed\",\"Varginha\",\"Vi\u00e7osa\",\"V\u00edtimas da Chuva em Minas Gerais\"],\"articleSection\":[\"Minas Gerais\"],\"inLanguage\":\"pt-BR\",\"potentialAction\":[{\"@type\":\"CommentAction\",\"name\":\"Comment\",\"target\":[\"https:\\\/\\\/aconteceunovale.com.br\\\/portal\\\/?p=158075#respond\"]}]},{\"@type\":\"WebPage\",\"@id\":\"https:\\\/\\\/aconteceunovale.com.br\\\/portal\\\/?p=158075\",\"url\":\"https:\\\/\\\/aconteceunovale.com.br\\\/portal\\\/?p=158075\",\"name\":\"Chuvas deixam ao menos 30 mortos em Minas Gerais - Aconteceu no Vale\",\"isPartOf\":{\"@id\":\"https:\\\/\\\/aconteceunovale.com.br\\\/portal\\\/#website\"},\"primaryImageOfPage\":{\"@id\":\"https:\\\/\\\/aconteceunovale.com.br\\\/portal\\\/?p=158075#primaryimage\"},\"image\":{\"@id\":\"https:\\\/\\\/aconteceunovale.com.br\\\/portal\\\/?p=158075#primaryimage\"},\"thumbnailUrl\":\"https:\\\/\\\/aconteceunovale.com.br\\\/portal\\\/wp-content\\\/uploads\\\/2020\\\/01\\\/chuva_bh_1.jpg\",\"datePublished\":\"2020-01-25T21:56:41+00:00\",\"dateModified\":\"2020-01-26T03:26:10+00:00\",\"author\":{\"@id\":\"https:\\\/\\\/aconteceunovale.com.br\\\/portal\\\/#\\\/schema\\\/person\\\/633529146f2c94272bef50ac2953d589\"},\"breadcrumb\":{\"@id\":\"https:\\\/\\\/aconteceunovale.com.br\\\/portal\\\/?p=158075#breadcrumb\"},\"inLanguage\":\"pt-BR\",\"potentialAction\":[{\"@type\":\"ReadAction\",\"target\":[\"https:\\\/\\\/aconteceunovale.com.br\\\/portal\\\/?p=158075\"]}]},{\"@type\":\"ImageObject\",\"inLanguage\":\"pt-BR\",\"@id\":\"https:\\\/\\\/aconteceunovale.com.br\\\/portal\\\/?p=158075#primaryimage\",\"url\":\"https:\\\/\\\/aconteceunovale.com.br\\\/portal\\\/wp-content\\\/uploads\\\/2020\\\/01\\\/chuva_bh_1.jpg\",\"contentUrl\":\"https:\\\/\\\/aconteceunovale.com.br\\\/portal\\\/wp-content\\\/uploads\\\/2020\\\/01\\\/chuva_bh_1.jpg\",\"width\":678,\"height\":382},{\"@type\":\"BreadcrumbList\",\"@id\":\"https:\\\/\\\/aconteceunovale.com.br\\\/portal\\\/?p=158075#breadcrumb\",\"itemListElement\":[{\"@type\":\"ListItem\",\"position\":1,\"name\":\"In\u00edcio\",\"item\":\"https:\\\/\\\/aconteceunovale.com.br\\\/portal\\\/\"},{\"@type\":\"ListItem\",\"position\":2,\"name\":\"Chuvas deixam ao menos 30 mortos em Minas Gerais\"}]},{\"@type\":\"WebSite\",\"@id\":\"https:\\\/\\\/aconteceunovale.com.br\\\/portal\\\/#website\",\"url\":\"https:\\\/\\\/aconteceunovale.com.br\\\/portal\\\/\",\"name\":\"Aconteceu no Vale\",\"description\":\"Portal de Not\u00edcias\",\"potentialAction\":[{\"@type\":\"SearchAction\",\"target\":{\"@type\":\"EntryPoint\",\"urlTemplate\":\"https:\\\/\\\/aconteceunovale.com.br\\\/portal\\\/?s={search_term_string}\"},\"query-input\":{\"@type\":\"PropertyValueSpecification\",\"valueRequired\":true,\"valueName\":\"search_term_string\"}}],\"inLanguage\":\"pt-BR\"},{\"@type\":\"Person\",\"@id\":\"https:\\\/\\\/aconteceunovale.com.br\\\/portal\\\/#\\\/schema\\\/person\\\/633529146f2c94272bef50ac2953d589\",\"name\":\"Aconteceu no Vale\",\"description\":\"Equipe de reportagem do Aconteceu no Vale, portal de not\u00edcias do Vale do Jequitinhonha, em Minas Gerais. Cobrimos as 51 cidades do Vale desde 2013. Sugest\u00f5es de pauta e pedidos de corre\u00e7\u00e3o: contato@aconteceunovale.com.br\",\"sameAs\":[\"http:\\\/\\\/www.aconteceunovale.com.br\"],\"url\":\"https:\\\/\\\/aconteceunovale.com.br\\\/portal\\\/?author=1\"}]}<\/script>\n<!-- \/ Yoast SEO plugin. -->","yoast_head_json":{"title":"Chuvas deixam ao menos 30 mortos em Minas Gerais - Aconteceu no Vale","robots":{"index":"index","follow":"follow","max-snippet":"max-snippet:-1","max-image-preview":"max-image-preview:large","max-video-preview":"max-video-preview:-1"},"canonical":"https:\/\/aconteceunovale.com.br\/portal\/?p=158075","og_locale":"pt_BR","og_type":"article","og_title":"Chuvas deixam ao menos 30 mortos em Minas Gerais - Aconteceu no Vale","og_description":"Os fortes temporais que atingem Minas Gerais j\u00e1 fizeram pelo menos 30 mortes. V\u00e1rias pessoas est\u00e3o desaparecidas e o n\u00famero de \u00f3bitos ainda pode aumentar. No total, mais de tr\u00eas mil foram atingidas pelas chuvas, que castigam 47 munic\u00edpios, principalmente na Regi\u00e3o Metropolitana de Belo Horizonte e no Leste do Estado. As ocorr\u00eancias com mortes [&hellip;]","og_url":"https:\/\/aconteceunovale.com.br\/portal\/?p=158075","og_site_name":"Aconteceu no Vale","article_publisher":"https:\/\/www.facebook.com\/aconteceunovale\/","article_published_time":"2020-01-25T21:56:41+00:00","article_modified_time":"2020-01-26T03:26:10+00:00","og_image":[{"width":678,"height":382,"url":"https:\/\/aconteceunovale.com.br\/portal\/wp-content\/uploads\/2020\/01\/chuva_bh_1.jpg","type":"image\/jpeg"}],"author":"Aconteceu no Vale","twitter_card":"summary_large_image","twitter_creator":"@noticiadosvales","twitter_site":"@noticiadosvales","twitter_misc":{"Escrito por":"Aconteceu no Vale","Est. tempo de leitura":"2 minutos"},"schema":{"@context":"https:\/\/schema.org","@graph":[{"@type":"Article","@id":"https:\/\/aconteceunovale.com.br\/portal\/?p=158075#article","isPartOf":{"@id":"https:\/\/aconteceunovale.com.br\/portal\/?p=158075"},"author":{"name":"Aconteceu no Vale","@id":"https:\/\/aconteceunovale.com.br\/portal\/#\/schema\/person\/633529146f2c94272bef50ac2953d589"},"headline":"Chuvas deixam ao menos 30 mortos em Minas Gerais","datePublished":"2020-01-25T21:56:41+00:00","dateModified":"2020-01-26T03:26:10+00:00","mainEntityOfPage":{"@id":"https:\/\/aconteceunovale.com.br\/portal\/?p=158075"},"wordCount":492,"commentCount":0,"image":{"@id":"https:\/\/aconteceunovale.com.br\/portal\/?p=158075#primaryimage"},"thumbnailUrl":"https:\/\/aconteceunovale.com.br\/portal\/wp-content\/uploads\/2020\/01\/chuva_bh_1.jpg","keywords":["Aimor\u00e9s","Alerta Defesa Civil","Alfenas","Alto Jequitib\u00e1","Andrel\u00e2ndia","Arax\u00e1","Barbacena","Belo Horizonte","Betim","Bom Despacho","Campo Belo","Caratinga","Cataguases","Chuva em Ibirit\u00e9","chuva em minas gerais","Chuva severa em Minas Gerais","Chuvas deixam ao menos 30 mortos em Minas Gerais","Concei\u00e7\u00e3o do Mato Dentro","Conselheiro Lafaiete","Contagem","Curvelo","Defesa Civil confirma 30 mortes em Minas Gerais por causa da chuva","Defesa Civil de Minas Gerais","Deslizamento de terra em Ibirit\u00e9","destaque","Dicas de seguran\u00e7a da Defesa Civil de Minas Gerais","Divin\u00f3polis","Formiga","Frutal","Ibirit\u00e9","Igam","Igam alerta para chuva severa em mais de 50 munic\u00edpios de Minas Gerais","Instituto Mineiro de Gest\u00e3o das \u00c1guas","Ipatinga","Itabira","Itaguara","Itajub\u00e1","Ituiutaba","Juiz de Fora","Lavras","Manhua\u00e7u","Matip\u00f3","Mensagem Defesa Civil","Mortes durante a chuva em Minas Gerais","Mortos na chuva em Minas Gerais","Muria\u00e9","Oliveira","Ouro Preto","Par\u00e1 de Minas","Paracatu","Passos","Patos de Minas","Patroc\u00ednio","Pedra Bonita","Pirapora","Piumhi","Po\u00e7os de Caldas","Ponte Nova","Pouso Alegre","RMBH","Santa Rita do Sapuca\u00ed","S\u00e3o Jo\u00e3o del Rei","S\u00e3o Louren\u00e7o","S\u00e3o Sebasti\u00e3o","Sete Lagoas","Simon\u00e9sia","Sobe para 30 o n\u00famero de mortes causadas pelas chuvas em Minas","Soterrados em Ibirit\u00e9","Temporal em Ibirit\u00e9","Temporal em Minas Gerais","Tr\u00eas Marias","Ub\u00e1","Uberaba","Uberl\u00e2ndia","Una\u00ed","Varginha","Vi\u00e7osa","V\u00edtimas da Chuva em Minas Gerais"],"articleSection":["Minas Gerais"],"inLanguage":"pt-BR","potentialAction":[{"@type":"CommentAction","name":"Comment","target":["https:\/\/aconteceunovale.com.br\/portal\/?p=158075#respond"]}]},{"@type":"WebPage","@id":"https:\/\/aconteceunovale.com.br\/portal\/?p=158075","url":"https:\/\/aconteceunovale.com.br\/portal\/?p=158075","name":"Chuvas deixam ao menos 30 mortos em Minas Gerais - Aconteceu no Vale","isPartOf":{"@id":"https:\/\/aconteceunovale.com.br\/portal\/#website"},"primaryImageOfPage":{"@id":"https:\/\/aconteceunovale.com.br\/portal\/?p=158075#primaryimage"},"image":{"@id":"https:\/\/aconteceunovale.com.br\/portal\/?p=158075#primaryimage"},"thumbnailUrl":"https:\/\/aconteceunovale.com.br\/portal\/wp-content\/uploads\/2020\/01\/chuva_bh_1.jpg","datePublished":"2020-01-25T21:56:41+00:00","dateModified":"2020-01-26T03:26:10+00:00","author":{"@id":"https:\/\/aconteceunovale.com.br\/portal\/#\/schema\/person\/633529146f2c94272bef50ac2953d589"},"breadcrumb":{"@id":"https:\/\/aconteceunovale.com.br\/portal\/?p=158075#breadcrumb"},"inLanguage":"pt-BR","potentialAction":[{"@type":"ReadAction","target":["https:\/\/aconteceunovale.com.br\/portal\/?p=158075"]}]},{"@type":"ImageObject","inLanguage":"pt-BR","@id":"https:\/\/aconteceunovale.com.br\/portal\/?p=158075#primaryimage","url":"https:\/\/aconteceunovale.com.br\/portal\/wp-content\/uploads\/2020\/01\/chuva_bh_1.jpg","contentUrl":"https:\/\/aconteceunovale.com.br\/portal\/wp-content\/uploads\/2020\/01\/chuva_bh_1.jpg","width":678,"height":382},{"@type":"BreadcrumbList","@id":"https:\/\/aconteceunovale.com.br\/portal\/?p=158075#breadcrumb","itemListElement":[{"@type":"ListItem","position":1,"name":"In\u00edcio","item":"https:\/\/aconteceunovale.com.br\/portal\/"},{"@type":"ListItem","position":2,"name":"Chuvas deixam ao menos 30 mortos em Minas Gerais"}]},{"@type":"WebSite","@id":"https:\/\/aconteceunovale.com.br\/portal\/#website","url":"https:\/\/aconteceunovale.com.br\/portal\/","name":"Aconteceu no Vale","description":"Portal de Not\u00edcias","potentialAction":[{"@type":"SearchAction","target":{"@type":"EntryPoint","urlTemplate":"https:\/\/aconteceunovale.com.br\/portal\/?s={search_term_string}"},"query-input":{"@type":"PropertyValueSpecification","valueRequired":true,"valueName":"search_term_string"}}],"inLanguage":"pt-BR"},{"@type":"Person","@id":"https:\/\/aconteceunovale.com.br\/portal\/#\/schema\/person\/633529146f2c94272bef50ac2953d589","name":"Aconteceu no Vale","description":"Equipe de reportagem do Aconteceu no Vale, portal de not\u00edcias do Vale do Jequitinhonha, em Minas Gerais. Cobrimos as 51 cidades do Vale desde 2013. Sugest\u00f5es de pauta e pedidos de corre\u00e7\u00e3o: contato@aconteceunovale.com.br","sameAs":["http:\/\/www.aconteceunovale.com.br"],"url":"https:\/\/aconteceunovale.com.br\/portal\/?author=1"}]}},"_links":{"self":[{"href":"https:\/\/aconteceunovale.com.br\/portal\/index.php?rest_route=\/wp\/v2\/posts\/158075","targetHints":{"allow":["GET"]}}],"collection":[{"href":"https:\/\/aconteceunovale.com.br\/portal\/index.php?rest_route=\/wp\/v2\/posts"}],"about":[{"href":"https:\/\/aconteceunovale.com.br\/portal\/index.php?rest_route=\/wp\/v2\/types\/post"}],"author":[{"embeddable":true,"href":"https:\/\/aconteceunovale.com.br\/portal\/index.php?rest_route=\/wp\/v2\/users\/1"}],"replies":[{"embeddable":true,"href":"https:\/\/aconteceunovale.com.br\/portal\/index.php?rest_route=%2Fwp%2Fv2%2Fcomments&post=158075"}],"version-history":[{"count":2,"href":"https:\/\/aconteceunovale.com.br\/portal\/index.php?rest_route=\/wp\/v2\/posts\/158075\/revisions"}],"predecessor-version":[{"id":158113,"href":"https:\/\/aconteceunovale.com.br\/portal\/index.php?rest_route=\/wp\/v2\/posts\/158075\/revisions\/158113"}],"wp:featuredmedia":[{"embeddable":true,"href":"https:\/\/aconteceunovale.com.br\/portal\/index.php?rest_route=\/wp\/v2\/media\/158076"}],"wp:attachment":[{"href":"https:\/\/aconteceunovale.com.br\/portal\/index.php?rest_route=%2Fwp%2Fv2%2Fmedia&parent=158075"}],"wp:term":[{"taxonomy":"category","embeddable":true,"href":"https:\/\/aconteceunovale.com.br\/portal\/index.php?rest_route=%2Fwp%2Fv2%2Fcategories&post=158075"},{"taxonomy":"post_tag","embeddable":true,"href":"https:\/\/aconteceunovale.com.br\/portal\/index.php?rest_route=%2Fwp%2Fv2%2Ftags&post=158075"}],"curies":[{"name":"wp","href":"https:\/\/api.w.org\/{rel}","templated":true}]}}