{"id":158068,"date":"2020-01-24T22:57:20","date_gmt":"2020-01-25T01:57:20","guid":{"rendered":"http:\/\/aconteceunovale.com.br\/portal\/?p=158068"},"modified":"2026-09-02T13:26:00","modified_gmt":"2026-09-02T16:26:00","slug":"suspeito-de-matar-funcionario-de-distribuidora-durante-assalto-e-preso-em-minas-novas","status":"publish","type":"post","link":"https:\/\/aconteceunovale.com.br\/portal\/?p=158068","title":{"rendered":"Suspeito de matar funcion\u00e1rio de distribuidora durante assalto \u00e9 preso em Minas Novas"},"content":{"rendered":"\n<p class=\"wp-block-paragraph\">Um suspeito latroc\u00ednio foi preso temporariamente durante uma\nopera\u00e7\u00e3o da Pol\u00edcia Civil em Minas Novas, no Vale do Jequitinhonha, nesta\nsexta-feira (24\/01\/2020). Foram cumpridos ainda cinco mandados de busca e apreens\u00e3o.\nUm comparsa dele \u00e9 considerado foragido. O crime aconteceu no dia 17 deste m\u00eas.<\/p>\n\n\n\n<p class=\"wp-block-paragraph\">\u201cDois indiv\u00edduos chegaram em uma moto e atiraram em dire\u00e7\u00e3o a um\ncaminh\u00e3o de uma distribuidora [S\u00e3o Lucas]. Eles agiram com a inten\u00e7\u00e3o de roubar\u201d, explica a\ndelegada de Minas Novas, Carolina M\u00e1ximo Alves.<\/p>\n\n\n\n<p class=\"wp-block-paragraph\">Ap\u00f3s ser atingido no queixo, o passageiro Jean\nGomes da Silva, de 24 anos, pulou do ve\u00edculo em movimento e bateu a cabe\u00e7a. Ele foi\nsocorrido ao Hospital Doutor Badar\u00f3 J\u00fanior, em Minas Novas, mas precisou ser\nencaminhado para uma unidade de sa\u00fade em Diamantina devido \u00e0 gravidade dos\nferimentos. <\/p>\n\n\n\n<p class=\"wp-block-paragraph\">O jovem n\u00e3o resistiu e veio a \u00f3bito na manh\u00e3 desse domingo\n(19). O corpo foi velado em uma funer\u00e1ria de Capelinha e sepultado no Cemit\u00e9rio\nMunicipal nesta segunda-feira (20).<\/p>\n\n\n\n<p class=\"wp-block-paragraph\">Os criminosos fugiram sem levar nenhuma quantia. A Pol\u00edcia Civil\nn\u00e3o descarta a participa\u00e7\u00e3o de mais pessoas no latroc\u00ednio. Os dois alvos da\nopera\u00e7\u00e3o s\u00e3o investigados por outros crimes ocorridos em Minas Novas. O preso\nresponde em liberdade por um homic\u00eddio ocorrido em 2012.<\/p>\n\n\n\n<p class=\"wp-block-paragraph\">A delegada Carolina M\u00e1ximo Alves informou\nque a moto usada no crime foi roubada na semana anterior em Chapada do Norte.\nOs bandidos adulteraram o ve\u00edculo, que foi apreendido e devolvido ao dono.<\/p>\n\n\n\n<p class=\"wp-block-paragraph\">\u201c\u00c9 importante darmos respostas r\u00e1pidas aos crimes praticados\npara mostrar \u00e0 sociedade que a Pol\u00edcia Civil n\u00e3o tolera qualquer tipo de\npr\u00e1tica criminosa\u201d, destaca a delegada.<\/p>\n\n\n\n<p class=\"wp-block-paragraph\">A opera\u00e7\u00e3o contou com o apoio de 30 policiais civis e militares\nde Minas Novas, Capelinha e Chapada do Norte.<\/p>\n\n\n\n<p class=\"wp-block-paragraph\">O homem foi encaminhado para o Pres\u00eddio de Capelinha. As investiga\u00e7\u00f5es continuam e os materiais apreendidos passar\u00e3o por an\u00e1lise.<\/p>\n\n\n\n<figure class=\"wp-block-gallery columns-1 is-cropped wp-block-gallery-1 is-layout-flex wp-block-gallery-is-layout-flex\"><ul class=\"blocks-gallery-grid\"><li class=\"blocks-gallery-item\"><figure><img loading=\"lazy\" decoding=\"async\" width=\"600\" height=\"450\" src=\"http:\/\/aconteceunovale.com.br\/portal\/wp-content\/uploads\/2020\/01\/operacao_pc_minas_novas_1.jpeg\" alt=\"\" data-id=\"158070\" data-full-url=\"http:\/\/aconteceunovale.com.br\/portal\/wp-content\/uploads\/2020\/01\/operacao_pc_minas_novas_1.jpeg\" data-link=\"http:\/\/aconteceunovale.com.br\/portal\/?attachment_id=158070\" class=\"wp-image-158070\" srcset=\"https:\/\/aconteceunovale.com.br\/portal\/wp-content\/uploads\/2020\/01\/operacao_pc_minas_novas_1.jpeg 600w, https:\/\/aconteceunovale.com.br\/portal\/wp-content\/uploads\/2020\/01\/operacao_pc_minas_novas_1-300x225.jpeg 300w, https:\/\/aconteceunovale.com.br\/portal\/wp-content\/uploads\/2020\/01\/operacao_pc_minas_novas_1-80x60.jpeg 80w, https:\/\/aconteceunovale.com.br\/portal\/wp-content\/uploads\/2020\/01\/operacao_pc_minas_novas_1-265x198.jpeg 265w, https:\/\/aconteceunovale.com.br\/portal\/wp-content\/uploads\/2020\/01\/operacao_pc_minas_novas_1-560x420.jpeg 560w\" sizes=\"auto, (max-width: 600px) 100vw, 600px\" \/><figcaption class=\"blocks-gallery-item__caption\"><em>Foto: Pol\u00edcia Civil \/ Divulga\u00e7\u00e3o<\/em><\/figcaption><\/figure><\/li><li class=\"blocks-gallery-item\"><figure><img loading=\"lazy\" decoding=\"async\" width=\"600\" height=\"450\" src=\"http:\/\/aconteceunovale.com.br\/portal\/wp-content\/uploads\/2020\/01\/operacao_pc_minas_novas_2.jpeg\" alt=\"\" data-id=\"158069\" data-full-url=\"http:\/\/aconteceunovale.com.br\/portal\/wp-content\/uploads\/2020\/01\/operacao_pc_minas_novas_2.jpeg\" data-link=\"http:\/\/aconteceunovale.com.br\/portal\/?attachment_id=158069\" class=\"wp-image-158069\" srcset=\"https:\/\/aconteceunovale.com.br\/portal\/wp-content\/uploads\/2020\/01\/operacao_pc_minas_novas_2.jpeg 600w, https:\/\/aconteceunovale.com.br\/portal\/wp-content\/uploads\/2020\/01\/operacao_pc_minas_novas_2-300x225.jpeg 300w, https:\/\/aconteceunovale.com.br\/portal\/wp-content\/uploads\/2020\/01\/operacao_pc_minas_novas_2-80x60.jpeg 80w, https:\/\/aconteceunovale.com.br\/portal\/wp-content\/uploads\/2020\/01\/operacao_pc_minas_novas_2-265x198.jpeg 265w, https:\/\/aconteceunovale.com.br\/portal\/wp-content\/uploads\/2020\/01\/operacao_pc_minas_novas_2-560x420.jpeg 560w\" sizes=\"auto, (max-width: 600px) 100vw, 600px\" \/><figcaption class=\"blocks-gallery-item__caption\"> <em>Foto: Pol\u00edcia Civil \/ Divulga\u00e7\u00e3o<\/em> <\/figcaption><\/figure><\/li><\/ul><\/figure>\n\n\n\n<figure class=\"wp-block-gallery columns-1 is-cropped wp-block-gallery-2 is-layout-flex wp-block-gallery-is-layout-flex\"><ul class=\"blocks-gallery-grid\"><li class=\"blocks-gallery-item\"><figure><img decoding=\"async\" src=\"http:\/\/aconteceu.info\/pub\/assalto_sao_lucas_2.jpg\" alt=\"\"\/><figcaption class=\"blocks-gallery-item__caption\"><em>Foto: Reprodu\u00e7\u00e3o \/ WhatsApp<\/em><\/figcaption><\/figure><\/li><\/ul><\/figure>\n\n\n\n<p class=\"has-text-color has-background has-very-light-gray-color has-very-dark-gray-background-color wp-block-paragraph\">Quer saber as not\u00edcias do <strong>Aconteceu no Vale<\/strong> em primeira m\u00e3o? Siga-nos no Facebook <a rel=\"noreferrer noopener\" href=\"http:\/\/facebook.com\/aconteceunovale\" target=\"_blank\">@aconteceunovale<\/a>, Twitter <a rel=\"noreferrer noopener\" href=\"https:\/\/twitter.com\/noticiadosvales\" target=\"_blank\">@noticiadosvales<\/a> e Instagram <a rel=\"noreferrer noopener\" href=\"https:\/\/www.instagram.com\/aconteceunovale\" target=\"_blank\">@aconteceunovale<\/a>.<\/p>\n","protected":false},"excerpt":{"rendered":"<p>Um suspeito latroc\u00ednio foi preso temporariamente durante uma opera\u00e7\u00e3o da Pol\u00edcia Civil em Minas Novas, no Vale do Jequitinhonha, nesta sexta-feira (24\/01\/2020). Foram cumpridos ainda cinco mandados de busca e apreens\u00e3o. Um comparsa dele \u00e9 considerado foragido. O crime aconteceu no dia 17 deste m\u00eas. \u201cDois indiv\u00edduos chegaram em uma moto e atiraram em dire\u00e7\u00e3o [&hellip;]<\/p>\n","protected":false},"author":1,"featured_media":158070,"comment_status":"open","ping_status":"closed","sticky":false,"template":"","format":"standard","meta":{"amp_status":"","footnotes":""},"categories":[272561,120],"tags":[215081,215086,215075,215079,215077,215078,215076,215080,132,1018,198,215084,215073,137,215074,215083,215085,56698,215498,215082],"class_list":["post-158068","post","type-post","status-publish","format-standard","has-post-thumbnail","hentry","category-minas-novas","category-jequi","tag-assalto-a-caminhao-da-distribuidora-sao-lucas","tag-assalto-caminhao-de-capelinha","tag-assalto-em-minas-novas","tag-atingido-por-tiros-em-minas-novas","tag-baleado-durante-assalto-em-minas-novas","tag-baleado-durante-roubo-em-minas-novas","tag-baleado-em-minas-novas","tag-caminhao-atingido-por-tiros-em-minas-novas","tag-capelinha","tag-destaque","tag-diamantina","tag-jean-gomes-da-silva","tag-jovem-morre-apos-ser-baleado-durante-tentativa-de-assalto-no-municipio-de-minas-novas","tag-minas-novas","tag-policia-investiga-tentativa-de-assalto-que-resultou-em-morte-no-municipio-de-minas-novas","tag-roubo-caminhao-da-distribuidora-sao-lucas","tag-roubo-caminhao-de-capelinha","tag-roubo-em-minas-novas","tag-suspeito-de-matar-funcionario-de-distribuidora-durante-assalto-e-preso-em-minas-novas","tag-tiros-em-caminhao-da-distribuidora-sao-lucas"],"yoast_head":"<!-- This site is optimized with the Yoast SEO plugin v28.3 - https:\/\/yoast.com\/product\/yoast-seo-wordpress\/ -->\n<title>Suspeito de matar funcion\u00e1rio de distribuidora durante assalto \u00e9 preso em Minas Novas - Aconteceu no Vale<\/title>\n<meta name=\"robots\" content=\"index, follow, max-snippet:-1, max-image-preview:large, max-video-preview:-1\" \/>\n<link rel=\"canonical\" href=\"https:\/\/aconteceunovale.com.br\/portal\/?p=158068\" \/>\n<meta property=\"og:locale\" content=\"pt_BR\" \/>\n<meta property=\"og:type\" content=\"article\" \/>\n<meta property=\"og:title\" content=\"Suspeito de matar funcion\u00e1rio de distribuidora durante assalto \u00e9 preso em Minas Novas - Aconteceu no Vale\" \/>\n<meta property=\"og:description\" content=\"Um suspeito latroc\u00ednio foi preso temporariamente durante uma opera\u00e7\u00e3o da Pol\u00edcia Civil em Minas Novas, no Vale do Jequitinhonha, nesta sexta-feira (24\/01\/2020). Foram cumpridos ainda cinco mandados de busca e apreens\u00e3o. Um comparsa dele \u00e9 considerado foragido. O crime aconteceu no dia 17 deste m\u00eas. \u201cDois indiv\u00edduos chegaram em uma moto e atiraram em dire\u00e7\u00e3o [&hellip;]\" \/>\n<meta property=\"og:url\" content=\"https:\/\/aconteceunovale.com.br\/portal\/?p=158068\" \/>\n<meta property=\"og:site_name\" content=\"Aconteceu no Vale\" \/>\n<meta property=\"article:publisher\" content=\"https:\/\/www.facebook.com\/aconteceunovale\/\" \/>\n<meta property=\"article:published_time\" content=\"2020-01-25T01:57:20+00:00\" \/>\n<meta property=\"article:modified_time\" content=\"2026-09-02T16:26:00+00:00\" \/>\n<meta property=\"og:image\" content=\"https:\/\/aconteceunovale.com.br\/portal\/wp-content\/uploads\/2020\/01\/operacao_pc_minas_novas_1.jpeg\" \/>\n\t<meta property=\"og:image:width\" content=\"600\" \/>\n\t<meta property=\"og:image:height\" content=\"450\" \/>\n\t<meta property=\"og:image:type\" content=\"image\/jpeg\" \/>\n<meta name=\"author\" content=\"Aconteceu no Vale\" \/>\n<meta name=\"twitter:card\" content=\"summary_large_image\" \/>\n<meta name=\"twitter:creator\" content=\"@noticiadosvales\" \/>\n<meta name=\"twitter:site\" content=\"@noticiadosvales\" \/>\n<meta name=\"twitter:label1\" content=\"Escrito por\" \/>\n\t<meta name=\"twitter:data1\" content=\"Aconteceu no Vale\" \/>\n\t<meta name=\"twitter:label2\" content=\"Est. tempo de leitura\" \/>\n\t<meta name=\"twitter:data2\" content=\"2 minutos\" \/>\n<script type=\"application\/ld+json\" class=\"yoast-schema-graph\">{\"@context\":\"https:\\\/\\\/schema.org\",\"@graph\":[{\"@type\":\"Article\",\"@id\":\"https:\\\/\\\/aconteceunovale.com.br\\\/portal\\\/?p=158068#article\",\"isPartOf\":{\"@id\":\"https:\\\/\\\/aconteceunovale.com.br\\\/portal\\\/?p=158068\"},\"author\":{\"name\":\"Aconteceu no Vale\",\"@id\":\"https:\\\/\\\/aconteceunovale.com.br\\\/portal\\\/#\\\/schema\\\/person\\\/633529146f2c94272bef50ac2953d589\"},\"headline\":\"Suspeito de matar funcion\u00e1rio de distribuidora durante assalto \u00e9 preso em Minas Novas\",\"datePublished\":\"2020-01-25T01:57:20+00:00\",\"dateModified\":\"2026-09-02T16:26:00+00:00\",\"mainEntityOfPage\":{\"@id\":\"https:\\\/\\\/aconteceunovale.com.br\\\/portal\\\/?p=158068\"},\"wordCount\":378,\"commentCount\":0,\"image\":{\"@id\":\"https:\\\/\\\/aconteceunovale.com.br\\\/portal\\\/?p=158068#primaryimage\"},\"thumbnailUrl\":\"https:\\\/\\\/aconteceunovale.com.br\\\/portal\\\/wp-content\\\/uploads\\\/2020\\\/01\\\/operacao_pc_minas_novas_1.jpeg\",\"keywords\":[\"Assalto a caminh\u00e3o da distribuidora S\u00e3o Lucas\",\"Assalto caminh\u00e3o de Capelinha\",\"Assalto em Minas Novas\",\"Atingido por tiros em Minas Novas\",\"Baleado durante assalto em Minas Novas\",\"Baleado durante roubo em Minas Novas\",\"Baleado em Minas Novas\",\"Caminh\u00e3o atingido por tiros em Minas Novas\",\"Capelinha\",\"destaque\",\"Diamantina\",\"Jean Gomes da Silva\",\"Jovem morre ap\u00f3s ser baleado durante tentativa de assalto no munic\u00edpio de Minas Novas\",\"Minas Novas\",\"Pol\u00edcia investiga tentativa de assalto que resultou em morte no munic\u00edpio de Minas Novas\",\"Roubo caminh\u00e3o da distribuidora S\u00e3o Lucas\",\"Roubo caminh\u00e3o de Capelinha\",\"roubo em minas novas\",\"Suspeito de matar funcion\u00e1rio de distribuidora durante assalto \u00e9 preso em Minas Novas\",\"Tiros em caminh\u00e3o da distribuidora S\u00e3o Lucas\"],\"articleSection\":[\"Minas Novas\",\"Vale do Jequitinhonha\"],\"inLanguage\":\"pt-BR\",\"potentialAction\":[{\"@type\":\"CommentAction\",\"name\":\"Comment\",\"target\":[\"https:\\\/\\\/aconteceunovale.com.br\\\/portal\\\/?p=158068#respond\"]}]},{\"@type\":\"WebPage\",\"@id\":\"https:\\\/\\\/aconteceunovale.com.br\\\/portal\\\/?p=158068\",\"url\":\"https:\\\/\\\/aconteceunovale.com.br\\\/portal\\\/?p=158068\",\"name\":\"Suspeito de matar funcion\u00e1rio de distribuidora durante assalto \u00e9 preso em Minas Novas - Aconteceu no Vale\",\"isPartOf\":{\"@id\":\"https:\\\/\\\/aconteceunovale.com.br\\\/portal\\\/#website\"},\"primaryImageOfPage\":{\"@id\":\"https:\\\/\\\/aconteceunovale.com.br\\\/portal\\\/?p=158068#primaryimage\"},\"image\":{\"@id\":\"https:\\\/\\\/aconteceunovale.com.br\\\/portal\\\/?p=158068#primaryimage\"},\"thumbnailUrl\":\"https:\\\/\\\/aconteceunovale.com.br\\\/portal\\\/wp-content\\\/uploads\\\/2020\\\/01\\\/operacao_pc_minas_novas_1.jpeg\",\"datePublished\":\"2020-01-25T01:57:20+00:00\",\"dateModified\":\"2026-09-02T16:26:00+00:00\",\"author\":{\"@id\":\"https:\\\/\\\/aconteceunovale.com.br\\\/portal\\\/#\\\/schema\\\/person\\\/633529146f2c94272bef50ac2953d589\"},\"breadcrumb\":{\"@id\":\"https:\\\/\\\/aconteceunovale.com.br\\\/portal\\\/?p=158068#breadcrumb\"},\"inLanguage\":\"pt-BR\",\"potentialAction\":[{\"@type\":\"ReadAction\",\"target\":[\"https:\\\/\\\/aconteceunovale.com.br\\\/portal\\\/?p=158068\"]}]},{\"@type\":\"ImageObject\",\"inLanguage\":\"pt-BR\",\"@id\":\"https:\\\/\\\/aconteceunovale.com.br\\\/portal\\\/?p=158068#primaryimage\",\"url\":\"https:\\\/\\\/aconteceunovale.com.br\\\/portal\\\/wp-content\\\/uploads\\\/2020\\\/01\\\/operacao_pc_minas_novas_1.jpeg\",\"contentUrl\":\"https:\\\/\\\/aconteceunovale.com.br\\\/portal\\\/wp-content\\\/uploads\\\/2020\\\/01\\\/operacao_pc_minas_novas_1.jpeg\",\"width\":600,\"height\":450},{\"@type\":\"BreadcrumbList\",\"@id\":\"https:\\\/\\\/aconteceunovale.com.br\\\/portal\\\/?p=158068#breadcrumb\",\"itemListElement\":[{\"@type\":\"ListItem\",\"position\":1,\"name\":\"In\u00edcio\",\"item\":\"https:\\\/\\\/aconteceunovale.com.br\\\/portal\\\/\"},{\"@type\":\"ListItem\",\"position\":2,\"name\":\"Suspeito de matar funcion\u00e1rio de distribuidora durante assalto \u00e9 preso em Minas Novas\"}]},{\"@type\":\"WebSite\",\"@id\":\"https:\\\/\\\/aconteceunovale.com.br\\\/portal\\\/#website\",\"url\":\"https:\\\/\\\/aconteceunovale.com.br\\\/portal\\\/\",\"name\":\"Aconteceu no Vale\",\"description\":\"Portal de Not\u00edcias\",\"potentialAction\":[{\"@type\":\"SearchAction\",\"target\":{\"@type\":\"EntryPoint\",\"urlTemplate\":\"https:\\\/\\\/aconteceunovale.com.br\\\/portal\\\/?s={search_term_string}\"},\"query-input\":{\"@type\":\"PropertyValueSpecification\",\"valueRequired\":true,\"valueName\":\"search_term_string\"}}],\"inLanguage\":\"pt-BR\"},{\"@type\":\"Person\",\"@id\":\"https:\\\/\\\/aconteceunovale.com.br\\\/portal\\\/#\\\/schema\\\/person\\\/633529146f2c94272bef50ac2953d589\",\"name\":\"Aconteceu no Vale\",\"description\":\"Equipe de reportagem do Aconteceu no Vale, portal de not\u00edcias do Vale do Jequitinhonha, em Minas Gerais. Cobrimos as 51 cidades do Vale desde 2013. Sugest\u00f5es de pauta e pedidos de corre\u00e7\u00e3o: contato@aconteceunovale.com.br\",\"sameAs\":[\"http:\\\/\\\/www.aconteceunovale.com.br\"],\"url\":\"https:\\\/\\\/aconteceunovale.com.br\\\/portal\\\/?author=1\"}]}<\/script>\n<!-- \/ Yoast SEO plugin. -->","yoast_head_json":{"title":"Suspeito de matar funcion\u00e1rio de distribuidora durante assalto \u00e9 preso em Minas Novas - Aconteceu no Vale","robots":{"index":"index","follow":"follow","max-snippet":"max-snippet:-1","max-image-preview":"max-image-preview:large","max-video-preview":"max-video-preview:-1"},"canonical":"https:\/\/aconteceunovale.com.br\/portal\/?p=158068","og_locale":"pt_BR","og_type":"article","og_title":"Suspeito de matar funcion\u00e1rio de distribuidora durante assalto \u00e9 preso em Minas Novas - Aconteceu no Vale","og_description":"Um suspeito latroc\u00ednio foi preso temporariamente durante uma opera\u00e7\u00e3o da Pol\u00edcia Civil em Minas Novas, no Vale do Jequitinhonha, nesta sexta-feira (24\/01\/2020). Foram cumpridos ainda cinco mandados de busca e apreens\u00e3o. Um comparsa dele \u00e9 considerado foragido. O crime aconteceu no dia 17 deste m\u00eas. \u201cDois indiv\u00edduos chegaram em uma moto e atiraram em dire\u00e7\u00e3o [&hellip;]","og_url":"https:\/\/aconteceunovale.com.br\/portal\/?p=158068","og_site_name":"Aconteceu no Vale","article_publisher":"https:\/\/www.facebook.com\/aconteceunovale\/","article_published_time":"2020-01-25T01:57:20+00:00","article_modified_time":"2026-09-02T16:26:00+00:00","og_image":[{"width":600,"height":450,"url":"https:\/\/aconteceunovale.com.br\/portal\/wp-content\/uploads\/2020\/01\/operacao_pc_minas_novas_1.jpeg","type":"image\/jpeg"}],"author":"Aconteceu no Vale","twitter_card":"summary_large_image","twitter_creator":"@noticiadosvales","twitter_site":"@noticiadosvales","twitter_misc":{"Escrito por":"Aconteceu no Vale","Est. tempo de leitura":"2 minutos"},"schema":{"@context":"https:\/\/schema.org","@graph":[{"@type":"Article","@id":"https:\/\/aconteceunovale.com.br\/portal\/?p=158068#article","isPartOf":{"@id":"https:\/\/aconteceunovale.com.br\/portal\/?p=158068"},"author":{"name":"Aconteceu no Vale","@id":"https:\/\/aconteceunovale.com.br\/portal\/#\/schema\/person\/633529146f2c94272bef50ac2953d589"},"headline":"Suspeito de matar funcion\u00e1rio de distribuidora durante assalto \u00e9 preso em Minas Novas","datePublished":"2020-01-25T01:57:20+00:00","dateModified":"2026-09-02T16:26:00+00:00","mainEntityOfPage":{"@id":"https:\/\/aconteceunovale.com.br\/portal\/?p=158068"},"wordCount":378,"commentCount":0,"image":{"@id":"https:\/\/aconteceunovale.com.br\/portal\/?p=158068#primaryimage"},"thumbnailUrl":"https:\/\/aconteceunovale.com.br\/portal\/wp-content\/uploads\/2020\/01\/operacao_pc_minas_novas_1.jpeg","keywords":["Assalto a caminh\u00e3o da distribuidora S\u00e3o Lucas","Assalto caminh\u00e3o de Capelinha","Assalto em Minas Novas","Atingido por tiros em Minas Novas","Baleado durante assalto em Minas Novas","Baleado durante roubo em Minas Novas","Baleado em Minas Novas","Caminh\u00e3o atingido por tiros em Minas Novas","Capelinha","destaque","Diamantina","Jean Gomes da Silva","Jovem morre ap\u00f3s ser baleado durante tentativa de assalto no munic\u00edpio de Minas Novas","Minas Novas","Pol\u00edcia investiga tentativa de assalto que resultou em morte no munic\u00edpio de Minas Novas","Roubo caminh\u00e3o da distribuidora S\u00e3o Lucas","Roubo caminh\u00e3o de Capelinha","roubo em minas novas","Suspeito de matar funcion\u00e1rio de distribuidora durante assalto \u00e9 preso em Minas Novas","Tiros em caminh\u00e3o da distribuidora S\u00e3o Lucas"],"articleSection":["Minas Novas","Vale do Jequitinhonha"],"inLanguage":"pt-BR","potentialAction":[{"@type":"CommentAction","name":"Comment","target":["https:\/\/aconteceunovale.com.br\/portal\/?p=158068#respond"]}]},{"@type":"WebPage","@id":"https:\/\/aconteceunovale.com.br\/portal\/?p=158068","url":"https:\/\/aconteceunovale.com.br\/portal\/?p=158068","name":"Suspeito de matar funcion\u00e1rio de distribuidora durante assalto \u00e9 preso em Minas Novas - Aconteceu no Vale","isPartOf":{"@id":"https:\/\/aconteceunovale.com.br\/portal\/#website"},"primaryImageOfPage":{"@id":"https:\/\/aconteceunovale.com.br\/portal\/?p=158068#primaryimage"},"image":{"@id":"https:\/\/aconteceunovale.com.br\/portal\/?p=158068#primaryimage"},"thumbnailUrl":"https:\/\/aconteceunovale.com.br\/portal\/wp-content\/uploads\/2020\/01\/operacao_pc_minas_novas_1.jpeg","datePublished":"2020-01-25T01:57:20+00:00","dateModified":"2026-09-02T16:26:00+00:00","author":{"@id":"https:\/\/aconteceunovale.com.br\/portal\/#\/schema\/person\/633529146f2c94272bef50ac2953d589"},"breadcrumb":{"@id":"https:\/\/aconteceunovale.com.br\/portal\/?p=158068#breadcrumb"},"inLanguage":"pt-BR","potentialAction":[{"@type":"ReadAction","target":["https:\/\/aconteceunovale.com.br\/portal\/?p=158068"]}]},{"@type":"ImageObject","inLanguage":"pt-BR","@id":"https:\/\/aconteceunovale.com.br\/portal\/?p=158068#primaryimage","url":"https:\/\/aconteceunovale.com.br\/portal\/wp-content\/uploads\/2020\/01\/operacao_pc_minas_novas_1.jpeg","contentUrl":"https:\/\/aconteceunovale.com.br\/portal\/wp-content\/uploads\/2020\/01\/operacao_pc_minas_novas_1.jpeg","width":600,"height":450},{"@type":"BreadcrumbList","@id":"https:\/\/aconteceunovale.com.br\/portal\/?p=158068#breadcrumb","itemListElement":[{"@type":"ListItem","position":1,"name":"In\u00edcio","item":"https:\/\/aconteceunovale.com.br\/portal\/"},{"@type":"ListItem","position":2,"name":"Suspeito de matar funcion\u00e1rio de distribuidora durante assalto \u00e9 preso em Minas Novas"}]},{"@type":"WebSite","@id":"https:\/\/aconteceunovale.com.br\/portal\/#website","url":"https:\/\/aconteceunovale.com.br\/portal\/","name":"Aconteceu no Vale","description":"Portal de Not\u00edcias","potentialAction":[{"@type":"SearchAction","target":{"@type":"EntryPoint","urlTemplate":"https:\/\/aconteceunovale.com.br\/portal\/?s={search_term_string}"},"query-input":{"@type":"PropertyValueSpecification","valueRequired":true,"valueName":"search_term_string"}}],"inLanguage":"pt-BR"},{"@type":"Person","@id":"https:\/\/aconteceunovale.com.br\/portal\/#\/schema\/person\/633529146f2c94272bef50ac2953d589","name":"Aconteceu no Vale","description":"Equipe de reportagem do Aconteceu no Vale, portal de not\u00edcias do Vale do Jequitinhonha, em Minas Gerais. Cobrimos as 51 cidades do Vale desde 2013. Sugest\u00f5es de pauta e pedidos de corre\u00e7\u00e3o: contato@aconteceunovale.com.br","sameAs":["http:\/\/www.aconteceunovale.com.br"],"url":"https:\/\/aconteceunovale.com.br\/portal\/?author=1"}]}},"_links":{"self":[{"href":"https:\/\/aconteceunovale.com.br\/portal\/index.php?rest_route=\/wp\/v2\/posts\/158068","targetHints":{"allow":["GET"]}}],"collection":[{"href":"https:\/\/aconteceunovale.com.br\/portal\/index.php?rest_route=\/wp\/v2\/posts"}],"about":[{"href":"https:\/\/aconteceunovale.com.br\/portal\/index.php?rest_route=\/wp\/v2\/types\/post"}],"author":[{"embeddable":true,"href":"https:\/\/aconteceunovale.com.br\/portal\/index.php?rest_route=\/wp\/v2\/users\/1"}],"replies":[{"embeddable":true,"href":"https:\/\/aconteceunovale.com.br\/portal\/index.php?rest_route=%2Fwp%2Fv2%2Fcomments&post=158068"}],"version-history":[{"count":1,"href":"https:\/\/aconteceunovale.com.br\/portal\/index.php?rest_route=\/wp\/v2\/posts\/158068\/revisions"}],"predecessor-version":[{"id":158071,"href":"https:\/\/aconteceunovale.com.br\/portal\/index.php?rest_route=\/wp\/v2\/posts\/158068\/revisions\/158071"}],"wp:featuredmedia":[{"embeddable":true,"href":"https:\/\/aconteceunovale.com.br\/portal\/index.php?rest_route=\/wp\/v2\/media\/158070"}],"wp:attachment":[{"href":"https:\/\/aconteceunovale.com.br\/portal\/index.php?rest_route=%2Fwp%2Fv2%2Fmedia&parent=158068"}],"wp:term":[{"taxonomy":"category","embeddable":true,"href":"https:\/\/aconteceunovale.com.br\/portal\/index.php?rest_route=%2Fwp%2Fv2%2Fcategories&post=158068"},{"taxonomy":"post_tag","embeddable":true,"href":"https:\/\/aconteceunovale.com.br\/portal\/index.php?rest_route=%2Fwp%2Fv2%2Ftags&post=158068"}],"curies":[{"name":"wp","href":"https:\/\/api.w.org\/{rel}","templated":true}]}}