{"id":158052,"date":"2020-01-24T12:35:53","date_gmt":"2020-01-24T15:35:53","guid":{"rendered":"http:\/\/aconteceunovale.com.br\/portal\/?p=158052"},"modified":"2020-01-24T12:39:30","modified_gmt":"2020-01-24T15:39:30","slug":"trabalhos-de-artesaos-do-norte-e-nordeste-de-minas-estao-na-25a-feira-internacional-de-artesanato","status":"publish","type":"post","link":"https:\/\/aconteceunovale.com.br\/portal\/?p=158052","title":{"rendered":"Trabalhos de artes\u00e3os do Norte e Nordeste de Minas est\u00e3o na 25\u00aa Feira Internacional de Artesanato"},"content":{"rendered":"\n<p class=\"wp-block-paragraph\">Um estande de 142 metros quadrados foi montado para expor e comercializar o trabalho de cem artes\u00e3os mineiros das regi\u00f5es Norte e Nordeste na 25\u00aa Feira Internacional de Artesanato (Fiart), em Natal, no Rio Grande do Norte. O evento, que come\u00e7a nesta sexta-feira (24\/1) e vai at\u00e9 2 de fevereiro, ter\u00e1 a presen\u00e7a de 20 dos profissionais de Minas, selecionados por chamada p\u00fablica feita pelo\u00a0Instituto de Desenvolvimento do Norte e Nordeste de Minas Gerais (Idene), por meio da\u00a0Secretaria de Estado de Desenvolvimento Econ\u00f4mico (Sede)\u00a0e do Sebrae MG.\u00a0\u00a0<\/p>\n\n\n\n<p class=\"wp-block-paragraph\">A 25\u00aa Fiart \u00e9 realizada no Centro de Conven\u00e7\u00f5es de Natal e conta com a presen\u00e7a de artes\u00e3os das cinco regi\u00f5es do Brasil, al\u00e9m de alguns trabalhos internacionais. A expectativa de p\u00fablico chega a 100 mil pessoas durante os dez dias da feira. Na edi\u00e7\u00e3o passada, em 2019, foram movimentados R$ 7 milh\u00f5es. Para este ano, a organiza\u00e7\u00e3o espera um volume ainda maior.\u00a0<\/p>\n\n\n\n<p class=\"wp-block-paragraph\">Al\u00e9m do rico e diversificado artesanato, a feira conta com minicursos e oficinas, espa\u00e7o gastron\u00f4mico regional e cervejas artesanais do Rio Grande do Norte. Tamb\u00e9m est\u00e3o previstas manifesta\u00e7\u00f5es populares de arte e cultura com grupos tradicionais do estado, que \u00e9 reconhecido por ter um dos mais belos litorais do pa\u00eds.<\/p>\n\n\n\n<figure class=\"wp-block-gallery columns-1 is-cropped wp-block-gallery-1 is-layout-flex wp-block-gallery-is-layout-flex\"><ul class=\"blocks-gallery-grid\"><li class=\"blocks-gallery-item\"><figure><img loading=\"lazy\" decoding=\"async\" width=\"678\" height=\"450\" src=\"http:\/\/aconteceunovale.com.br\/portal\/wp-content\/uploads\/2020\/01\/artesanato_mg_1.jpg\" alt=\"\" data-id=\"158053\" data-full-url=\"http:\/\/aconteceunovale.com.br\/portal\/wp-content\/uploads\/2020\/01\/artesanato_mg_1.jpg\" data-link=\"http:\/\/aconteceunovale.com.br\/portal\/?attachment_id=158053\" class=\"wp-image-158053\" srcset=\"https:\/\/aconteceunovale.com.br\/portal\/wp-content\/uploads\/2020\/01\/artesanato_mg_1.jpg 678w, https:\/\/aconteceunovale.com.br\/portal\/wp-content\/uploads\/2020\/01\/artesanato_mg_1-300x199.jpg 300w, https:\/\/aconteceunovale.com.br\/portal\/wp-content\/uploads\/2020\/01\/artesanato_mg_1-633x420.jpg 633w\" sizes=\"auto, (max-width: 678px) 100vw, 678px\" \/><figcaption class=\"blocks-gallery-item__caption\"><em>Foto: Divulga\u00e7\u00e3o \/ Sede<\/em><\/figcaption><\/figure><\/li><\/ul><\/figure>\n\n\n\n<p class=\"wp-block-paragraph\"><strong>Est\u00edmulo<\/strong><\/p>\n\n\n\n<p class=\"wp-block-paragraph\">Como vem fazendo desde o ano passado em outras feiras, o Governo de Minas adquiriu o espa\u00e7o e realizou chamada p\u00fablica para selecionar artes\u00e3os individualmente, em associa\u00e7\u00f5es ou cooperativas. O diretor-geral do Idene, Nilson Borges, ressalta que o artesanato tem import\u00e2ncia econ\u00f4mica e social para os munic\u00edpios do Norte e Nordeste de Minas. \u201cEsse modelo que encontramos de contratar o estande tem dado certo, porque \u00e9 democr\u00e1tico ao permitir que os artes\u00e3os participem dos eventos sem custo de loca\u00e7\u00e3o. Al\u00e9m disso, a Sede entra com toda operacionaliza\u00e7\u00e3o e governan\u00e7a\u201d, ressalta Borges.\u00a0<\/p>\n\n\n\n<p class=\"wp-block-paragraph\">Segundo o secret\u00e1rio-adjunto de Desenvolvimento Econ\u00f4mico, Fernando Passalio, o artesanato mineiro tem potencial para conquistar, cada vez mais, novos mercados. \u201cEntendemos que, por ser um nicho ainda pouco explorado, principalmente no caso do artesanato de tradi\u00e7\u00e3o, e por ser alta temporada, teremos um excelente resultado. Isso mostra o compromisso do Estado em apoiar e proporcionar oportunidades aos nossos artes\u00e3os\u201d, avalia.<\/p>\n\n\n\n<p class=\"wp-block-paragraph\"><strong>Participantes<\/strong><\/p>\n\n\n\n<p class=\"wp-block-paragraph\">H\u00e1 18 anos, Maria do Socorro se tornou artes\u00e3 em Te\u00f3filo Otoni, a 450 quil\u00f4metros de Belo Horizonte. No Vale do Mucuri, ela cria e produz bijuterias de pedras lapidadas e cascalhos. Pela segunda vez, ela chega a Natal com boas expectativas para a 25\u00aa Fiart. Em sua bagagem foram aproximadamente 800 pe\u00e7as. \u201cEstive em Natal no ano passado e foi excelente, em 2020 tamb\u00e9m ser\u00e1\u201d, afirma.<\/p>\n\n\n\n<p class=\"wp-block-paragraph\">Esta \u00e9 a primeira vez que o artes\u00e3o M\u00e1rcio Barbosa Silva frequenta uma feira de renome nacional e internacional. Em Ara\u00e7ua\u00ed, no Vale do Jequitinhonha, a 678 quil\u00f4metros da capital, ele produz arte sacra e figuras regionais em argila e madeira. O of\u00edcio, aprendido com familiares, faz parte da sua hist\u00f3ria desde os 12 anos de idade. \u201cO apoio foi muito importante para conseguir participar da feira\u201d, relata M\u00e1rcio.<\/p>\n\n\n\n<p class=\"wp-block-paragraph\">Al\u00e9m de Te\u00f3filo Otoni e Ara\u00e7ua\u00ed est\u00e3o na 25\u00aa Fiart, os seguintes munic\u00edpios: Curvelo, Diamantina, Itinga, Minas Novas, Montes Claros, Pedra Azul, Serro, Turmalina e Veredinha. O artesanato mineiro de tradi\u00e7\u00e3o estar\u00e1 presente com pe\u00e7as de cer\u00e2mica, fios e tecidos, madeira, fibras naturais, couro, metal, pedras e gemas.<\/p>\n\n\n\n<figure class=\"wp-block-gallery columns-1 is-cropped wp-block-gallery-2 is-layout-flex wp-block-gallery-is-layout-flex\"><ul class=\"blocks-gallery-grid\"><li class=\"blocks-gallery-item\"><figure><img loading=\"lazy\" decoding=\"async\" width=\"678\" height=\"450\" src=\"http:\/\/aconteceunovale.com.br\/portal\/wp-content\/uploads\/2020\/01\/artesanato_mg_3.jpg\" alt=\"\" data-id=\"158054\" data-full-url=\"http:\/\/aconteceunovale.com.br\/portal\/wp-content\/uploads\/2020\/01\/artesanato_mg_3.jpg\" data-link=\"http:\/\/aconteceunovale.com.br\/portal\/?attachment_id=158054\" class=\"wp-image-158054\" srcset=\"https:\/\/aconteceunovale.com.br\/portal\/wp-content\/uploads\/2020\/01\/artesanato_mg_3.jpg 678w, https:\/\/aconteceunovale.com.br\/portal\/wp-content\/uploads\/2020\/01\/artesanato_mg_3-300x199.jpg 300w, https:\/\/aconteceunovale.com.br\/portal\/wp-content\/uploads\/2020\/01\/artesanato_mg_3-633x420.jpg 633w\" sizes=\"auto, (max-width: 678px) 100vw, 678px\" \/><figcaption class=\"blocks-gallery-item__caption\"> <em>Foto: Divulga\u00e7\u00e3o \/ Sede<\/em> <\/figcaption><\/figure><\/li><li class=\"blocks-gallery-item\"><figure><img loading=\"lazy\" decoding=\"async\" width=\"628\" height=\"450\" src=\"http:\/\/aconteceunovale.com.br\/portal\/wp-content\/uploads\/2020\/01\/artesanato_mg_2.jpg\" alt=\"\" data-id=\"158055\" data-full-url=\"http:\/\/aconteceunovale.com.br\/portal\/wp-content\/uploads\/2020\/01\/artesanato_mg_2.jpg\" data-link=\"http:\/\/aconteceunovale.com.br\/portal\/?attachment_id=158055\" class=\"wp-image-158055\" srcset=\"https:\/\/aconteceunovale.com.br\/portal\/wp-content\/uploads\/2020\/01\/artesanato_mg_2.jpg 628w, https:\/\/aconteceunovale.com.br\/portal\/wp-content\/uploads\/2020\/01\/artesanato_mg_2-300x215.jpg 300w, https:\/\/aconteceunovale.com.br\/portal\/wp-content\/uploads\/2020\/01\/artesanato_mg_2-586x420.jpg 586w\" sizes=\"auto, (max-width: 628px) 100vw, 628px\" \/><figcaption class=\"blocks-gallery-item__caption\"> <em>Foto: Divulga\u00e7\u00e3o \/ Sede<\/em> <\/figcaption><\/figure><\/li><\/ul><\/figure>\n\n\n\n<p class=\"has-text-color has-background has-very-light-gray-color has-very-dark-gray-background-color wp-block-paragraph\">Quer saber as not\u00edcias do <strong>Aconteceu no Vale<\/strong> em primeira m\u00e3o? Siga-nos no Facebook <a rel=\"noreferrer noopener\" href=\"http:\/\/facebook.com\/aconteceunovale\" target=\"_blank\">@aconteceunovale<\/a>, Twitter <a rel=\"noreferrer noopener\" href=\"https:\/\/twitter.com\/noticiadosvales\" target=\"_blank\">@noticiadosvales<\/a> e Instagram <a rel=\"noreferrer noopener\" href=\"https:\/\/www.instagram.com\/aconteceunovale\" target=\"_blank\">@aconteceunovale<\/a>.<\/p>\n","protected":false},"excerpt":{"rendered":"<p>Um estande de 142 metros quadrados foi montado para expor e comercializar o trabalho de cem artes\u00e3os mineiros das regi\u00f5es Norte e Nordeste na 25\u00aa Feira Internacional de Artesanato (Fiart), em Natal, no Rio Grande do Norte. O evento, que come\u00e7a nesta sexta-feira (24\/1) e vai at\u00e9 2 de fevereiro, ter\u00e1 a presen\u00e7a de 20 [&hellip;]<\/p>\n","protected":false},"author":1,"featured_media":158053,"comment_status":"open","ping_status":"closed","sticky":false,"template":"","format":"standard","meta":{"amp_status":"","footnotes":""},"categories":[6,123,28848,1236,120,122],"tags":[215479,215483,186,111148,86737,1223,76965,111146,197,1018,198,215480,202745,215481,215482,272,189,215485,215484,137,210,1154,50612,455,56547,44759,154,164,215486,178,916],"class_list":["post-158052","post","type-post","status-publish","format-standard","has-post-thumbnail","hentry","category-br","category-gerais","category-mundo","category-norte_de_minas","category-jequi","category-mucuri","tag-25a-feira-internacional-de-artesanato","tag-25a-fiart","tag-aracuai","tag-artesanato-de-minas-gerais","tag-artesanato-do-norte-de-minas","tag-artesanato-do-vale-do-jequitinhonha","tag-artesanato-mineiro","tag-artesaos-mineiros","tag-curvelo","tag-destaque","tag-diamantina","tag-feira-internacional-de-artesanato","tag-fernando-passalio","tag-fiart","tag-fiart-natal","tag-idene","tag-itinga","tag-marcio-barbosa-silva","tag-maria-do-socorro","tag-minas-novas","tag-montes-claros","tag-natal","tag-nilson-borges","tag-pedra-azul","tag-sebrae-mg","tag-sebrae-minas","tag-serro","tag-teofilo-otoni","tag-trabalhos-de-artesaos-do-norte-e-nordeste-de-minas-estao-na-25a-feira-internacional-de-artesanato","tag-turmalina","tag-veredinha"],"yoast_head":"<!-- This site is optimized with the Yoast SEO plugin v28.3 - https:\/\/yoast.com\/product\/yoast-seo-wordpress\/ -->\n<title>Trabalhos de artes\u00e3os do Norte e Nordeste de Minas est\u00e3o na 25\u00aa Feira Internacional de Artesanato - Aconteceu no Vale<\/title>\n<meta name=\"robots\" content=\"index, follow, max-snippet:-1, max-image-preview:large, max-video-preview:-1\" \/>\n<link rel=\"canonical\" href=\"https:\/\/aconteceunovale.com.br\/portal\/?p=158052\" \/>\n<meta property=\"og:locale\" content=\"pt_BR\" \/>\n<meta property=\"og:type\" content=\"article\" \/>\n<meta property=\"og:title\" content=\"Trabalhos de artes\u00e3os do Norte e Nordeste de Minas est\u00e3o na 25\u00aa Feira Internacional de Artesanato - Aconteceu no Vale\" \/>\n<meta property=\"og:description\" content=\"Um estande de 142 metros quadrados foi montado para expor e comercializar o trabalho de cem artes\u00e3os mineiros das regi\u00f5es Norte e Nordeste na 25\u00aa Feira Internacional de Artesanato (Fiart), em Natal, no Rio Grande do Norte. O evento, que come\u00e7a nesta sexta-feira (24\/1) e vai at\u00e9 2 de fevereiro, ter\u00e1 a presen\u00e7a de 20 [&hellip;]\" \/>\n<meta property=\"og:url\" content=\"https:\/\/aconteceunovale.com.br\/portal\/?p=158052\" \/>\n<meta property=\"og:site_name\" content=\"Aconteceu no Vale\" \/>\n<meta property=\"article:publisher\" content=\"https:\/\/www.facebook.com\/aconteceunovale\/\" \/>\n<meta property=\"article:published_time\" content=\"2020-01-24T15:35:53+00:00\" \/>\n<meta property=\"article:modified_time\" content=\"2020-01-24T15:39:30+00:00\" \/>\n<meta property=\"og:image\" content=\"https:\/\/aconteceunovale.com.br\/portal\/wp-content\/uploads\/2020\/01\/artesanato_mg_1.jpg\" \/>\n\t<meta property=\"og:image:width\" content=\"678\" \/>\n\t<meta property=\"og:image:height\" content=\"450\" \/>\n\t<meta property=\"og:image:type\" content=\"image\/jpeg\" \/>\n<meta name=\"author\" content=\"Aconteceu no Vale\" \/>\n<meta name=\"twitter:card\" content=\"summary_large_image\" \/>\n<meta name=\"twitter:creator\" content=\"@noticiadosvales\" \/>\n<meta name=\"twitter:site\" content=\"@noticiadosvales\" \/>\n<meta name=\"twitter:label1\" content=\"Escrito por\" \/>\n\t<meta name=\"twitter:data1\" content=\"Aconteceu no Vale\" \/>\n\t<meta name=\"twitter:label2\" content=\"Est. tempo de leitura\" \/>\n\t<meta name=\"twitter:data2\" content=\"3 minutos\" \/>\n<script type=\"application\/ld+json\" class=\"yoast-schema-graph\">{\"@context\":\"https:\\\/\\\/schema.org\",\"@graph\":[{\"@type\":\"Article\",\"@id\":\"https:\\\/\\\/aconteceunovale.com.br\\\/portal\\\/?p=158052#article\",\"isPartOf\":{\"@id\":\"https:\\\/\\\/aconteceunovale.com.br\\\/portal\\\/?p=158052\"},\"author\":{\"name\":\"Aconteceu no Vale\",\"@id\":\"https:\\\/\\\/aconteceunovale.com.br\\\/portal\\\/#\\\/schema\\\/person\\\/633529146f2c94272bef50ac2953d589\"},\"headline\":\"Trabalhos de artes\u00e3os do Norte e Nordeste de Minas est\u00e3o na 25\u00aa Feira Internacional de Artesanato\",\"datePublished\":\"2020-01-24T15:35:53+00:00\",\"dateModified\":\"2020-01-24T15:39:30+00:00\",\"mainEntityOfPage\":{\"@id\":\"https:\\\/\\\/aconteceunovale.com.br\\\/portal\\\/?p=158052\"},\"wordCount\":629,\"commentCount\":0,\"image\":{\"@id\":\"https:\\\/\\\/aconteceunovale.com.br\\\/portal\\\/?p=158052#primaryimage\"},\"thumbnailUrl\":\"https:\\\/\\\/aconteceunovale.com.br\\\/portal\\\/wp-content\\\/uploads\\\/2020\\\/01\\\/artesanato_mg_1.jpg\",\"keywords\":[\"25\u00aa Feira Internacional de Artesanato\",\"25\u00aa Fiart\",\"Ara\u00e7ua\u00ed\",\"artesanato de minas gerais\",\"Artesanato do Norte de Minas\",\"artesanato do vale do jequitinhonha\",\"Artesanato mineiro\",\"artes\u00e3os mineiros\",\"Curvelo\",\"destaque\",\"Diamantina\",\"Feira Internacional de Artesanato\",\"Fernando Passalio\",\"Fiart\",\"Fiart Natal\",\"Idene\",\"Itinga\",\"M\u00e1rcio Barbosa Silva\",\"Maria do Socorro\",\"Minas Novas\",\"Montes Claros\",\"natal\",\"Nilson Borges\",\"Pedra Azul\",\"Sebrae MG\",\"Sebrae Minas\",\"Serro\",\"Te\u00f3filo Otoni\",\"Trabalhos de artes\u00e3os do Norte e Nordeste de Minas est\u00e3o na 25\u00aa Feira Internacional de Artesanato\",\"Turmalina\",\"veredinha\"],\"articleSection\":[\"Brasil\",\"Minas Gerais\",\"Mundo\",\"Norte de Minas\",\"Vale do Jequitinhonha\",\"Vale do Mucuri\"],\"inLanguage\":\"pt-BR\",\"potentialAction\":[{\"@type\":\"CommentAction\",\"name\":\"Comment\",\"target\":[\"https:\\\/\\\/aconteceunovale.com.br\\\/portal\\\/?p=158052#respond\"]}]},{\"@type\":\"WebPage\",\"@id\":\"https:\\\/\\\/aconteceunovale.com.br\\\/portal\\\/?p=158052\",\"url\":\"https:\\\/\\\/aconteceunovale.com.br\\\/portal\\\/?p=158052\",\"name\":\"Trabalhos de artes\u00e3os do Norte e Nordeste de Minas est\u00e3o na 25\u00aa Feira Internacional de Artesanato - Aconteceu no Vale\",\"isPartOf\":{\"@id\":\"https:\\\/\\\/aconteceunovale.com.br\\\/portal\\\/#website\"},\"primaryImageOfPage\":{\"@id\":\"https:\\\/\\\/aconteceunovale.com.br\\\/portal\\\/?p=158052#primaryimage\"},\"image\":{\"@id\":\"https:\\\/\\\/aconteceunovale.com.br\\\/portal\\\/?p=158052#primaryimage\"},\"thumbnailUrl\":\"https:\\\/\\\/aconteceunovale.com.br\\\/portal\\\/wp-content\\\/uploads\\\/2020\\\/01\\\/artesanato_mg_1.jpg\",\"datePublished\":\"2020-01-24T15:35:53+00:00\",\"dateModified\":\"2020-01-24T15:39:30+00:00\",\"author\":{\"@id\":\"https:\\\/\\\/aconteceunovale.com.br\\\/portal\\\/#\\\/schema\\\/person\\\/633529146f2c94272bef50ac2953d589\"},\"breadcrumb\":{\"@id\":\"https:\\\/\\\/aconteceunovale.com.br\\\/portal\\\/?p=158052#breadcrumb\"},\"inLanguage\":\"pt-BR\",\"potentialAction\":[{\"@type\":\"ReadAction\",\"target\":[\"https:\\\/\\\/aconteceunovale.com.br\\\/portal\\\/?p=158052\"]}]},{\"@type\":\"ImageObject\",\"inLanguage\":\"pt-BR\",\"@id\":\"https:\\\/\\\/aconteceunovale.com.br\\\/portal\\\/?p=158052#primaryimage\",\"url\":\"https:\\\/\\\/aconteceunovale.com.br\\\/portal\\\/wp-content\\\/uploads\\\/2020\\\/01\\\/artesanato_mg_1.jpg\",\"contentUrl\":\"https:\\\/\\\/aconteceunovale.com.br\\\/portal\\\/wp-content\\\/uploads\\\/2020\\\/01\\\/artesanato_mg_1.jpg\",\"width\":678,\"height\":450},{\"@type\":\"BreadcrumbList\",\"@id\":\"https:\\\/\\\/aconteceunovale.com.br\\\/portal\\\/?p=158052#breadcrumb\",\"itemListElement\":[{\"@type\":\"ListItem\",\"position\":1,\"name\":\"In\u00edcio\",\"item\":\"https:\\\/\\\/aconteceunovale.com.br\\\/portal\\\/\"},{\"@type\":\"ListItem\",\"position\":2,\"name\":\"Trabalhos de artes\u00e3os do Norte e Nordeste de Minas est\u00e3o na 25\u00aa Feira Internacional de Artesanato\"}]},{\"@type\":\"WebSite\",\"@id\":\"https:\\\/\\\/aconteceunovale.com.br\\\/portal\\\/#website\",\"url\":\"https:\\\/\\\/aconteceunovale.com.br\\\/portal\\\/\",\"name\":\"Aconteceu no Vale\",\"description\":\"Portal de Not\u00edcias\",\"potentialAction\":[{\"@type\":\"SearchAction\",\"target\":{\"@type\":\"EntryPoint\",\"urlTemplate\":\"https:\\\/\\\/aconteceunovale.com.br\\\/portal\\\/?s={search_term_string}\"},\"query-input\":{\"@type\":\"PropertyValueSpecification\",\"valueRequired\":true,\"valueName\":\"search_term_string\"}}],\"inLanguage\":\"pt-BR\"},{\"@type\":\"Person\",\"@id\":\"https:\\\/\\\/aconteceunovale.com.br\\\/portal\\\/#\\\/schema\\\/person\\\/633529146f2c94272bef50ac2953d589\",\"name\":\"Aconteceu no Vale\",\"description\":\"Equipe de reportagem do Aconteceu no Vale, portal de not\u00edcias do Vale do Jequitinhonha, em Minas Gerais. Cobrimos as 51 cidades do Vale desde 2013. Sugest\u00f5es de pauta e pedidos de corre\u00e7\u00e3o: contato@aconteceunovale.com.br\",\"sameAs\":[\"http:\\\/\\\/www.aconteceunovale.com.br\"],\"url\":\"https:\\\/\\\/aconteceunovale.com.br\\\/portal\\\/?author=1\"}]}<\/script>\n<!-- \/ Yoast SEO plugin. -->","yoast_head_json":{"title":"Trabalhos de artes\u00e3os do Norte e Nordeste de Minas est\u00e3o na 25\u00aa Feira Internacional de Artesanato - Aconteceu no Vale","robots":{"index":"index","follow":"follow","max-snippet":"max-snippet:-1","max-image-preview":"max-image-preview:large","max-video-preview":"max-video-preview:-1"},"canonical":"https:\/\/aconteceunovale.com.br\/portal\/?p=158052","og_locale":"pt_BR","og_type":"article","og_title":"Trabalhos de artes\u00e3os do Norte e Nordeste de Minas est\u00e3o na 25\u00aa Feira Internacional de Artesanato - Aconteceu no Vale","og_description":"Um estande de 142 metros quadrados foi montado para expor e comercializar o trabalho de cem artes\u00e3os mineiros das regi\u00f5es Norte e Nordeste na 25\u00aa Feira Internacional de Artesanato (Fiart), em Natal, no Rio Grande do Norte. O evento, que come\u00e7a nesta sexta-feira (24\/1) e vai at\u00e9 2 de fevereiro, ter\u00e1 a presen\u00e7a de 20 [&hellip;]","og_url":"https:\/\/aconteceunovale.com.br\/portal\/?p=158052","og_site_name":"Aconteceu no Vale","article_publisher":"https:\/\/www.facebook.com\/aconteceunovale\/","article_published_time":"2020-01-24T15:35:53+00:00","article_modified_time":"2020-01-24T15:39:30+00:00","og_image":[{"width":678,"height":450,"url":"https:\/\/aconteceunovale.com.br\/portal\/wp-content\/uploads\/2020\/01\/artesanato_mg_1.jpg","type":"image\/jpeg"}],"author":"Aconteceu no Vale","twitter_card":"summary_large_image","twitter_creator":"@noticiadosvales","twitter_site":"@noticiadosvales","twitter_misc":{"Escrito por":"Aconteceu no Vale","Est. tempo de leitura":"3 minutos"},"schema":{"@context":"https:\/\/schema.org","@graph":[{"@type":"Article","@id":"https:\/\/aconteceunovale.com.br\/portal\/?p=158052#article","isPartOf":{"@id":"https:\/\/aconteceunovale.com.br\/portal\/?p=158052"},"author":{"name":"Aconteceu no Vale","@id":"https:\/\/aconteceunovale.com.br\/portal\/#\/schema\/person\/633529146f2c94272bef50ac2953d589"},"headline":"Trabalhos de artes\u00e3os do Norte e Nordeste de Minas est\u00e3o na 25\u00aa Feira Internacional de Artesanato","datePublished":"2020-01-24T15:35:53+00:00","dateModified":"2020-01-24T15:39:30+00:00","mainEntityOfPage":{"@id":"https:\/\/aconteceunovale.com.br\/portal\/?p=158052"},"wordCount":629,"commentCount":0,"image":{"@id":"https:\/\/aconteceunovale.com.br\/portal\/?p=158052#primaryimage"},"thumbnailUrl":"https:\/\/aconteceunovale.com.br\/portal\/wp-content\/uploads\/2020\/01\/artesanato_mg_1.jpg","keywords":["25\u00aa Feira Internacional de Artesanato","25\u00aa Fiart","Ara\u00e7ua\u00ed","artesanato de minas gerais","Artesanato do Norte de Minas","artesanato do vale do jequitinhonha","Artesanato mineiro","artes\u00e3os mineiros","Curvelo","destaque","Diamantina","Feira Internacional de Artesanato","Fernando Passalio","Fiart","Fiart Natal","Idene","Itinga","M\u00e1rcio Barbosa Silva","Maria do Socorro","Minas Novas","Montes Claros","natal","Nilson Borges","Pedra Azul","Sebrae MG","Sebrae Minas","Serro","Te\u00f3filo Otoni","Trabalhos de artes\u00e3os do Norte e Nordeste de Minas est\u00e3o na 25\u00aa Feira Internacional de Artesanato","Turmalina","veredinha"],"articleSection":["Brasil","Minas Gerais","Mundo","Norte de Minas","Vale do Jequitinhonha","Vale do Mucuri"],"inLanguage":"pt-BR","potentialAction":[{"@type":"CommentAction","name":"Comment","target":["https:\/\/aconteceunovale.com.br\/portal\/?p=158052#respond"]}]},{"@type":"WebPage","@id":"https:\/\/aconteceunovale.com.br\/portal\/?p=158052","url":"https:\/\/aconteceunovale.com.br\/portal\/?p=158052","name":"Trabalhos de artes\u00e3os do Norte e Nordeste de Minas est\u00e3o na 25\u00aa Feira Internacional de Artesanato - Aconteceu no Vale","isPartOf":{"@id":"https:\/\/aconteceunovale.com.br\/portal\/#website"},"primaryImageOfPage":{"@id":"https:\/\/aconteceunovale.com.br\/portal\/?p=158052#primaryimage"},"image":{"@id":"https:\/\/aconteceunovale.com.br\/portal\/?p=158052#primaryimage"},"thumbnailUrl":"https:\/\/aconteceunovale.com.br\/portal\/wp-content\/uploads\/2020\/01\/artesanato_mg_1.jpg","datePublished":"2020-01-24T15:35:53+00:00","dateModified":"2020-01-24T15:39:30+00:00","author":{"@id":"https:\/\/aconteceunovale.com.br\/portal\/#\/schema\/person\/633529146f2c94272bef50ac2953d589"},"breadcrumb":{"@id":"https:\/\/aconteceunovale.com.br\/portal\/?p=158052#breadcrumb"},"inLanguage":"pt-BR","potentialAction":[{"@type":"ReadAction","target":["https:\/\/aconteceunovale.com.br\/portal\/?p=158052"]}]},{"@type":"ImageObject","inLanguage":"pt-BR","@id":"https:\/\/aconteceunovale.com.br\/portal\/?p=158052#primaryimage","url":"https:\/\/aconteceunovale.com.br\/portal\/wp-content\/uploads\/2020\/01\/artesanato_mg_1.jpg","contentUrl":"https:\/\/aconteceunovale.com.br\/portal\/wp-content\/uploads\/2020\/01\/artesanato_mg_1.jpg","width":678,"height":450},{"@type":"BreadcrumbList","@id":"https:\/\/aconteceunovale.com.br\/portal\/?p=158052#breadcrumb","itemListElement":[{"@type":"ListItem","position":1,"name":"In\u00edcio","item":"https:\/\/aconteceunovale.com.br\/portal\/"},{"@type":"ListItem","position":2,"name":"Trabalhos de artes\u00e3os do Norte e Nordeste de Minas est\u00e3o na 25\u00aa Feira Internacional de Artesanato"}]},{"@type":"WebSite","@id":"https:\/\/aconteceunovale.com.br\/portal\/#website","url":"https:\/\/aconteceunovale.com.br\/portal\/","name":"Aconteceu no Vale","description":"Portal de Not\u00edcias","potentialAction":[{"@type":"SearchAction","target":{"@type":"EntryPoint","urlTemplate":"https:\/\/aconteceunovale.com.br\/portal\/?s={search_term_string}"},"query-input":{"@type":"PropertyValueSpecification","valueRequired":true,"valueName":"search_term_string"}}],"inLanguage":"pt-BR"},{"@type":"Person","@id":"https:\/\/aconteceunovale.com.br\/portal\/#\/schema\/person\/633529146f2c94272bef50ac2953d589","name":"Aconteceu no Vale","description":"Equipe de reportagem do Aconteceu no Vale, portal de not\u00edcias do Vale do Jequitinhonha, em Minas Gerais. Cobrimos as 51 cidades do Vale desde 2013. Sugest\u00f5es de pauta e pedidos de corre\u00e7\u00e3o: contato@aconteceunovale.com.br","sameAs":["http:\/\/www.aconteceunovale.com.br"],"url":"https:\/\/aconteceunovale.com.br\/portal\/?author=1"}]}},"_links":{"self":[{"href":"https:\/\/aconteceunovale.com.br\/portal\/index.php?rest_route=\/wp\/v2\/posts\/158052","targetHints":{"allow":["GET"]}}],"collection":[{"href":"https:\/\/aconteceunovale.com.br\/portal\/index.php?rest_route=\/wp\/v2\/posts"}],"about":[{"href":"https:\/\/aconteceunovale.com.br\/portal\/index.php?rest_route=\/wp\/v2\/types\/post"}],"author":[{"embeddable":true,"href":"https:\/\/aconteceunovale.com.br\/portal\/index.php?rest_route=\/wp\/v2\/users\/1"}],"replies":[{"embeddable":true,"href":"https:\/\/aconteceunovale.com.br\/portal\/index.php?rest_route=%2Fwp%2Fv2%2Fcomments&post=158052"}],"version-history":[{"count":1,"href":"https:\/\/aconteceunovale.com.br\/portal\/index.php?rest_route=\/wp\/v2\/posts\/158052\/revisions"}],"predecessor-version":[{"id":158056,"href":"https:\/\/aconteceunovale.com.br\/portal\/index.php?rest_route=\/wp\/v2\/posts\/158052\/revisions\/158056"}],"wp:featuredmedia":[{"embeddable":true,"href":"https:\/\/aconteceunovale.com.br\/portal\/index.php?rest_route=\/wp\/v2\/media\/158053"}],"wp:attachment":[{"href":"https:\/\/aconteceunovale.com.br\/portal\/index.php?rest_route=%2Fwp%2Fv2%2Fmedia&parent=158052"}],"wp:term":[{"taxonomy":"category","embeddable":true,"href":"https:\/\/aconteceunovale.com.br\/portal\/index.php?rest_route=%2Fwp%2Fv2%2Fcategories&post=158052"},{"taxonomy":"post_tag","embeddable":true,"href":"https:\/\/aconteceunovale.com.br\/portal\/index.php?rest_route=%2Fwp%2Fv2%2Ftags&post=158052"}],"curies":[{"name":"wp","href":"https:\/\/api.w.org\/{rel}","templated":true}]}}