{"id":158041,"date":"2020-01-23T23:44:27","date_gmt":"2020-01-24T02:44:27","guid":{"rendered":"http:\/\/aconteceunovale.com.br\/portal\/?p=158041"},"modified":"2020-01-23T23:46:05","modified_gmt":"2020-01-24T02:46:05","slug":"governo-federal-reconhece-emergencia-em-bh-e-contagem","status":"publish","type":"post","link":"https:\/\/aconteceunovale.com.br\/portal\/?p=158041","title":{"rendered":"Governo federal reconhece emerg\u00eancia em BH e Contagem"},"content":{"rendered":"\n<p class=\"wp-block-paragraph\">O Minist\u00e9rio do Desenvolvimento Regional reconheceu, de forma sum\u00e1ria (sem a necessidade de pedido das prefeituras), a situa\u00e7\u00e3o de emerg\u00eancia em Belo Horizonte e em Contagem, regi\u00e3o metropolitana da capital mineira, por conta de chuvas intensas e inunda\u00e7\u00f5es, respectivamente. A decis\u00e3o foi publicada no&nbsp;<em>Di\u00e1rio Oficial da Uni\u00e3o&nbsp;<\/em>desta&nbsp;quinta-feira (23).<\/p>\n\n\n\n<p class=\"wp-block-paragraph\">Com o reconhecimento da situa\u00e7\u00e3o de emerg\u00eancia, os munic\u00edpios poder\u00e3o&nbsp;ter&nbsp;acesso a recursos federais para a\u00e7\u00f5es de socorro, assist\u00eancia, restabelecimento de servi\u00e7os e reconstru\u00e7\u00e3o de estruturas p\u00fablicas danificadas.<\/p>\n\n\n\n<p class=\"wp-block-paragraph\">Segundo o minist\u00e9rio, desde&nbsp;segunda-feira (20), o secret\u00e1rio nacional de Prote\u00e7\u00e3o e Defesa Civil, coronel Alexandre Lucas, participa de reuni\u00f5es para auxiliar no planejamento de a\u00e7\u00f5es contra as chuvas. \u201cRecebemos do presidente Jair Bolsonaro a orienta\u00e7\u00e3o de prestar todo o apoio necess\u00e1rio \u00e0s localidades afetadas. \u00c9 a presen\u00e7a da Defesa Civil Nacional, com toda a sua experi\u00eancia, para que possamos garantir o aux\u00edlio a esses munic\u00edpios e atender, principalmente, a popula\u00e7\u00e3o\u201d, disse,&nbsp;em nota, o ministro do Desenvolvimento Regional, Gustavo Canuto.<\/p>\n\n\n\n<p class=\"wp-block-paragraph\">Ap\u00f3s o reconhecimento federal, os munic\u00edpios devem elaborar um plano de trabalho e encaminhar \u00e0 pasta do Desenvolvimento Regional para que as equipes da Secretaria Nacional de Defesa Civil (Sedec) avaliem as necessidades e o volume de recursos para o atendimento das demandas.<\/p>\n\n\n\n<figure class=\"wp-block-image size-large is-resized\"><img loading=\"lazy\" decoding=\"async\" src=\"http:\/\/aconteceunovale.com.br\/portal\/wp-content\/uploads\/2020\/01\/avenida_bh_asfalto.jpeg\" alt=\"\" class=\"wp-image-158042\" width=\"737\" height=\"413\" srcset=\"https:\/\/aconteceunovale.com.br\/portal\/wp-content\/uploads\/2020\/01\/avenida_bh_asfalto.jpeg 678w, https:\/\/aconteceunovale.com.br\/portal\/wp-content\/uploads\/2020\/01\/avenida_bh_asfalto-300x169.jpeg 300w\" sizes=\"auto, (max-width: 737px) 100vw, 737px\" \/><figcaption><em>Parte do asfalto da Avenida Tereza Cristina foi arrancada em BH &#8211; Foto: Reprodu\u00e7\u00e3o \/ TV Globo<\/em><\/figcaption><\/figure>\n\n\n\n<p class=\"has-text-color has-background has-very-light-gray-color has-very-dark-gray-background-color wp-block-paragraph\">Quer saber as not\u00edcias do <strong>Aconteceu no Vale<\/strong> em primeira m\u00e3o? Siga-nos no Facebook <a rel=\"noreferrer noopener\" href=\"http:\/\/facebook.com\/aconteceunovale\" target=\"_blank\">@aconteceunovale<\/a>, Twitter <a rel=\"noreferrer noopener\" href=\"https:\/\/twitter.com\/noticiadosvales\" target=\"_blank\">@noticiadosvales<\/a> e Instagram <a rel=\"noreferrer noopener\" href=\"https:\/\/www.instagram.com\/aconteceunovale\" target=\"_blank\">@aconteceunovale<\/a>.<\/p>\n","protected":false},"excerpt":{"rendered":"<p>O Minist\u00e9rio do Desenvolvimento Regional reconheceu, de forma sum\u00e1ria (sem a necessidade de pedido das prefeituras), a situa\u00e7\u00e3o de emerg\u00eancia em Belo Horizonte e em Contagem, regi\u00e3o metropolitana da capital mineira, por conta de chuvas intensas e inunda\u00e7\u00f5es, respectivamente. A decis\u00e3o foi publicada no&nbsp;Di\u00e1rio Oficial da Uni\u00e3o&nbsp;desta&nbsp;quinta-feira (23). Com o reconhecimento da situa\u00e7\u00e3o de emerg\u00eancia, [&hellip;]<\/p>\n","protected":false},"author":1,"featured_media":158042,"comment_status":"open","ping_status":"closed","sticky":false,"template":"","format":"standard","meta":{"amp_status":"","footnotes":""},"categories":[123],"tags":[194,1017,61404,128824,215460,956,215456,215457,130306,215458,215459],"class_list":["post-158041","post","type-post","status-publish","format-standard","has-post-thumbnail","hentry","category-gerais","tag-belo-horizonte","tag-bh","tag-chuva-em-belo-horizonte","tag-chuva-em-bh","tag-chuva-em-contagem","tag-contagem","tag-governo-federal-reconhece-emergencia-em-belo-horizonte","tag-governo-federal-reconhece-emergencia-em-contagem","tag-situacao-de-emergencia-em-belo-horizonte","tag-situacao-de-emergencia-em-bh","tag-situacao-de-emergencia-em-contagem"],"yoast_head":"<!-- This site is optimized with the Yoast SEO plugin v28.3 - https:\/\/yoast.com\/product\/yoast-seo-wordpress\/ -->\n<title>Governo federal reconhece emerg\u00eancia em BH e Contagem - Aconteceu no Vale<\/title>\n<meta name=\"robots\" content=\"index, follow, max-snippet:-1, max-image-preview:large, max-video-preview:-1\" \/>\n<link rel=\"canonical\" href=\"https:\/\/aconteceunovale.com.br\/portal\/?p=158041\" \/>\n<meta property=\"og:locale\" content=\"pt_BR\" \/>\n<meta property=\"og:type\" content=\"article\" \/>\n<meta property=\"og:title\" content=\"Governo federal reconhece emerg\u00eancia em BH e Contagem - Aconteceu no Vale\" \/>\n<meta property=\"og:description\" content=\"O Minist\u00e9rio do Desenvolvimento Regional reconheceu, de forma sum\u00e1ria (sem a necessidade de pedido das prefeituras), a situa\u00e7\u00e3o de emerg\u00eancia em Belo Horizonte e em Contagem, regi\u00e3o metropolitana da capital mineira, por conta de chuvas intensas e inunda\u00e7\u00f5es, respectivamente. A decis\u00e3o foi publicada no&nbsp;Di\u00e1rio Oficial da Uni\u00e3o&nbsp;desta&nbsp;quinta-feira (23). Com o reconhecimento da situa\u00e7\u00e3o de emerg\u00eancia, [&hellip;]\" \/>\n<meta property=\"og:url\" content=\"https:\/\/aconteceunovale.com.br\/portal\/?p=158041\" \/>\n<meta property=\"og:site_name\" content=\"Aconteceu no Vale\" \/>\n<meta property=\"article:publisher\" content=\"https:\/\/www.facebook.com\/aconteceunovale\/\" \/>\n<meta property=\"article:published_time\" content=\"2020-01-24T02:44:27+00:00\" \/>\n<meta property=\"article:modified_time\" content=\"2020-01-24T02:46:05+00:00\" \/>\n<meta property=\"og:image\" content=\"https:\/\/aconteceunovale.com.br\/portal\/wp-content\/uploads\/2020\/01\/avenida_bh_asfalto.jpeg\" \/>\n\t<meta property=\"og:image:width\" content=\"678\" \/>\n\t<meta property=\"og:image:height\" content=\"381\" \/>\n\t<meta property=\"og:image:type\" content=\"image\/jpeg\" \/>\n<meta name=\"author\" content=\"Aconteceu no Vale\" \/>\n<meta name=\"twitter:card\" content=\"summary_large_image\" \/>\n<meta name=\"twitter:creator\" content=\"@noticiadosvales\" \/>\n<meta name=\"twitter:site\" content=\"@noticiadosvales\" \/>\n<meta name=\"twitter:label1\" content=\"Escrito por\" \/>\n\t<meta name=\"twitter:data1\" content=\"Aconteceu no Vale\" \/>\n\t<meta name=\"twitter:label2\" content=\"Est. tempo de leitura\" \/>\n\t<meta name=\"twitter:data2\" content=\"1 minuto\" \/>\n<script type=\"application\/ld+json\" class=\"yoast-schema-graph\">{\"@context\":\"https:\\\/\\\/schema.org\",\"@graph\":[{\"@type\":\"Article\",\"@id\":\"https:\\\/\\\/aconteceunovale.com.br\\\/portal\\\/?p=158041#article\",\"isPartOf\":{\"@id\":\"https:\\\/\\\/aconteceunovale.com.br\\\/portal\\\/?p=158041\"},\"author\":{\"name\":\"Aconteceu no Vale\",\"@id\":\"https:\\\/\\\/aconteceunovale.com.br\\\/portal\\\/#\\\/schema\\\/person\\\/633529146f2c94272bef50ac2953d589\"},\"headline\":\"Governo federal reconhece emerg\u00eancia em BH e Contagem\",\"datePublished\":\"2020-01-24T02:44:27+00:00\",\"dateModified\":\"2020-01-24T02:46:05+00:00\",\"mainEntityOfPage\":{\"@id\":\"https:\\\/\\\/aconteceunovale.com.br\\\/portal\\\/?p=158041\"},\"wordCount\":287,\"commentCount\":0,\"image\":{\"@id\":\"https:\\\/\\\/aconteceunovale.com.br\\\/portal\\\/?p=158041#primaryimage\"},\"thumbnailUrl\":\"https:\\\/\\\/aconteceunovale.com.br\\\/portal\\\/wp-content\\\/uploads\\\/2020\\\/01\\\/avenida_bh_asfalto.jpeg\",\"keywords\":[\"Belo Horizonte\",\"bh\",\"chuva em belo horizonte\",\"Chuva em BH\",\"Chuva em Contagem\",\"Contagem\",\"Governo federal reconhece emerg\u00eancia em Belo Horizonte\",\"Governo federal reconhece emerg\u00eancia em Contagem\",\"Situa\u00e7\u00e3o de emerg\u00eancia em Belo Horizonte\",\"Situa\u00e7\u00e3o de emerg\u00eancia em BH\",\"Situa\u00e7\u00e3o de emerg\u00eancia em Contagem\"],\"articleSection\":[\"Minas Gerais\"],\"inLanguage\":\"pt-BR\",\"potentialAction\":[{\"@type\":\"CommentAction\",\"name\":\"Comment\",\"target\":[\"https:\\\/\\\/aconteceunovale.com.br\\\/portal\\\/?p=158041#respond\"]}]},{\"@type\":\"WebPage\",\"@id\":\"https:\\\/\\\/aconteceunovale.com.br\\\/portal\\\/?p=158041\",\"url\":\"https:\\\/\\\/aconteceunovale.com.br\\\/portal\\\/?p=158041\",\"name\":\"Governo federal reconhece emerg\u00eancia em BH e Contagem - Aconteceu no Vale\",\"isPartOf\":{\"@id\":\"https:\\\/\\\/aconteceunovale.com.br\\\/portal\\\/#website\"},\"primaryImageOfPage\":{\"@id\":\"https:\\\/\\\/aconteceunovale.com.br\\\/portal\\\/?p=158041#primaryimage\"},\"image\":{\"@id\":\"https:\\\/\\\/aconteceunovale.com.br\\\/portal\\\/?p=158041#primaryimage\"},\"thumbnailUrl\":\"https:\\\/\\\/aconteceunovale.com.br\\\/portal\\\/wp-content\\\/uploads\\\/2020\\\/01\\\/avenida_bh_asfalto.jpeg\",\"datePublished\":\"2020-01-24T02:44:27+00:00\",\"dateModified\":\"2020-01-24T02:46:05+00:00\",\"author\":{\"@id\":\"https:\\\/\\\/aconteceunovale.com.br\\\/portal\\\/#\\\/schema\\\/person\\\/633529146f2c94272bef50ac2953d589\"},\"breadcrumb\":{\"@id\":\"https:\\\/\\\/aconteceunovale.com.br\\\/portal\\\/?p=158041#breadcrumb\"},\"inLanguage\":\"pt-BR\",\"potentialAction\":[{\"@type\":\"ReadAction\",\"target\":[\"https:\\\/\\\/aconteceunovale.com.br\\\/portal\\\/?p=158041\"]}]},{\"@type\":\"ImageObject\",\"inLanguage\":\"pt-BR\",\"@id\":\"https:\\\/\\\/aconteceunovale.com.br\\\/portal\\\/?p=158041#primaryimage\",\"url\":\"https:\\\/\\\/aconteceunovale.com.br\\\/portal\\\/wp-content\\\/uploads\\\/2020\\\/01\\\/avenida_bh_asfalto.jpeg\",\"contentUrl\":\"https:\\\/\\\/aconteceunovale.com.br\\\/portal\\\/wp-content\\\/uploads\\\/2020\\\/01\\\/avenida_bh_asfalto.jpeg\",\"width\":678,\"height\":381},{\"@type\":\"BreadcrumbList\",\"@id\":\"https:\\\/\\\/aconteceunovale.com.br\\\/portal\\\/?p=158041#breadcrumb\",\"itemListElement\":[{\"@type\":\"ListItem\",\"position\":1,\"name\":\"In\u00edcio\",\"item\":\"https:\\\/\\\/aconteceunovale.com.br\\\/portal\\\/\"},{\"@type\":\"ListItem\",\"position\":2,\"name\":\"Governo federal reconhece emerg\u00eancia em BH e Contagem\"}]},{\"@type\":\"WebSite\",\"@id\":\"https:\\\/\\\/aconteceunovale.com.br\\\/portal\\\/#website\",\"url\":\"https:\\\/\\\/aconteceunovale.com.br\\\/portal\\\/\",\"name\":\"Aconteceu no Vale\",\"description\":\"Portal de Not\u00edcias\",\"potentialAction\":[{\"@type\":\"SearchAction\",\"target\":{\"@type\":\"EntryPoint\",\"urlTemplate\":\"https:\\\/\\\/aconteceunovale.com.br\\\/portal\\\/?s={search_term_string}\"},\"query-input\":{\"@type\":\"PropertyValueSpecification\",\"valueRequired\":true,\"valueName\":\"search_term_string\"}}],\"inLanguage\":\"pt-BR\"},{\"@type\":\"Person\",\"@id\":\"https:\\\/\\\/aconteceunovale.com.br\\\/portal\\\/#\\\/schema\\\/person\\\/633529146f2c94272bef50ac2953d589\",\"name\":\"Aconteceu no Vale\",\"description\":\"Equipe de reportagem do Aconteceu no Vale, portal de not\u00edcias do Vale do Jequitinhonha, em Minas Gerais. Cobrimos as 51 cidades do Vale desde 2013. Sugest\u00f5es de pauta e pedidos de corre\u00e7\u00e3o: contato@aconteceunovale.com.br\",\"sameAs\":[\"http:\\\/\\\/www.aconteceunovale.com.br\"],\"url\":\"https:\\\/\\\/aconteceunovale.com.br\\\/portal\\\/?author=1\"}]}<\/script>\n<!-- \/ Yoast SEO plugin. -->","yoast_head_json":{"title":"Governo federal reconhece emerg\u00eancia em BH e Contagem - Aconteceu no Vale","robots":{"index":"index","follow":"follow","max-snippet":"max-snippet:-1","max-image-preview":"max-image-preview:large","max-video-preview":"max-video-preview:-1"},"canonical":"https:\/\/aconteceunovale.com.br\/portal\/?p=158041","og_locale":"pt_BR","og_type":"article","og_title":"Governo federal reconhece emerg\u00eancia em BH e Contagem - Aconteceu no Vale","og_description":"O Minist\u00e9rio do Desenvolvimento Regional reconheceu, de forma sum\u00e1ria (sem a necessidade de pedido das prefeituras), a situa\u00e7\u00e3o de emerg\u00eancia em Belo Horizonte e em Contagem, regi\u00e3o metropolitana da capital mineira, por conta de chuvas intensas e inunda\u00e7\u00f5es, respectivamente. A decis\u00e3o foi publicada no&nbsp;Di\u00e1rio Oficial da Uni\u00e3o&nbsp;desta&nbsp;quinta-feira (23). Com o reconhecimento da situa\u00e7\u00e3o de emerg\u00eancia, [&hellip;]","og_url":"https:\/\/aconteceunovale.com.br\/portal\/?p=158041","og_site_name":"Aconteceu no Vale","article_publisher":"https:\/\/www.facebook.com\/aconteceunovale\/","article_published_time":"2020-01-24T02:44:27+00:00","article_modified_time":"2020-01-24T02:46:05+00:00","og_image":[{"width":678,"height":381,"url":"https:\/\/aconteceunovale.com.br\/portal\/wp-content\/uploads\/2020\/01\/avenida_bh_asfalto.jpeg","type":"image\/jpeg"}],"author":"Aconteceu no Vale","twitter_card":"summary_large_image","twitter_creator":"@noticiadosvales","twitter_site":"@noticiadosvales","twitter_misc":{"Escrito por":"Aconteceu no Vale","Est. tempo de leitura":"1 minuto"},"schema":{"@context":"https:\/\/schema.org","@graph":[{"@type":"Article","@id":"https:\/\/aconteceunovale.com.br\/portal\/?p=158041#article","isPartOf":{"@id":"https:\/\/aconteceunovale.com.br\/portal\/?p=158041"},"author":{"name":"Aconteceu no Vale","@id":"https:\/\/aconteceunovale.com.br\/portal\/#\/schema\/person\/633529146f2c94272bef50ac2953d589"},"headline":"Governo federal reconhece emerg\u00eancia em BH e Contagem","datePublished":"2020-01-24T02:44:27+00:00","dateModified":"2020-01-24T02:46:05+00:00","mainEntityOfPage":{"@id":"https:\/\/aconteceunovale.com.br\/portal\/?p=158041"},"wordCount":287,"commentCount":0,"image":{"@id":"https:\/\/aconteceunovale.com.br\/portal\/?p=158041#primaryimage"},"thumbnailUrl":"https:\/\/aconteceunovale.com.br\/portal\/wp-content\/uploads\/2020\/01\/avenida_bh_asfalto.jpeg","keywords":["Belo Horizonte","bh","chuva em belo horizonte","Chuva em BH","Chuva em Contagem","Contagem","Governo federal reconhece emerg\u00eancia em Belo Horizonte","Governo federal reconhece emerg\u00eancia em Contagem","Situa\u00e7\u00e3o de emerg\u00eancia em Belo Horizonte","Situa\u00e7\u00e3o de emerg\u00eancia em BH","Situa\u00e7\u00e3o de emerg\u00eancia em Contagem"],"articleSection":["Minas Gerais"],"inLanguage":"pt-BR","potentialAction":[{"@type":"CommentAction","name":"Comment","target":["https:\/\/aconteceunovale.com.br\/portal\/?p=158041#respond"]}]},{"@type":"WebPage","@id":"https:\/\/aconteceunovale.com.br\/portal\/?p=158041","url":"https:\/\/aconteceunovale.com.br\/portal\/?p=158041","name":"Governo federal reconhece emerg\u00eancia em BH e Contagem - Aconteceu no Vale","isPartOf":{"@id":"https:\/\/aconteceunovale.com.br\/portal\/#website"},"primaryImageOfPage":{"@id":"https:\/\/aconteceunovale.com.br\/portal\/?p=158041#primaryimage"},"image":{"@id":"https:\/\/aconteceunovale.com.br\/portal\/?p=158041#primaryimage"},"thumbnailUrl":"https:\/\/aconteceunovale.com.br\/portal\/wp-content\/uploads\/2020\/01\/avenida_bh_asfalto.jpeg","datePublished":"2020-01-24T02:44:27+00:00","dateModified":"2020-01-24T02:46:05+00:00","author":{"@id":"https:\/\/aconteceunovale.com.br\/portal\/#\/schema\/person\/633529146f2c94272bef50ac2953d589"},"breadcrumb":{"@id":"https:\/\/aconteceunovale.com.br\/portal\/?p=158041#breadcrumb"},"inLanguage":"pt-BR","potentialAction":[{"@type":"ReadAction","target":["https:\/\/aconteceunovale.com.br\/portal\/?p=158041"]}]},{"@type":"ImageObject","inLanguage":"pt-BR","@id":"https:\/\/aconteceunovale.com.br\/portal\/?p=158041#primaryimage","url":"https:\/\/aconteceunovale.com.br\/portal\/wp-content\/uploads\/2020\/01\/avenida_bh_asfalto.jpeg","contentUrl":"https:\/\/aconteceunovale.com.br\/portal\/wp-content\/uploads\/2020\/01\/avenida_bh_asfalto.jpeg","width":678,"height":381},{"@type":"BreadcrumbList","@id":"https:\/\/aconteceunovale.com.br\/portal\/?p=158041#breadcrumb","itemListElement":[{"@type":"ListItem","position":1,"name":"In\u00edcio","item":"https:\/\/aconteceunovale.com.br\/portal\/"},{"@type":"ListItem","position":2,"name":"Governo federal reconhece emerg\u00eancia em BH e Contagem"}]},{"@type":"WebSite","@id":"https:\/\/aconteceunovale.com.br\/portal\/#website","url":"https:\/\/aconteceunovale.com.br\/portal\/","name":"Aconteceu no Vale","description":"Portal de Not\u00edcias","potentialAction":[{"@type":"SearchAction","target":{"@type":"EntryPoint","urlTemplate":"https:\/\/aconteceunovale.com.br\/portal\/?s={search_term_string}"},"query-input":{"@type":"PropertyValueSpecification","valueRequired":true,"valueName":"search_term_string"}}],"inLanguage":"pt-BR"},{"@type":"Person","@id":"https:\/\/aconteceunovale.com.br\/portal\/#\/schema\/person\/633529146f2c94272bef50ac2953d589","name":"Aconteceu no Vale","description":"Equipe de reportagem do Aconteceu no Vale, portal de not\u00edcias do Vale do Jequitinhonha, em Minas Gerais. Cobrimos as 51 cidades do Vale desde 2013. Sugest\u00f5es de pauta e pedidos de corre\u00e7\u00e3o: contato@aconteceunovale.com.br","sameAs":["http:\/\/www.aconteceunovale.com.br"],"url":"https:\/\/aconteceunovale.com.br\/portal\/?author=1"}]}},"_links":{"self":[{"href":"https:\/\/aconteceunovale.com.br\/portal\/index.php?rest_route=\/wp\/v2\/posts\/158041","targetHints":{"allow":["GET"]}}],"collection":[{"href":"https:\/\/aconteceunovale.com.br\/portal\/index.php?rest_route=\/wp\/v2\/posts"}],"about":[{"href":"https:\/\/aconteceunovale.com.br\/portal\/index.php?rest_route=\/wp\/v2\/types\/post"}],"author":[{"embeddable":true,"href":"https:\/\/aconteceunovale.com.br\/portal\/index.php?rest_route=\/wp\/v2\/users\/1"}],"replies":[{"embeddable":true,"href":"https:\/\/aconteceunovale.com.br\/portal\/index.php?rest_route=%2Fwp%2Fv2%2Fcomments&post=158041"}],"version-history":[{"count":1,"href":"https:\/\/aconteceunovale.com.br\/portal\/index.php?rest_route=\/wp\/v2\/posts\/158041\/revisions"}],"predecessor-version":[{"id":158043,"href":"https:\/\/aconteceunovale.com.br\/portal\/index.php?rest_route=\/wp\/v2\/posts\/158041\/revisions\/158043"}],"wp:featuredmedia":[{"embeddable":true,"href":"https:\/\/aconteceunovale.com.br\/portal\/index.php?rest_route=\/wp\/v2\/media\/158042"}],"wp:attachment":[{"href":"https:\/\/aconteceunovale.com.br\/portal\/index.php?rest_route=%2Fwp%2Fv2%2Fmedia&parent=158041"}],"wp:term":[{"taxonomy":"category","embeddable":true,"href":"https:\/\/aconteceunovale.com.br\/portal\/index.php?rest_route=%2Fwp%2Fv2%2Fcategories&post=158041"},{"taxonomy":"post_tag","embeddable":true,"href":"https:\/\/aconteceunovale.com.br\/portal\/index.php?rest_route=%2Fwp%2Fv2%2Ftags&post=158041"}],"curies":[{"name":"wp","href":"https:\/\/api.w.org\/{rel}","templated":true}]}}