{"id":158036,"date":"2020-01-23T23:00:34","date_gmt":"2020-01-24T02:00:34","guid":{"rendered":"http:\/\/aconteceunovale.com.br\/portal\/?p=158036"},"modified":"2020-01-23T23:02:06","modified_gmt":"2020-01-24T02:02:06","slug":"municipio-mineiro-tera-que-indenizar-familia-por-merenda-escolar-contaminada","status":"publish","type":"post","link":"https:\/\/aconteceunovale.com.br\/portal\/?p=158036","title":{"rendered":"Munic\u00edpio mineiro ter\u00e1 que indenizar fam\u00edlia por merenda escolar contaminada"},"content":{"rendered":"\n<p class=\"wp-block-paragraph\">A Prefeitura\u00a0de S\u00e3o Vicente de Minas, na regi\u00e3o Sul do\u00a0estado, ter\u00e1 de indenizar os familiares de uma crian\u00e7a que foi hospitalizada devido a uma intoxica\u00e7\u00e3o alimentar ap\u00f3s ingerir a merenda da escola. A decis\u00e3o \u00e9 da 5\u00aa C\u00e2mara C\u00edvel do Tribunal de Justi\u00e7a de Minas Gerais, que fixou o valor dos danos morais em R$ 2 mil.<\/p>\n\n\n\n<p class=\"wp-block-paragraph\">Os respons\u00e1veis alegam que a crian\u00e7a, \u00e0 \u00e9poca com 9 anos, teve uma intoxica\u00e7\u00e3o alimentar em decorr\u00eancia da ingest\u00e3o de alimentos fornecidos pela escola em outubro de 2014. O menor teve v\u00f4mitos e foi atendido no hospital S\u00e3o Vicente de Paulo, localizado em S\u00e3o Vicente de Minas.<\/p>\n\n\n\n<p class=\"wp-block-paragraph\">Amostras dos alimentos fornecidos pelo Projeto Escola Integral foram levados para an\u00e1lise e investiga\u00e7\u00e3o. Foi constatada a presen\u00e7a da bact\u00e9ria&nbsp;<em>Estafilococus coagulase<\/em>&nbsp;na carne com cenoura e repolho e no tutu de feij\u00e3o com ovo, em quantidade acima dos limites sanit\u00e1rios.<\/p>\n\n\n\n<p class=\"wp-block-paragraph\"><strong>Decis\u00e3o<\/strong><\/p>\n\n\n\n<p class=\"wp-block-paragraph\">A turma julgadora da 5\u00aa C\u00e2mara C\u00edvel entendeu que o valor de R$ 2 mil fixado para a indeniza\u00e7\u00e3o apresenta-se como suficiente para reparar o dano moral sofrido pelo menor.<\/p>\n\n\n\n<p class=\"wp-block-paragraph\">Participaram do voto os desembargadores Carlos Levenhagen, Lu\u00eds Carlos Gambogi, Wander Marotta, Moacyr Lobato e o juiz convocado Jos\u00e9 Eust\u00e1quio Lucas Pereira.<\/p>\n\n\n\n<p class=\"has-text-color has-background has-very-light-gray-color has-very-dark-gray-background-color wp-block-paragraph\">Quer saber as not\u00edcias do <strong>Aconteceu no Vale<\/strong> em primeira m\u00e3o? Siga-nos no Facebook <a rel=\"noreferrer noopener\" href=\"http:\/\/facebook.com\/aconteceunovale\" target=\"_blank\">@aconteceunovale<\/a>, Twitter <a rel=\"noreferrer noopener\" href=\"https:\/\/twitter.com\/noticiadosvales\" target=\"_blank\">@noticiadosvales<\/a> e Instagram <a rel=\"noreferrer noopener\" href=\"https:\/\/www.instagram.com\/aconteceunovale\" target=\"_blank\">@aconteceunovale<\/a>.<\/p>\n","protected":false},"excerpt":{"rendered":"<p>A Prefeitura\u00a0de S\u00e3o Vicente de Minas, na regi\u00e3o Sul do\u00a0estado, ter\u00e1 de indenizar os familiares de uma crian\u00e7a que foi hospitalizada devido a uma intoxica\u00e7\u00e3o alimentar ap\u00f3s ingerir a merenda da escola. A decis\u00e3o \u00e9 da 5\u00aa C\u00e2mara C\u00edvel do Tribunal de Justi\u00e7a de Minas Gerais, que fixou o valor dos danos morais em R$ [&hellip;]<\/p>\n","protected":false},"author":1,"featured_media":158038,"comment_status":"open","ping_status":"closed","sticky":false,"template":"","format":"standard","meta":{"amp_status":"","footnotes":""},"categories":[123],"tags":[215455,215453,215454,215452,24903,270,92646],"class_list":["post-158036","post","type-post","status-publish","format-standard","has-post-thumbnail","hentry","category-gerais","tag-estafilococus-coagulase","tag-municipio-mineiro-tera-que-indenizar-familia-por-merenda-escolar-contaminada","tag-prefeitura-de-sao-vicente-de-minas","tag-prefeitura-de-sao-vicente-de-minas-tera-que-indenizar-familia-por-merenda-escolar-contaminada","tag-sao-vicente-de-minas","tag-tjmg","tag-tribunal-de-justica-de-minas-gerais"],"yoast_head":"<!-- This site is optimized with the Yoast SEO plugin v28.3 - https:\/\/yoast.com\/product\/yoast-seo-wordpress\/ -->\n<title>Munic\u00edpio mineiro ter\u00e1 que indenizar fam\u00edlia por merenda escolar contaminada - Aconteceu no Vale<\/title>\n<meta name=\"robots\" content=\"index, follow, max-snippet:-1, max-image-preview:large, max-video-preview:-1\" \/>\n<link rel=\"canonical\" href=\"https:\/\/aconteceunovale.com.br\/portal\/?p=158036\" \/>\n<meta property=\"og:locale\" content=\"pt_BR\" \/>\n<meta property=\"og:type\" content=\"article\" \/>\n<meta property=\"og:title\" content=\"Munic\u00edpio mineiro ter\u00e1 que indenizar fam\u00edlia por merenda escolar contaminada - Aconteceu no Vale\" \/>\n<meta property=\"og:description\" content=\"A Prefeitura\u00a0de S\u00e3o Vicente de Minas, na regi\u00e3o Sul do\u00a0estado, ter\u00e1 de indenizar os familiares de uma crian\u00e7a que foi hospitalizada devido a uma intoxica\u00e7\u00e3o alimentar ap\u00f3s ingerir a merenda da escola. A decis\u00e3o \u00e9 da 5\u00aa C\u00e2mara C\u00edvel do Tribunal de Justi\u00e7a de Minas Gerais, que fixou o valor dos danos morais em R$ [&hellip;]\" \/>\n<meta property=\"og:url\" content=\"https:\/\/aconteceunovale.com.br\/portal\/?p=158036\" \/>\n<meta property=\"og:site_name\" content=\"Aconteceu no Vale\" \/>\n<meta property=\"article:publisher\" content=\"https:\/\/www.facebook.com\/aconteceunovale\/\" \/>\n<meta property=\"article:published_time\" content=\"2020-01-24T02:00:34+00:00\" \/>\n<meta property=\"article:modified_time\" content=\"2020-01-24T02:02:06+00:00\" \/>\n<meta property=\"og:image\" content=\"https:\/\/aconteceunovale.com.br\/portal\/wp-content\/uploads\/2020\/01\/tutu_de_feijao.jpg\" \/>\n\t<meta property=\"og:image:width\" content=\"633\" \/>\n\t<meta property=\"og:image:height\" content=\"425\" \/>\n\t<meta property=\"og:image:type\" content=\"image\/jpeg\" \/>\n<meta name=\"author\" content=\"Aconteceu no Vale\" \/>\n<meta name=\"twitter:card\" content=\"summary_large_image\" \/>\n<meta name=\"twitter:creator\" content=\"@noticiadosvales\" \/>\n<meta name=\"twitter:site\" content=\"@noticiadosvales\" \/>\n<meta name=\"twitter:label1\" content=\"Escrito por\" \/>\n\t<meta name=\"twitter:data1\" content=\"Aconteceu no Vale\" \/>\n\t<meta name=\"twitter:label2\" content=\"Est. tempo de leitura\" \/>\n\t<meta name=\"twitter:data2\" content=\"1 minuto\" \/>\n<script type=\"application\/ld+json\" class=\"yoast-schema-graph\">{\"@context\":\"https:\\\/\\\/schema.org\",\"@graph\":[{\"@type\":\"Article\",\"@id\":\"https:\\\/\\\/aconteceunovale.com.br\\\/portal\\\/?p=158036#article\",\"isPartOf\":{\"@id\":\"https:\\\/\\\/aconteceunovale.com.br\\\/portal\\\/?p=158036\"},\"author\":{\"name\":\"Aconteceu no Vale\",\"@id\":\"https:\\\/\\\/aconteceunovale.com.br\\\/portal\\\/#\\\/schema\\\/person\\\/633529146f2c94272bef50ac2953d589\"},\"headline\":\"Munic\u00edpio mineiro ter\u00e1 que indenizar fam\u00edlia por merenda escolar contaminada\",\"datePublished\":\"2020-01-24T02:00:34+00:00\",\"dateModified\":\"2020-01-24T02:02:06+00:00\",\"mainEntityOfPage\":{\"@id\":\"https:\\\/\\\/aconteceunovale.com.br\\\/portal\\\/?p=158036\"},\"wordCount\":257,\"commentCount\":0,\"image\":{\"@id\":\"https:\\\/\\\/aconteceunovale.com.br\\\/portal\\\/?p=158036#primaryimage\"},\"thumbnailUrl\":\"https:\\\/\\\/aconteceunovale.com.br\\\/portal\\\/wp-content\\\/uploads\\\/2020\\\/01\\\/tutu_de_feijao.jpg\",\"keywords\":[\"Estafilococus coagulase\",\"Munic\u00edpio mineiro ter\u00e1 que indenizar fam\u00edlia por merenda escolar contaminada\",\"Prefeitura de S\u00e3o Vicente de Minas\",\"Prefeitura de S\u00e3o Vicente de Minas ter\u00e1 que indenizar fam\u00edlia por merenda escolar contaminada\",\"S\u00e3o Vicente de Minas\",\"TJMG\",\"Tribunal de Justi\u00e7a de Minas Gerais\"],\"articleSection\":[\"Minas Gerais\"],\"inLanguage\":\"pt-BR\",\"potentialAction\":[{\"@type\":\"CommentAction\",\"name\":\"Comment\",\"target\":[\"https:\\\/\\\/aconteceunovale.com.br\\\/portal\\\/?p=158036#respond\"]}]},{\"@type\":\"WebPage\",\"@id\":\"https:\\\/\\\/aconteceunovale.com.br\\\/portal\\\/?p=158036\",\"url\":\"https:\\\/\\\/aconteceunovale.com.br\\\/portal\\\/?p=158036\",\"name\":\"Munic\u00edpio mineiro ter\u00e1 que indenizar fam\u00edlia por merenda escolar contaminada - Aconteceu no Vale\",\"isPartOf\":{\"@id\":\"https:\\\/\\\/aconteceunovale.com.br\\\/portal\\\/#website\"},\"primaryImageOfPage\":{\"@id\":\"https:\\\/\\\/aconteceunovale.com.br\\\/portal\\\/?p=158036#primaryimage\"},\"image\":{\"@id\":\"https:\\\/\\\/aconteceunovale.com.br\\\/portal\\\/?p=158036#primaryimage\"},\"thumbnailUrl\":\"https:\\\/\\\/aconteceunovale.com.br\\\/portal\\\/wp-content\\\/uploads\\\/2020\\\/01\\\/tutu_de_feijao.jpg\",\"datePublished\":\"2020-01-24T02:00:34+00:00\",\"dateModified\":\"2020-01-24T02:02:06+00:00\",\"author\":{\"@id\":\"https:\\\/\\\/aconteceunovale.com.br\\\/portal\\\/#\\\/schema\\\/person\\\/633529146f2c94272bef50ac2953d589\"},\"breadcrumb\":{\"@id\":\"https:\\\/\\\/aconteceunovale.com.br\\\/portal\\\/?p=158036#breadcrumb\"},\"inLanguage\":\"pt-BR\",\"potentialAction\":[{\"@type\":\"ReadAction\",\"target\":[\"https:\\\/\\\/aconteceunovale.com.br\\\/portal\\\/?p=158036\"]}]},{\"@type\":\"ImageObject\",\"inLanguage\":\"pt-BR\",\"@id\":\"https:\\\/\\\/aconteceunovale.com.br\\\/portal\\\/?p=158036#primaryimage\",\"url\":\"https:\\\/\\\/aconteceunovale.com.br\\\/portal\\\/wp-content\\\/uploads\\\/2020\\\/01\\\/tutu_de_feijao.jpg\",\"contentUrl\":\"https:\\\/\\\/aconteceunovale.com.br\\\/portal\\\/wp-content\\\/uploads\\\/2020\\\/01\\\/tutu_de_feijao.jpg\",\"width\":633,\"height\":425},{\"@type\":\"BreadcrumbList\",\"@id\":\"https:\\\/\\\/aconteceunovale.com.br\\\/portal\\\/?p=158036#breadcrumb\",\"itemListElement\":[{\"@type\":\"ListItem\",\"position\":1,\"name\":\"In\u00edcio\",\"item\":\"https:\\\/\\\/aconteceunovale.com.br\\\/portal\\\/\"},{\"@type\":\"ListItem\",\"position\":2,\"name\":\"Munic\u00edpio mineiro ter\u00e1 que indenizar fam\u00edlia por merenda escolar contaminada\"}]},{\"@type\":\"WebSite\",\"@id\":\"https:\\\/\\\/aconteceunovale.com.br\\\/portal\\\/#website\",\"url\":\"https:\\\/\\\/aconteceunovale.com.br\\\/portal\\\/\",\"name\":\"Aconteceu no Vale\",\"description\":\"Portal de Not\u00edcias\",\"potentialAction\":[{\"@type\":\"SearchAction\",\"target\":{\"@type\":\"EntryPoint\",\"urlTemplate\":\"https:\\\/\\\/aconteceunovale.com.br\\\/portal\\\/?s={search_term_string}\"},\"query-input\":{\"@type\":\"PropertyValueSpecification\",\"valueRequired\":true,\"valueName\":\"search_term_string\"}}],\"inLanguage\":\"pt-BR\"},{\"@type\":\"Person\",\"@id\":\"https:\\\/\\\/aconteceunovale.com.br\\\/portal\\\/#\\\/schema\\\/person\\\/633529146f2c94272bef50ac2953d589\",\"name\":\"Aconteceu no Vale\",\"description\":\"Equipe de reportagem do Aconteceu no Vale, portal de not\u00edcias do Vale do Jequitinhonha, em Minas Gerais. Cobrimos as 51 cidades do Vale desde 2013. Sugest\u00f5es de pauta e pedidos de corre\u00e7\u00e3o: contato@aconteceunovale.com.br\",\"sameAs\":[\"http:\\\/\\\/www.aconteceunovale.com.br\"],\"url\":\"https:\\\/\\\/aconteceunovale.com.br\\\/portal\\\/?author=1\"}]}<\/script>\n<!-- \/ Yoast SEO plugin. -->","yoast_head_json":{"title":"Munic\u00edpio mineiro ter\u00e1 que indenizar fam\u00edlia por merenda escolar contaminada - Aconteceu no Vale","robots":{"index":"index","follow":"follow","max-snippet":"max-snippet:-1","max-image-preview":"max-image-preview:large","max-video-preview":"max-video-preview:-1"},"canonical":"https:\/\/aconteceunovale.com.br\/portal\/?p=158036","og_locale":"pt_BR","og_type":"article","og_title":"Munic\u00edpio mineiro ter\u00e1 que indenizar fam\u00edlia por merenda escolar contaminada - Aconteceu no Vale","og_description":"A Prefeitura\u00a0de S\u00e3o Vicente de Minas, na regi\u00e3o Sul do\u00a0estado, ter\u00e1 de indenizar os familiares de uma crian\u00e7a que foi hospitalizada devido a uma intoxica\u00e7\u00e3o alimentar ap\u00f3s ingerir a merenda da escola. A decis\u00e3o \u00e9 da 5\u00aa C\u00e2mara C\u00edvel do Tribunal de Justi\u00e7a de Minas Gerais, que fixou o valor dos danos morais em R$ [&hellip;]","og_url":"https:\/\/aconteceunovale.com.br\/portal\/?p=158036","og_site_name":"Aconteceu no Vale","article_publisher":"https:\/\/www.facebook.com\/aconteceunovale\/","article_published_time":"2020-01-24T02:00:34+00:00","article_modified_time":"2020-01-24T02:02:06+00:00","og_image":[{"width":633,"height":425,"url":"https:\/\/aconteceunovale.com.br\/portal\/wp-content\/uploads\/2020\/01\/tutu_de_feijao.jpg","type":"image\/jpeg"}],"author":"Aconteceu no Vale","twitter_card":"summary_large_image","twitter_creator":"@noticiadosvales","twitter_site":"@noticiadosvales","twitter_misc":{"Escrito por":"Aconteceu no Vale","Est. tempo de leitura":"1 minuto"},"schema":{"@context":"https:\/\/schema.org","@graph":[{"@type":"Article","@id":"https:\/\/aconteceunovale.com.br\/portal\/?p=158036#article","isPartOf":{"@id":"https:\/\/aconteceunovale.com.br\/portal\/?p=158036"},"author":{"name":"Aconteceu no Vale","@id":"https:\/\/aconteceunovale.com.br\/portal\/#\/schema\/person\/633529146f2c94272bef50ac2953d589"},"headline":"Munic\u00edpio mineiro ter\u00e1 que indenizar fam\u00edlia por merenda escolar contaminada","datePublished":"2020-01-24T02:00:34+00:00","dateModified":"2020-01-24T02:02:06+00:00","mainEntityOfPage":{"@id":"https:\/\/aconteceunovale.com.br\/portal\/?p=158036"},"wordCount":257,"commentCount":0,"image":{"@id":"https:\/\/aconteceunovale.com.br\/portal\/?p=158036#primaryimage"},"thumbnailUrl":"https:\/\/aconteceunovale.com.br\/portal\/wp-content\/uploads\/2020\/01\/tutu_de_feijao.jpg","keywords":["Estafilococus coagulase","Munic\u00edpio mineiro ter\u00e1 que indenizar fam\u00edlia por merenda escolar contaminada","Prefeitura de S\u00e3o Vicente de Minas","Prefeitura de S\u00e3o Vicente de Minas ter\u00e1 que indenizar fam\u00edlia por merenda escolar contaminada","S\u00e3o Vicente de Minas","TJMG","Tribunal de Justi\u00e7a de Minas Gerais"],"articleSection":["Minas Gerais"],"inLanguage":"pt-BR","potentialAction":[{"@type":"CommentAction","name":"Comment","target":["https:\/\/aconteceunovale.com.br\/portal\/?p=158036#respond"]}]},{"@type":"WebPage","@id":"https:\/\/aconteceunovale.com.br\/portal\/?p=158036","url":"https:\/\/aconteceunovale.com.br\/portal\/?p=158036","name":"Munic\u00edpio mineiro ter\u00e1 que indenizar fam\u00edlia por merenda escolar contaminada - Aconteceu no Vale","isPartOf":{"@id":"https:\/\/aconteceunovale.com.br\/portal\/#website"},"primaryImageOfPage":{"@id":"https:\/\/aconteceunovale.com.br\/portal\/?p=158036#primaryimage"},"image":{"@id":"https:\/\/aconteceunovale.com.br\/portal\/?p=158036#primaryimage"},"thumbnailUrl":"https:\/\/aconteceunovale.com.br\/portal\/wp-content\/uploads\/2020\/01\/tutu_de_feijao.jpg","datePublished":"2020-01-24T02:00:34+00:00","dateModified":"2020-01-24T02:02:06+00:00","author":{"@id":"https:\/\/aconteceunovale.com.br\/portal\/#\/schema\/person\/633529146f2c94272bef50ac2953d589"},"breadcrumb":{"@id":"https:\/\/aconteceunovale.com.br\/portal\/?p=158036#breadcrumb"},"inLanguage":"pt-BR","potentialAction":[{"@type":"ReadAction","target":["https:\/\/aconteceunovale.com.br\/portal\/?p=158036"]}]},{"@type":"ImageObject","inLanguage":"pt-BR","@id":"https:\/\/aconteceunovale.com.br\/portal\/?p=158036#primaryimage","url":"https:\/\/aconteceunovale.com.br\/portal\/wp-content\/uploads\/2020\/01\/tutu_de_feijao.jpg","contentUrl":"https:\/\/aconteceunovale.com.br\/portal\/wp-content\/uploads\/2020\/01\/tutu_de_feijao.jpg","width":633,"height":425},{"@type":"BreadcrumbList","@id":"https:\/\/aconteceunovale.com.br\/portal\/?p=158036#breadcrumb","itemListElement":[{"@type":"ListItem","position":1,"name":"In\u00edcio","item":"https:\/\/aconteceunovale.com.br\/portal\/"},{"@type":"ListItem","position":2,"name":"Munic\u00edpio mineiro ter\u00e1 que indenizar fam\u00edlia por merenda escolar contaminada"}]},{"@type":"WebSite","@id":"https:\/\/aconteceunovale.com.br\/portal\/#website","url":"https:\/\/aconteceunovale.com.br\/portal\/","name":"Aconteceu no Vale","description":"Portal de Not\u00edcias","potentialAction":[{"@type":"SearchAction","target":{"@type":"EntryPoint","urlTemplate":"https:\/\/aconteceunovale.com.br\/portal\/?s={search_term_string}"},"query-input":{"@type":"PropertyValueSpecification","valueRequired":true,"valueName":"search_term_string"}}],"inLanguage":"pt-BR"},{"@type":"Person","@id":"https:\/\/aconteceunovale.com.br\/portal\/#\/schema\/person\/633529146f2c94272bef50ac2953d589","name":"Aconteceu no Vale","description":"Equipe de reportagem do Aconteceu no Vale, portal de not\u00edcias do Vale do Jequitinhonha, em Minas Gerais. Cobrimos as 51 cidades do Vale desde 2013. Sugest\u00f5es de pauta e pedidos de corre\u00e7\u00e3o: contato@aconteceunovale.com.br","sameAs":["http:\/\/www.aconteceunovale.com.br"],"url":"https:\/\/aconteceunovale.com.br\/portal\/?author=1"}]}},"_links":{"self":[{"href":"https:\/\/aconteceunovale.com.br\/portal\/index.php?rest_route=\/wp\/v2\/posts\/158036","targetHints":{"allow":["GET"]}}],"collection":[{"href":"https:\/\/aconteceunovale.com.br\/portal\/index.php?rest_route=\/wp\/v2\/posts"}],"about":[{"href":"https:\/\/aconteceunovale.com.br\/portal\/index.php?rest_route=\/wp\/v2\/types\/post"}],"author":[{"embeddable":true,"href":"https:\/\/aconteceunovale.com.br\/portal\/index.php?rest_route=\/wp\/v2\/users\/1"}],"replies":[{"embeddable":true,"href":"https:\/\/aconteceunovale.com.br\/portal\/index.php?rest_route=%2Fwp%2Fv2%2Fcomments&post=158036"}],"version-history":[{"count":1,"href":"https:\/\/aconteceunovale.com.br\/portal\/index.php?rest_route=\/wp\/v2\/posts\/158036\/revisions"}],"predecessor-version":[{"id":158039,"href":"https:\/\/aconteceunovale.com.br\/portal\/index.php?rest_route=\/wp\/v2\/posts\/158036\/revisions\/158039"}],"wp:featuredmedia":[{"embeddable":true,"href":"https:\/\/aconteceunovale.com.br\/portal\/index.php?rest_route=\/wp\/v2\/media\/158038"}],"wp:attachment":[{"href":"https:\/\/aconteceunovale.com.br\/portal\/index.php?rest_route=%2Fwp%2Fv2%2Fmedia&parent=158036"}],"wp:term":[{"taxonomy":"category","embeddable":true,"href":"https:\/\/aconteceunovale.com.br\/portal\/index.php?rest_route=%2Fwp%2Fv2%2Fcategories&post=158036"},{"taxonomy":"post_tag","embeddable":true,"href":"https:\/\/aconteceunovale.com.br\/portal\/index.php?rest_route=%2Fwp%2Fv2%2Ftags&post=158036"}],"curies":[{"name":"wp","href":"https:\/\/api.w.org\/{rel}","templated":true}]}}