{"id":158008,"date":"2020-01-23T13:01:08","date_gmt":"2020-01-23T16:01:08","guid":{"rendered":"http:\/\/aconteceunovale.com.br\/portal\/?p=158008"},"modified":"2020-01-23T13:03:05","modified_gmt":"2020-01-23T16:03:05","slug":"cobranca-de-pensao-alimenticia-termina-em-morte-no-municipio-de-sao-joao-da-ponte-no-norte-de-minas","status":"publish","type":"post","link":"https:\/\/aconteceunovale.com.br\/portal\/?p=158008","title":{"rendered":"Cobran\u00e7a de pens\u00e3o aliment\u00edcia termina em morte no munic\u00edpio de S\u00e3o Jo\u00e3o da Ponte, no Norte de Minas"},"content":{"rendered":"\n<p class=\"wp-block-paragraph\">Um homem de 36 anos morreu ap\u00f3s ser agredido em um bar na comunidade de Bom Jardim, na zona rural de S\u00e3o Jo\u00e3o da Ponte (MG), nessa quarta-feira (22\/01\/2020). Segundo informa\u00e7\u00f5es da Pol\u00edcia Militar (PM), Avilmar Ferreira da Silva foi encontrado sem sinais vitais dentro de casa. <\/p>\n\n\n\n<p class=\"wp-block-paragraph\">Testemunhas disseram \u00e0 pol\u00edcia que a v\u00edtima se desentendeu com o autor por causa de uma pens\u00e3o aliment\u00edcia que deveria ser paga a irm\u00e3 dele. Avilmar saiu do bar, retornou com uma seringa de vacinar gado e amea\u00e7ou o autor. Para se defender, conforme a ocorr\u00eancia, o homem atingiu a cabe\u00e7a da v\u00edtima com um peda\u00e7o de madeira.<\/p>\n\n\n\n<p class=\"wp-block-paragraph\">Segundo a Pol\u00edcia Militar, ap\u00f3s as agress\u00f5es os dois deixaram o bar e, ao amanhecer, Avilmar foi encontrado morto dentro de casa. Uma equipe do SAMU (Servi\u00e7o de Atendimento M\u00f3vel de Urg\u00eancia) confirmou o \u00f3bito.   <\/p>\n\n\n\n<p class=\"wp-block-paragraph\">O autor foi preso em uma fazenda onde trabalhava, confessou o crime e disse \u00e0 pol\u00edcia que agrediu a v\u00edtima para se defender. A per\u00edcia esteve no local e o caso ser\u00e1 investigado pela Pol\u00edcia Civil. <\/p>\n\n\n\n<p class=\"has-text-color has-background has-very-light-gray-color has-very-dark-gray-background-color wp-block-paragraph\">Quer saber as not\u00edcias do <strong>Aconteceu no Vale<\/strong> em primeira m\u00e3o? Siga-nos no Facebook <a rel=\"noreferrer noopener\" href=\"http:\/\/facebook.com\/aconteceunovale\" target=\"_blank\">@aconteceunovale<\/a>, Twitter <a rel=\"noreferrer noopener\" href=\"https:\/\/twitter.com\/noticiadosvales\" target=\"_blank\">@noticiadosvales<\/a> e Instagram <a rel=\"noreferrer noopener\" href=\"https:\/\/www.instagram.com\/aconteceunovale\" target=\"_blank\">@aconteceunovale<\/a>.<\/p>\n","protected":false},"excerpt":{"rendered":"<p>Um homem de 36 anos morreu ap\u00f3s ser agredido em um bar na comunidade de Bom Jardim, na zona rural de S\u00e3o Jo\u00e3o da Ponte (MG), nessa quarta-feira (22\/01\/2020). Segundo informa\u00e7\u00f5es da Pol\u00edcia Militar (PM), Avilmar Ferreira da Silva foi encontrado sem sinais vitais dentro de casa. Testemunhas disseram \u00e0 pol\u00edcia que a v\u00edtima se [&hellip;]<\/p>\n","protected":false},"author":1,"featured_media":151866,"comment_status":"open","ping_status":"closed","sticky":false,"template":"","format":"standard","meta":{"amp_status":"","footnotes":""},"categories":[1236],"tags":[215415,181030,215414,215412,215413,181032,2448],"class_list":["post-158008","post","type-post","status-publish","format-standard","has-post-thumbnail","hentry","category-norte_de_minas","tag-alvilmar-ferreira-da-silva","tag-assassinado-em-sao-joao-da-ponte","tag-avilmar-ferreira-da-silva","tag-cobranca-de-pensao-alimenticia-termina-em-morte-no-municipio-de-sao-joao-da-ponte","tag-homem-morto-em-sao-joao-da-ponte","tag-morte-em-sao-joao-da-ponte","tag-sao-joao-da-ponte"],"yoast_head":"<!-- This site is optimized with the Yoast SEO plugin v28.3 - https:\/\/yoast.com\/product\/yoast-seo-wordpress\/ -->\n<title>Cobran\u00e7a de pens\u00e3o aliment\u00edcia termina em morte no munic\u00edpio de S\u00e3o Jo\u00e3o da Ponte, no Norte de Minas - Aconteceu no Vale<\/title>\n<meta name=\"robots\" content=\"index, follow, max-snippet:-1, max-image-preview:large, max-video-preview:-1\" \/>\n<link rel=\"canonical\" href=\"https:\/\/aconteceunovale.com.br\/portal\/?p=158008\" \/>\n<meta property=\"og:locale\" content=\"pt_BR\" \/>\n<meta property=\"og:type\" content=\"article\" \/>\n<meta property=\"og:title\" content=\"Cobran\u00e7a de pens\u00e3o aliment\u00edcia termina em morte no munic\u00edpio de S\u00e3o Jo\u00e3o da Ponte, no Norte de Minas - Aconteceu no Vale\" \/>\n<meta property=\"og:description\" content=\"Um homem de 36 anos morreu ap\u00f3s ser agredido em um bar na comunidade de Bom Jardim, na zona rural de S\u00e3o Jo\u00e3o da Ponte (MG), nessa quarta-feira (22\/01\/2020). Segundo informa\u00e7\u00f5es da Pol\u00edcia Militar (PM), Avilmar Ferreira da Silva foi encontrado sem sinais vitais dentro de casa. Testemunhas disseram \u00e0 pol\u00edcia que a v\u00edtima se [&hellip;]\" \/>\n<meta property=\"og:url\" content=\"https:\/\/aconteceunovale.com.br\/portal\/?p=158008\" \/>\n<meta property=\"og:site_name\" content=\"Aconteceu no Vale\" \/>\n<meta property=\"article:publisher\" content=\"https:\/\/www.facebook.com\/aconteceunovale\/\" \/>\n<meta property=\"article:published_time\" content=\"2020-01-23T16:01:08+00:00\" \/>\n<meta property=\"article:modified_time\" content=\"2020-01-23T16:03:05+00:00\" \/>\n<meta property=\"og:image\" content=\"https:\/\/aconteceunovale.com.br\/portal\/wp-content\/uploads\/2019\/08\/plantao_giroflex.jpg\" \/>\n\t<meta property=\"og:image:width\" content=\"678\" \/>\n\t<meta property=\"og:image:height\" content=\"430\" \/>\n\t<meta property=\"og:image:type\" content=\"image\/jpeg\" \/>\n<meta name=\"author\" content=\"Aconteceu no Vale\" \/>\n<meta name=\"twitter:card\" content=\"summary_large_image\" \/>\n<meta name=\"twitter:creator\" content=\"@noticiadosvales\" \/>\n<meta name=\"twitter:site\" content=\"@noticiadosvales\" \/>\n<meta name=\"twitter:label1\" content=\"Escrito por\" \/>\n\t<meta name=\"twitter:data1\" content=\"Aconteceu no Vale\" \/>\n\t<meta name=\"twitter:label2\" content=\"Est. tempo de leitura\" \/>\n\t<meta name=\"twitter:data2\" content=\"1 minuto\" \/>\n<script type=\"application\/ld+json\" class=\"yoast-schema-graph\">{\"@context\":\"https:\\\/\\\/schema.org\",\"@graph\":[{\"@type\":\"Article\",\"@id\":\"https:\\\/\\\/aconteceunovale.com.br\\\/portal\\\/?p=158008#article\",\"isPartOf\":{\"@id\":\"https:\\\/\\\/aconteceunovale.com.br\\\/portal\\\/?p=158008\"},\"author\":{\"name\":\"Aconteceu no Vale\",\"@id\":\"https:\\\/\\\/aconteceunovale.com.br\\\/portal\\\/#\\\/schema\\\/person\\\/633529146f2c94272bef50ac2953d589\"},\"headline\":\"Cobran\u00e7a de pens\u00e3o aliment\u00edcia termina em morte no munic\u00edpio de S\u00e3o Jo\u00e3o da Ponte, no Norte de Minas\",\"datePublished\":\"2020-01-23T16:01:08+00:00\",\"dateModified\":\"2020-01-23T16:03:05+00:00\",\"mainEntityOfPage\":{\"@id\":\"https:\\\/\\\/aconteceunovale.com.br\\\/portal\\\/?p=158008\"},\"wordCount\":242,\"commentCount\":0,\"image\":{\"@id\":\"https:\\\/\\\/aconteceunovale.com.br\\\/portal\\\/?p=158008#primaryimage\"},\"thumbnailUrl\":\"https:\\\/\\\/aconteceunovale.com.br\\\/portal\\\/wp-content\\\/uploads\\\/2019\\\/08\\\/plantao_giroflex.jpg\",\"keywords\":[\"Alvilmar Ferreira da Silva\",\"Assassinado em S\u00e3o Jo\u00e3o da Ponte\",\"Avilmar Ferreira da Silva\",\"Cobran\u00e7a de pens\u00e3o aliment\u00edcia termina em morte no munic\u00edpio de S\u00e3o Jo\u00e3o da Ponte\",\"Homem morto em S\u00e3o Jo\u00e3o da Ponte\",\"Morte em S\u00e3o Jo\u00e3o da Ponte\",\"S\u00e3o Jo\u00e3o da Ponte\"],\"articleSection\":[\"Norte de Minas\"],\"inLanguage\":\"pt-BR\",\"potentialAction\":[{\"@type\":\"CommentAction\",\"name\":\"Comment\",\"target\":[\"https:\\\/\\\/aconteceunovale.com.br\\\/portal\\\/?p=158008#respond\"]}]},{\"@type\":\"WebPage\",\"@id\":\"https:\\\/\\\/aconteceunovale.com.br\\\/portal\\\/?p=158008\",\"url\":\"https:\\\/\\\/aconteceunovale.com.br\\\/portal\\\/?p=158008\",\"name\":\"Cobran\u00e7a de pens\u00e3o aliment\u00edcia termina em morte no munic\u00edpio de S\u00e3o Jo\u00e3o da Ponte, no Norte de Minas - Aconteceu no Vale\",\"isPartOf\":{\"@id\":\"https:\\\/\\\/aconteceunovale.com.br\\\/portal\\\/#website\"},\"primaryImageOfPage\":{\"@id\":\"https:\\\/\\\/aconteceunovale.com.br\\\/portal\\\/?p=158008#primaryimage\"},\"image\":{\"@id\":\"https:\\\/\\\/aconteceunovale.com.br\\\/portal\\\/?p=158008#primaryimage\"},\"thumbnailUrl\":\"https:\\\/\\\/aconteceunovale.com.br\\\/portal\\\/wp-content\\\/uploads\\\/2019\\\/08\\\/plantao_giroflex.jpg\",\"datePublished\":\"2020-01-23T16:01:08+00:00\",\"dateModified\":\"2020-01-23T16:03:05+00:00\",\"author\":{\"@id\":\"https:\\\/\\\/aconteceunovale.com.br\\\/portal\\\/#\\\/schema\\\/person\\\/633529146f2c94272bef50ac2953d589\"},\"breadcrumb\":{\"@id\":\"https:\\\/\\\/aconteceunovale.com.br\\\/portal\\\/?p=158008#breadcrumb\"},\"inLanguage\":\"pt-BR\",\"potentialAction\":[{\"@type\":\"ReadAction\",\"target\":[\"https:\\\/\\\/aconteceunovale.com.br\\\/portal\\\/?p=158008\"]}]},{\"@type\":\"ImageObject\",\"inLanguage\":\"pt-BR\",\"@id\":\"https:\\\/\\\/aconteceunovale.com.br\\\/portal\\\/?p=158008#primaryimage\",\"url\":\"https:\\\/\\\/aconteceunovale.com.br\\\/portal\\\/wp-content\\\/uploads\\\/2019\\\/08\\\/plantao_giroflex.jpg\",\"contentUrl\":\"https:\\\/\\\/aconteceunovale.com.br\\\/portal\\\/wp-content\\\/uploads\\\/2019\\\/08\\\/plantao_giroflex.jpg\",\"width\":678,\"height\":430},{\"@type\":\"BreadcrumbList\",\"@id\":\"https:\\\/\\\/aconteceunovale.com.br\\\/portal\\\/?p=158008#breadcrumb\",\"itemListElement\":[{\"@type\":\"ListItem\",\"position\":1,\"name\":\"In\u00edcio\",\"item\":\"https:\\\/\\\/aconteceunovale.com.br\\\/portal\\\/\"},{\"@type\":\"ListItem\",\"position\":2,\"name\":\"Cobran\u00e7a de pens\u00e3o aliment\u00edcia termina em morte no munic\u00edpio de S\u00e3o Jo\u00e3o da Ponte, no Norte de Minas\"}]},{\"@type\":\"WebSite\",\"@id\":\"https:\\\/\\\/aconteceunovale.com.br\\\/portal\\\/#website\",\"url\":\"https:\\\/\\\/aconteceunovale.com.br\\\/portal\\\/\",\"name\":\"Aconteceu no Vale\",\"description\":\"Portal de Not\u00edcias\",\"potentialAction\":[{\"@type\":\"SearchAction\",\"target\":{\"@type\":\"EntryPoint\",\"urlTemplate\":\"https:\\\/\\\/aconteceunovale.com.br\\\/portal\\\/?s={search_term_string}\"},\"query-input\":{\"@type\":\"PropertyValueSpecification\",\"valueRequired\":true,\"valueName\":\"search_term_string\"}}],\"inLanguage\":\"pt-BR\"},{\"@type\":\"Person\",\"@id\":\"https:\\\/\\\/aconteceunovale.com.br\\\/portal\\\/#\\\/schema\\\/person\\\/633529146f2c94272bef50ac2953d589\",\"name\":\"Aconteceu no Vale\",\"description\":\"Equipe de reportagem do Aconteceu no Vale, portal de not\u00edcias do Vale do Jequitinhonha, em Minas Gerais. Cobrimos as 51 cidades do Vale desde 2013. Sugest\u00f5es de pauta e pedidos de corre\u00e7\u00e3o: contato@aconteceunovale.com.br\",\"sameAs\":[\"http:\\\/\\\/www.aconteceunovale.com.br\"],\"url\":\"https:\\\/\\\/aconteceunovale.com.br\\\/portal\\\/?author=1\"}]}<\/script>\n<!-- \/ Yoast SEO plugin. -->","yoast_head_json":{"title":"Cobran\u00e7a de pens\u00e3o aliment\u00edcia termina em morte no munic\u00edpio de S\u00e3o Jo\u00e3o da Ponte, no Norte de Minas - Aconteceu no Vale","robots":{"index":"index","follow":"follow","max-snippet":"max-snippet:-1","max-image-preview":"max-image-preview:large","max-video-preview":"max-video-preview:-1"},"canonical":"https:\/\/aconteceunovale.com.br\/portal\/?p=158008","og_locale":"pt_BR","og_type":"article","og_title":"Cobran\u00e7a de pens\u00e3o aliment\u00edcia termina em morte no munic\u00edpio de S\u00e3o Jo\u00e3o da Ponte, no Norte de Minas - Aconteceu no Vale","og_description":"Um homem de 36 anos morreu ap\u00f3s ser agredido em um bar na comunidade de Bom Jardim, na zona rural de S\u00e3o Jo\u00e3o da Ponte (MG), nessa quarta-feira (22\/01\/2020). Segundo informa\u00e7\u00f5es da Pol\u00edcia Militar (PM), Avilmar Ferreira da Silva foi encontrado sem sinais vitais dentro de casa. Testemunhas disseram \u00e0 pol\u00edcia que a v\u00edtima se [&hellip;]","og_url":"https:\/\/aconteceunovale.com.br\/portal\/?p=158008","og_site_name":"Aconteceu no Vale","article_publisher":"https:\/\/www.facebook.com\/aconteceunovale\/","article_published_time":"2020-01-23T16:01:08+00:00","article_modified_time":"2020-01-23T16:03:05+00:00","og_image":[{"width":678,"height":430,"url":"https:\/\/aconteceunovale.com.br\/portal\/wp-content\/uploads\/2019\/08\/plantao_giroflex.jpg","type":"image\/jpeg"}],"author":"Aconteceu no Vale","twitter_card":"summary_large_image","twitter_creator":"@noticiadosvales","twitter_site":"@noticiadosvales","twitter_misc":{"Escrito por":"Aconteceu no Vale","Est. tempo de leitura":"1 minuto"},"schema":{"@context":"https:\/\/schema.org","@graph":[{"@type":"Article","@id":"https:\/\/aconteceunovale.com.br\/portal\/?p=158008#article","isPartOf":{"@id":"https:\/\/aconteceunovale.com.br\/portal\/?p=158008"},"author":{"name":"Aconteceu no Vale","@id":"https:\/\/aconteceunovale.com.br\/portal\/#\/schema\/person\/633529146f2c94272bef50ac2953d589"},"headline":"Cobran\u00e7a de pens\u00e3o aliment\u00edcia termina em morte no munic\u00edpio de S\u00e3o Jo\u00e3o da Ponte, no Norte de Minas","datePublished":"2020-01-23T16:01:08+00:00","dateModified":"2020-01-23T16:03:05+00:00","mainEntityOfPage":{"@id":"https:\/\/aconteceunovale.com.br\/portal\/?p=158008"},"wordCount":242,"commentCount":0,"image":{"@id":"https:\/\/aconteceunovale.com.br\/portal\/?p=158008#primaryimage"},"thumbnailUrl":"https:\/\/aconteceunovale.com.br\/portal\/wp-content\/uploads\/2019\/08\/plantao_giroflex.jpg","keywords":["Alvilmar Ferreira da Silva","Assassinado em S\u00e3o Jo\u00e3o da Ponte","Avilmar Ferreira da Silva","Cobran\u00e7a de pens\u00e3o aliment\u00edcia termina em morte no munic\u00edpio de S\u00e3o Jo\u00e3o da Ponte","Homem morto em S\u00e3o Jo\u00e3o da Ponte","Morte em S\u00e3o Jo\u00e3o da Ponte","S\u00e3o Jo\u00e3o da Ponte"],"articleSection":["Norte de Minas"],"inLanguage":"pt-BR","potentialAction":[{"@type":"CommentAction","name":"Comment","target":["https:\/\/aconteceunovale.com.br\/portal\/?p=158008#respond"]}]},{"@type":"WebPage","@id":"https:\/\/aconteceunovale.com.br\/portal\/?p=158008","url":"https:\/\/aconteceunovale.com.br\/portal\/?p=158008","name":"Cobran\u00e7a de pens\u00e3o aliment\u00edcia termina em morte no munic\u00edpio de S\u00e3o Jo\u00e3o da Ponte, no Norte de Minas - Aconteceu no Vale","isPartOf":{"@id":"https:\/\/aconteceunovale.com.br\/portal\/#website"},"primaryImageOfPage":{"@id":"https:\/\/aconteceunovale.com.br\/portal\/?p=158008#primaryimage"},"image":{"@id":"https:\/\/aconteceunovale.com.br\/portal\/?p=158008#primaryimage"},"thumbnailUrl":"https:\/\/aconteceunovale.com.br\/portal\/wp-content\/uploads\/2019\/08\/plantao_giroflex.jpg","datePublished":"2020-01-23T16:01:08+00:00","dateModified":"2020-01-23T16:03:05+00:00","author":{"@id":"https:\/\/aconteceunovale.com.br\/portal\/#\/schema\/person\/633529146f2c94272bef50ac2953d589"},"breadcrumb":{"@id":"https:\/\/aconteceunovale.com.br\/portal\/?p=158008#breadcrumb"},"inLanguage":"pt-BR","potentialAction":[{"@type":"ReadAction","target":["https:\/\/aconteceunovale.com.br\/portal\/?p=158008"]}]},{"@type":"ImageObject","inLanguage":"pt-BR","@id":"https:\/\/aconteceunovale.com.br\/portal\/?p=158008#primaryimage","url":"https:\/\/aconteceunovale.com.br\/portal\/wp-content\/uploads\/2019\/08\/plantao_giroflex.jpg","contentUrl":"https:\/\/aconteceunovale.com.br\/portal\/wp-content\/uploads\/2019\/08\/plantao_giroflex.jpg","width":678,"height":430},{"@type":"BreadcrumbList","@id":"https:\/\/aconteceunovale.com.br\/portal\/?p=158008#breadcrumb","itemListElement":[{"@type":"ListItem","position":1,"name":"In\u00edcio","item":"https:\/\/aconteceunovale.com.br\/portal\/"},{"@type":"ListItem","position":2,"name":"Cobran\u00e7a de pens\u00e3o aliment\u00edcia termina em morte no munic\u00edpio de S\u00e3o Jo\u00e3o da Ponte, no Norte de Minas"}]},{"@type":"WebSite","@id":"https:\/\/aconteceunovale.com.br\/portal\/#website","url":"https:\/\/aconteceunovale.com.br\/portal\/","name":"Aconteceu no Vale","description":"Portal de Not\u00edcias","potentialAction":[{"@type":"SearchAction","target":{"@type":"EntryPoint","urlTemplate":"https:\/\/aconteceunovale.com.br\/portal\/?s={search_term_string}"},"query-input":{"@type":"PropertyValueSpecification","valueRequired":true,"valueName":"search_term_string"}}],"inLanguage":"pt-BR"},{"@type":"Person","@id":"https:\/\/aconteceunovale.com.br\/portal\/#\/schema\/person\/633529146f2c94272bef50ac2953d589","name":"Aconteceu no Vale","description":"Equipe de reportagem do Aconteceu no Vale, portal de not\u00edcias do Vale do Jequitinhonha, em Minas Gerais. Cobrimos as 51 cidades do Vale desde 2013. Sugest\u00f5es de pauta e pedidos de corre\u00e7\u00e3o: contato@aconteceunovale.com.br","sameAs":["http:\/\/www.aconteceunovale.com.br"],"url":"https:\/\/aconteceunovale.com.br\/portal\/?author=1"}]}},"_links":{"self":[{"href":"https:\/\/aconteceunovale.com.br\/portal\/index.php?rest_route=\/wp\/v2\/posts\/158008","targetHints":{"allow":["GET"]}}],"collection":[{"href":"https:\/\/aconteceunovale.com.br\/portal\/index.php?rest_route=\/wp\/v2\/posts"}],"about":[{"href":"https:\/\/aconteceunovale.com.br\/portal\/index.php?rest_route=\/wp\/v2\/types\/post"}],"author":[{"embeddable":true,"href":"https:\/\/aconteceunovale.com.br\/portal\/index.php?rest_route=\/wp\/v2\/users\/1"}],"replies":[{"embeddable":true,"href":"https:\/\/aconteceunovale.com.br\/portal\/index.php?rest_route=%2Fwp%2Fv2%2Fcomments&post=158008"}],"version-history":[{"count":1,"href":"https:\/\/aconteceunovale.com.br\/portal\/index.php?rest_route=\/wp\/v2\/posts\/158008\/revisions"}],"predecessor-version":[{"id":158009,"href":"https:\/\/aconteceunovale.com.br\/portal\/index.php?rest_route=\/wp\/v2\/posts\/158008\/revisions\/158009"}],"wp:featuredmedia":[{"embeddable":true,"href":"https:\/\/aconteceunovale.com.br\/portal\/index.php?rest_route=\/wp\/v2\/media\/151866"}],"wp:attachment":[{"href":"https:\/\/aconteceunovale.com.br\/portal\/index.php?rest_route=%2Fwp%2Fv2%2Fmedia&parent=158008"}],"wp:term":[{"taxonomy":"category","embeddable":true,"href":"https:\/\/aconteceunovale.com.br\/portal\/index.php?rest_route=%2Fwp%2Fv2%2Fcategories&post=158008"},{"taxonomy":"post_tag","embeddable":true,"href":"https:\/\/aconteceunovale.com.br\/portal\/index.php?rest_route=%2Fwp%2Fv2%2Ftags&post=158008"}],"curies":[{"name":"wp","href":"https:\/\/api.w.org\/{rel}","templated":true}]}}