{"id":158000,"date":"2020-01-23T11:27:15","date_gmt":"2020-01-23T14:27:15","guid":{"rendered":"http:\/\/aconteceunovale.com.br\/portal\/?p=158000"},"modified":"2020-01-23T11:31:30","modified_gmt":"2020-01-23T14:31:30","slug":"acidentes-deixam-dois-mortos-e-varios-feridos-na-br-418-no-vale-do-mucuri","status":"publish","type":"post","link":"https:\/\/aconteceunovale.com.br\/portal\/?p=158000","title":{"rendered":"Acidentes deixam dois mortos e v\u00e1rios feridos na BR-418, no Vale do Mucuri"},"content":{"rendered":"\n<p class=\"wp-block-paragraph\">Duas pessoas morreram e tr\u00eas ficaram feridas em um grav\u00edssimo acidente no quil\u00f4metro 97 da BR-418, no munic\u00edpio de Carlos Chagas (MG), na tarde dessa quarta-feira (22\/01\/2020). A colis\u00e3o entre um Hyundai Santa F\u00e9 e Volkswagen Santana aconteceu por volta das 17 horas.<\/p>\n\n\n\n<p class=\"wp-block-paragraph\">Segundo informa\u00e7\u00f5es da\nPol\u00edcia Militar (PM), o condutor do Santa F\u00e9 relatou que seguia no sentido Te\u00f3filo\nOtoni\/Carlos Chagas quando o ve\u00edculo aquaplanou, invadiu a contram\u00e3o de dire\u00e7\u00e3o\ne colidiu frontalmente contra o Santana. Chovia no momento do acidente.<\/p>\n\n\n\n<p class=\"wp-block-paragraph\">Com o forte impacto,\ndois ocupantes do Santana ficaram gravemente feridos e morreram presos \u00e0s\nferragens. Os corpos de Sidinei Batista de Souza, de 42 anos, e Jos\u00e9 Santiago\nPrates, de 62, foram resgatados por bombeiros militares e liberados para o\nInstituto M\u00e9dico Legal (IML) de Nanuque. <\/p>\n\n\n\n<p class=\"wp-block-paragraph\">Uma equipe do SAMU\n(Servi\u00e7o de Atendimento M\u00f3vel de Urg\u00eancia) esteve no local e socorreu os\nocupantes do Santa F\u00e9 ao Hospital Louren\u00e7o Westin, em Carlos Chagas. O\nmotorista M.M.L., de 47 anos, se queixava de dores no pesco\u00e7o e joelho. Ele foi\nmedicado e liberado. Os outros dois ocupantes do carro, de 17 e 28 anos, sofreram\npequenas luxa\u00e7\u00f5es. Uma crian\u00e7a de apenas tr\u00eas anos, que estava em uma\ncadeirinha, nada sofreu. <\/p>\n\n\n\n<p class=\"wp-block-paragraph\">As causas do acidente ser\u00e3o investigadas pelas autoridades locais. <\/p>\n\n\n\n<figure class=\"wp-block-gallery columns-1 is-cropped wp-block-gallery-1 is-layout-flex wp-block-gallery-is-layout-flex\"><ul class=\"blocks-gallery-grid\"><li class=\"blocks-gallery-item\"><figure><img loading=\"lazy\" decoding=\"async\" width=\"646\" height=\"450\" src=\"http:\/\/aconteceunovale.com.br\/portal\/wp-content\/uploads\/2020\/01\/acidente_carlos_chagas_23_1.jpg\" alt=\"\" data-id=\"158002\" data-full-url=\"http:\/\/aconteceunovale.com.br\/portal\/wp-content\/uploads\/2020\/01\/acidente_carlos_chagas_23_1.jpg\" data-link=\"http:\/\/aconteceunovale.com.br\/portal\/?attachment_id=158002\" class=\"wp-image-158002\" srcset=\"https:\/\/aconteceunovale.com.br\/portal\/wp-content\/uploads\/2020\/01\/acidente_carlos_chagas_23_1.jpg 646w, https:\/\/aconteceunovale.com.br\/portal\/wp-content\/uploads\/2020\/01\/acidente_carlos_chagas_23_1-300x209.jpg 300w, https:\/\/aconteceunovale.com.br\/portal\/wp-content\/uploads\/2020\/01\/acidente_carlos_chagas_23_1-100x70.jpg 100w, https:\/\/aconteceunovale.com.br\/portal\/wp-content\/uploads\/2020\/01\/acidente_carlos_chagas_23_1-603x420.jpg 603w\" sizes=\"auto, (max-width: 646px) 100vw, 646px\" \/><figcaption class=\"blocks-gallery-item__caption\"><em>Foto: Reprodu\u00e7\u00e3o \/ WhatsApp<\/em><\/figcaption><\/figure><\/li><li class=\"blocks-gallery-item\"><figure><img loading=\"lazy\" decoding=\"async\" width=\"643\" height=\"450\" src=\"http:\/\/aconteceunovale.com.br\/portal\/wp-content\/uploads\/2020\/01\/acidente_carlos_chagas_23_2.jpg\" alt=\"\" data-id=\"158001\" data-full-url=\"http:\/\/aconteceunovale.com.br\/portal\/wp-content\/uploads\/2020\/01\/acidente_carlos_chagas_23_2.jpg\" data-link=\"http:\/\/aconteceunovale.com.br\/portal\/?attachment_id=158001\" class=\"wp-image-158001\" srcset=\"https:\/\/aconteceunovale.com.br\/portal\/wp-content\/uploads\/2020\/01\/acidente_carlos_chagas_23_2.jpg 643w, https:\/\/aconteceunovale.com.br\/portal\/wp-content\/uploads\/2020\/01\/acidente_carlos_chagas_23_2-300x210.jpg 300w, https:\/\/aconteceunovale.com.br\/portal\/wp-content\/uploads\/2020\/01\/acidente_carlos_chagas_23_2-100x70.jpg 100w, https:\/\/aconteceunovale.com.br\/portal\/wp-content\/uploads\/2020\/01\/acidente_carlos_chagas_23_2-600x420.jpg 600w\" sizes=\"auto, (max-width: 643px) 100vw, 643px\" \/><figcaption class=\"blocks-gallery-item__caption\"> <em>Foto: Reprodu\u00e7\u00e3o \/ WhatsApp<\/em> <\/figcaption><\/figure><\/li><\/ul><\/figure>\n\n\n\n<h2 class=\"wp-block-heading\">Outros acidentes na BR-418<\/h2>\n\n\n\n<p class=\"wp-block-paragraph\">A Pol\u00edcia Rodovi\u00e1ria Estadual registrou outros tr\u00eas acidentes no trecho da BR-418 entre Te\u00f3filo Otoni e a divisa com o Estado da Bahia. No km 02, no munic\u00edpio de Serra dos Aimor\u00e9s, um ve\u00edculo Mercedes-benz Sprinter saiu da pista e colidiu contra uma cerca de arame. O condutor relatou que transitava sentido a Te\u00f3filo Otoni e perdeu o controle ap\u00f3s passar por uma po\u00e7a d\u2019\u00e1gua. Ele sofreu apenas luxa\u00e7\u00f5es causadas pelo cinto de seguran\u00e7a. <\/p>\n\n\n\n<p class=\"wp-block-paragraph\">\u00c0s 5h da manh\u00e3, segundo a Pol\u00edcia Rodovi\u00e1ria, um VW Gol que seguia de Governador Valadares (MG) para Porto Seguro (BA) caiu em um abismo no km 44. O condutor perdeu o controle da dire\u00e7\u00e3o ap\u00f3s passar em uma l\u00e2mina d\u2019\u00e1gua. Os ocupantes do carro, de 23, 24, 26 e 30 anos, foram atendidos pelo Samu e liberadas. <\/p>\n\n\n\n<p class=\"wp-block-paragraph\">Por volta das 10 horas da manh\u00e3, um carro de reportagem da TV Leste\/Record capotou no km 54 da rodovia. Segundo a Pol\u00edcia Rodovi\u00e1ria, o Nissan March aquaplanou em uma curva e saiu da pista. O rep\u00f3rter cinematogr\u00e1fico Victor Couy, de 35 anos, e o jornalista Aguiar J\u00fanior, de 47, foram encaminhados ao hospital de Carlos Chagas para avalia\u00e7\u00e3o e liberados. O carro ficou destru\u00eddo.<\/p>\n\n\n\n<iframe loading=\"lazy\" width=\"560\" height=\"315\" src=\"https:\/\/www.youtube.com\/embed\/ncpgn1HZoSE\" frameborder=\"0\" allow=\"accelerometer; autoplay; encrypted-media; gyroscope; picture-in-picture\" allowfullscreen=\"\"><\/iframe>\n\n\n\n<p class=\"has-text-color has-background has-very-light-gray-color has-very-dark-gray-background-color wp-block-paragraph\">Quer saber as not\u00edcias do <strong>Aconteceu no Vale<\/strong> em primeira m\u00e3o? Siga-nos no Facebook <a rel=\"noreferrer noopener\" href=\"http:\/\/facebook.com\/aconteceunovale\" target=\"_blank\">@aconteceunovale<\/a>, Twitter <a rel=\"noreferrer noopener\" href=\"https:\/\/twitter.com\/noticiadosvales\" target=\"_blank\">@noticiadosvales<\/a> e Instagram <a rel=\"noreferrer noopener\" href=\"https:\/\/www.instagram.com\/aconteceunovale\" target=\"_blank\">@aconteceunovale<\/a>.<\/p>\n","protected":false},"excerpt":{"rendered":"<p>Duas pessoas morreram e tr\u00eas ficaram feridas em um grav\u00edssimo acidente no quil\u00f4metro 97 da BR-418, no munic\u00edpio de Carlos Chagas (MG), na tarde dessa quarta-feira (22\/01\/2020). A colis\u00e3o entre um Hyundai Santa F\u00e9 e Volkswagen Santana aconteceu por volta das 17 horas. Segundo informa\u00e7\u00f5es da Pol\u00edcia Militar (PM), o condutor do Santa F\u00e9 relatou [&hellip;]<\/p>\n","protected":false},"author":1,"featured_media":158001,"comment_status":"open","ping_status":"closed","sticky":false,"template":"","format":"standard","meta":{"amp_status":"","footnotes":""},"categories":[122],"tags":[215303,215299,215304,215301,215302,215300,215406,51545,172985,59142,15839,215405,215404,75490,1175,1018,215407,215298,215408,164,38043],"class_list":["post-158000","post","type-post","status-publish","format-standard","has-post-thumbnail","hentry","category-mucuri","tag-acidente-com-aguiar-e-victor-couy","tag-acidente-com-aguiar-junior","tag-acidente-com-aguiar-junior-e-victor-couy","tag-acidente-com-equipe-da-tv-leste","tag-acidente-com-reportagem-da-tv-leste","tag-acidente-com-victor-couy","tag-acidente-em-br-418","tag-acidente-em-carlos-chagas","tag-acidente-em-serra-dos-aimores","tag-acidente-na-br-418-em-carlos-chagas","tag-acidente-na-br-418","tag-acidentes-deixam-dois-mortos-e-varios-feridos-na-br-418","tag-acidentes-na-br-418","tag-br-418","tag-carlos-chagas","tag-destaque","tag-jose-santiago-prates","tag-reporteres-da-tv-leste-sofrem-acidente-na-br-418","tag-sidinei-batista-de-souza","tag-teofilo-otoni","tag-tv-leste"],"yoast_head":"<!-- This site is optimized with the Yoast SEO plugin v28.3 - https:\/\/yoast.com\/product\/yoast-seo-wordpress\/ -->\n<title>Acidentes deixam dois mortos e v\u00e1rios feridos na BR-418, no Vale do Mucuri - Aconteceu no Vale<\/title>\n<meta name=\"robots\" content=\"index, follow, max-snippet:-1, max-image-preview:large, max-video-preview:-1\" \/>\n<link rel=\"canonical\" href=\"https:\/\/aconteceunovale.com.br\/portal\/?p=158000\" \/>\n<meta property=\"og:locale\" content=\"pt_BR\" \/>\n<meta property=\"og:type\" content=\"article\" \/>\n<meta property=\"og:title\" content=\"Acidentes deixam dois mortos e v\u00e1rios feridos na BR-418, no Vale do Mucuri - Aconteceu no Vale\" \/>\n<meta property=\"og:description\" content=\"Duas pessoas morreram e tr\u00eas ficaram feridas em um grav\u00edssimo acidente no quil\u00f4metro 97 da BR-418, no munic\u00edpio de Carlos Chagas (MG), na tarde dessa quarta-feira (22\/01\/2020). A colis\u00e3o entre um Hyundai Santa F\u00e9 e Volkswagen Santana aconteceu por volta das 17 horas. Segundo informa\u00e7\u00f5es da Pol\u00edcia Militar (PM), o condutor do Santa F\u00e9 relatou [&hellip;]\" \/>\n<meta property=\"og:url\" content=\"https:\/\/aconteceunovale.com.br\/portal\/?p=158000\" \/>\n<meta property=\"og:site_name\" content=\"Aconteceu no Vale\" \/>\n<meta property=\"article:publisher\" content=\"https:\/\/www.facebook.com\/aconteceunovale\/\" \/>\n<meta property=\"article:published_time\" content=\"2020-01-23T14:27:15+00:00\" \/>\n<meta property=\"article:modified_time\" content=\"2020-01-23T14:31:30+00:00\" \/>\n<meta property=\"og:image\" content=\"https:\/\/aconteceunovale.com.br\/portal\/wp-content\/uploads\/2020\/01\/acidente_carlos_chagas_23_2.jpg\" \/>\n\t<meta property=\"og:image:width\" content=\"643\" \/>\n\t<meta property=\"og:image:height\" content=\"450\" \/>\n\t<meta property=\"og:image:type\" content=\"image\/jpeg\" \/>\n<meta name=\"author\" content=\"Aconteceu no Vale\" \/>\n<meta name=\"twitter:card\" content=\"summary_large_image\" \/>\n<meta name=\"twitter:creator\" content=\"@noticiadosvales\" \/>\n<meta name=\"twitter:site\" content=\"@noticiadosvales\" \/>\n<meta name=\"twitter:label1\" content=\"Escrito por\" \/>\n\t<meta name=\"twitter:data1\" content=\"Aconteceu no Vale\" \/>\n\t<meta name=\"twitter:label2\" content=\"Est. tempo de leitura\" \/>\n\t<meta name=\"twitter:data2\" content=\"2 minutos\" \/>\n<script type=\"application\/ld+json\" class=\"yoast-schema-graph\">{\"@context\":\"https:\\\/\\\/schema.org\",\"@graph\":[{\"@type\":\"Article\",\"@id\":\"https:\\\/\\\/aconteceunovale.com.br\\\/portal\\\/?p=158000#article\",\"isPartOf\":{\"@id\":\"https:\\\/\\\/aconteceunovale.com.br\\\/portal\\\/?p=158000\"},\"author\":{\"name\":\"Aconteceu no Vale\",\"@id\":\"https:\\\/\\\/aconteceunovale.com.br\\\/portal\\\/#\\\/schema\\\/person\\\/633529146f2c94272bef50ac2953d589\"},\"headline\":\"Acidentes deixam dois mortos e v\u00e1rios feridos na BR-418, no Vale do Mucuri\",\"datePublished\":\"2020-01-23T14:27:15+00:00\",\"dateModified\":\"2020-01-23T14:31:30+00:00\",\"mainEntityOfPage\":{\"@id\":\"https:\\\/\\\/aconteceunovale.com.br\\\/portal\\\/?p=158000\"},\"wordCount\":489,\"commentCount\":0,\"image\":{\"@id\":\"https:\\\/\\\/aconteceunovale.com.br\\\/portal\\\/?p=158000#primaryimage\"},\"thumbnailUrl\":\"https:\\\/\\\/aconteceunovale.com.br\\\/portal\\\/wp-content\\\/uploads\\\/2020\\\/01\\\/acidente_carlos_chagas_23_2.jpg\",\"keywords\":[\"Acidente com Aguiar e Victor Couy\",\"Acidente com Aguiar J\u00fanior\",\"Acidente com Aguiar J\u00fanior e Victor Couy\",\"Acidente com equipe da TV Leste\",\"Acidente com reportagem da TV Leste\",\"Acidente com Victor Couy\",\"Acidente em BR-418\",\"acidente em carlos chagas\",\"Acidente em Serra dos Aimor\u00e9s\",\"acidente na br 418 em Carlos Chagas\",\"acidente na BR-418\",\"Acidentes deixam dois mortos e v\u00e1rios feridos na BR-418\",\"Acidentes na BR-418\",\"BR 418\",\"carlos chagas\",\"destaque\",\"Jos\u00e9 Santiago Prates\",\"Rep\u00f3rteres da TV Leste sofrem acidente na BR-418\",\"Sidinei Batista de Souza\",\"Te\u00f3filo Otoni\",\"TV Leste\"],\"articleSection\":[\"Vale do Mucuri\"],\"inLanguage\":\"pt-BR\",\"potentialAction\":[{\"@type\":\"CommentAction\",\"name\":\"Comment\",\"target\":[\"https:\\\/\\\/aconteceunovale.com.br\\\/portal\\\/?p=158000#respond\"]}]},{\"@type\":\"WebPage\",\"@id\":\"https:\\\/\\\/aconteceunovale.com.br\\\/portal\\\/?p=158000\",\"url\":\"https:\\\/\\\/aconteceunovale.com.br\\\/portal\\\/?p=158000\",\"name\":\"Acidentes deixam dois mortos e v\u00e1rios feridos na BR-418, no Vale do Mucuri - Aconteceu no Vale\",\"isPartOf\":{\"@id\":\"https:\\\/\\\/aconteceunovale.com.br\\\/portal\\\/#website\"},\"primaryImageOfPage\":{\"@id\":\"https:\\\/\\\/aconteceunovale.com.br\\\/portal\\\/?p=158000#primaryimage\"},\"image\":{\"@id\":\"https:\\\/\\\/aconteceunovale.com.br\\\/portal\\\/?p=158000#primaryimage\"},\"thumbnailUrl\":\"https:\\\/\\\/aconteceunovale.com.br\\\/portal\\\/wp-content\\\/uploads\\\/2020\\\/01\\\/acidente_carlos_chagas_23_2.jpg\",\"datePublished\":\"2020-01-23T14:27:15+00:00\",\"dateModified\":\"2020-01-23T14:31:30+00:00\",\"author\":{\"@id\":\"https:\\\/\\\/aconteceunovale.com.br\\\/portal\\\/#\\\/schema\\\/person\\\/633529146f2c94272bef50ac2953d589\"},\"breadcrumb\":{\"@id\":\"https:\\\/\\\/aconteceunovale.com.br\\\/portal\\\/?p=158000#breadcrumb\"},\"inLanguage\":\"pt-BR\",\"potentialAction\":[{\"@type\":\"ReadAction\",\"target\":[\"https:\\\/\\\/aconteceunovale.com.br\\\/portal\\\/?p=158000\"]}]},{\"@type\":\"ImageObject\",\"inLanguage\":\"pt-BR\",\"@id\":\"https:\\\/\\\/aconteceunovale.com.br\\\/portal\\\/?p=158000#primaryimage\",\"url\":\"https:\\\/\\\/aconteceunovale.com.br\\\/portal\\\/wp-content\\\/uploads\\\/2020\\\/01\\\/acidente_carlos_chagas_23_2.jpg\",\"contentUrl\":\"https:\\\/\\\/aconteceunovale.com.br\\\/portal\\\/wp-content\\\/uploads\\\/2020\\\/01\\\/acidente_carlos_chagas_23_2.jpg\",\"width\":643,\"height\":450},{\"@type\":\"BreadcrumbList\",\"@id\":\"https:\\\/\\\/aconteceunovale.com.br\\\/portal\\\/?p=158000#breadcrumb\",\"itemListElement\":[{\"@type\":\"ListItem\",\"position\":1,\"name\":\"In\u00edcio\",\"item\":\"https:\\\/\\\/aconteceunovale.com.br\\\/portal\\\/\"},{\"@type\":\"ListItem\",\"position\":2,\"name\":\"Acidentes deixam dois mortos e v\u00e1rios feridos na BR-418, no Vale do Mucuri\"}]},{\"@type\":\"WebSite\",\"@id\":\"https:\\\/\\\/aconteceunovale.com.br\\\/portal\\\/#website\",\"url\":\"https:\\\/\\\/aconteceunovale.com.br\\\/portal\\\/\",\"name\":\"Aconteceu no Vale\",\"description\":\"Portal de Not\u00edcias\",\"potentialAction\":[{\"@type\":\"SearchAction\",\"target\":{\"@type\":\"EntryPoint\",\"urlTemplate\":\"https:\\\/\\\/aconteceunovale.com.br\\\/portal\\\/?s={search_term_string}\"},\"query-input\":{\"@type\":\"PropertyValueSpecification\",\"valueRequired\":true,\"valueName\":\"search_term_string\"}}],\"inLanguage\":\"pt-BR\"},{\"@type\":\"Person\",\"@id\":\"https:\\\/\\\/aconteceunovale.com.br\\\/portal\\\/#\\\/schema\\\/person\\\/633529146f2c94272bef50ac2953d589\",\"name\":\"Aconteceu no Vale\",\"description\":\"Equipe de reportagem do Aconteceu no Vale, portal de not\u00edcias do Vale do Jequitinhonha, em Minas Gerais. Cobrimos as 51 cidades do Vale desde 2013. Sugest\u00f5es de pauta e pedidos de corre\u00e7\u00e3o: contato@aconteceunovale.com.br\",\"sameAs\":[\"http:\\\/\\\/www.aconteceunovale.com.br\"],\"url\":\"https:\\\/\\\/aconteceunovale.com.br\\\/portal\\\/?author=1\"}]}<\/script>\n<!-- \/ Yoast SEO plugin. -->","yoast_head_json":{"title":"Acidentes deixam dois mortos e v\u00e1rios feridos na BR-418, no Vale do Mucuri - Aconteceu no Vale","robots":{"index":"index","follow":"follow","max-snippet":"max-snippet:-1","max-image-preview":"max-image-preview:large","max-video-preview":"max-video-preview:-1"},"canonical":"https:\/\/aconteceunovale.com.br\/portal\/?p=158000","og_locale":"pt_BR","og_type":"article","og_title":"Acidentes deixam dois mortos e v\u00e1rios feridos na BR-418, no Vale do Mucuri - Aconteceu no Vale","og_description":"Duas pessoas morreram e tr\u00eas ficaram feridas em um grav\u00edssimo acidente no quil\u00f4metro 97 da BR-418, no munic\u00edpio de Carlos Chagas (MG), na tarde dessa quarta-feira (22\/01\/2020). A colis\u00e3o entre um Hyundai Santa F\u00e9 e Volkswagen Santana aconteceu por volta das 17 horas. Segundo informa\u00e7\u00f5es da Pol\u00edcia Militar (PM), o condutor do Santa F\u00e9 relatou [&hellip;]","og_url":"https:\/\/aconteceunovale.com.br\/portal\/?p=158000","og_site_name":"Aconteceu no Vale","article_publisher":"https:\/\/www.facebook.com\/aconteceunovale\/","article_published_time":"2020-01-23T14:27:15+00:00","article_modified_time":"2020-01-23T14:31:30+00:00","og_image":[{"width":643,"height":450,"url":"https:\/\/aconteceunovale.com.br\/portal\/wp-content\/uploads\/2020\/01\/acidente_carlos_chagas_23_2.jpg","type":"image\/jpeg"}],"author":"Aconteceu no Vale","twitter_card":"summary_large_image","twitter_creator":"@noticiadosvales","twitter_site":"@noticiadosvales","twitter_misc":{"Escrito por":"Aconteceu no Vale","Est. tempo de leitura":"2 minutos"},"schema":{"@context":"https:\/\/schema.org","@graph":[{"@type":"Article","@id":"https:\/\/aconteceunovale.com.br\/portal\/?p=158000#article","isPartOf":{"@id":"https:\/\/aconteceunovale.com.br\/portal\/?p=158000"},"author":{"name":"Aconteceu no Vale","@id":"https:\/\/aconteceunovale.com.br\/portal\/#\/schema\/person\/633529146f2c94272bef50ac2953d589"},"headline":"Acidentes deixam dois mortos e v\u00e1rios feridos na BR-418, no Vale do Mucuri","datePublished":"2020-01-23T14:27:15+00:00","dateModified":"2020-01-23T14:31:30+00:00","mainEntityOfPage":{"@id":"https:\/\/aconteceunovale.com.br\/portal\/?p=158000"},"wordCount":489,"commentCount":0,"image":{"@id":"https:\/\/aconteceunovale.com.br\/portal\/?p=158000#primaryimage"},"thumbnailUrl":"https:\/\/aconteceunovale.com.br\/portal\/wp-content\/uploads\/2020\/01\/acidente_carlos_chagas_23_2.jpg","keywords":["Acidente com Aguiar e Victor Couy","Acidente com Aguiar J\u00fanior","Acidente com Aguiar J\u00fanior e Victor Couy","Acidente com equipe da TV Leste","Acidente com reportagem da TV Leste","Acidente com Victor Couy","Acidente em BR-418","acidente em carlos chagas","Acidente em Serra dos Aimor\u00e9s","acidente na br 418 em Carlos Chagas","acidente na BR-418","Acidentes deixam dois mortos e v\u00e1rios feridos na BR-418","Acidentes na BR-418","BR 418","carlos chagas","destaque","Jos\u00e9 Santiago Prates","Rep\u00f3rteres da TV Leste sofrem acidente na BR-418","Sidinei Batista de Souza","Te\u00f3filo Otoni","TV Leste"],"articleSection":["Vale do Mucuri"],"inLanguage":"pt-BR","potentialAction":[{"@type":"CommentAction","name":"Comment","target":["https:\/\/aconteceunovale.com.br\/portal\/?p=158000#respond"]}]},{"@type":"WebPage","@id":"https:\/\/aconteceunovale.com.br\/portal\/?p=158000","url":"https:\/\/aconteceunovale.com.br\/portal\/?p=158000","name":"Acidentes deixam dois mortos e v\u00e1rios feridos na BR-418, no Vale do Mucuri - Aconteceu no Vale","isPartOf":{"@id":"https:\/\/aconteceunovale.com.br\/portal\/#website"},"primaryImageOfPage":{"@id":"https:\/\/aconteceunovale.com.br\/portal\/?p=158000#primaryimage"},"image":{"@id":"https:\/\/aconteceunovale.com.br\/portal\/?p=158000#primaryimage"},"thumbnailUrl":"https:\/\/aconteceunovale.com.br\/portal\/wp-content\/uploads\/2020\/01\/acidente_carlos_chagas_23_2.jpg","datePublished":"2020-01-23T14:27:15+00:00","dateModified":"2020-01-23T14:31:30+00:00","author":{"@id":"https:\/\/aconteceunovale.com.br\/portal\/#\/schema\/person\/633529146f2c94272bef50ac2953d589"},"breadcrumb":{"@id":"https:\/\/aconteceunovale.com.br\/portal\/?p=158000#breadcrumb"},"inLanguage":"pt-BR","potentialAction":[{"@type":"ReadAction","target":["https:\/\/aconteceunovale.com.br\/portal\/?p=158000"]}]},{"@type":"ImageObject","inLanguage":"pt-BR","@id":"https:\/\/aconteceunovale.com.br\/portal\/?p=158000#primaryimage","url":"https:\/\/aconteceunovale.com.br\/portal\/wp-content\/uploads\/2020\/01\/acidente_carlos_chagas_23_2.jpg","contentUrl":"https:\/\/aconteceunovale.com.br\/portal\/wp-content\/uploads\/2020\/01\/acidente_carlos_chagas_23_2.jpg","width":643,"height":450},{"@type":"BreadcrumbList","@id":"https:\/\/aconteceunovale.com.br\/portal\/?p=158000#breadcrumb","itemListElement":[{"@type":"ListItem","position":1,"name":"In\u00edcio","item":"https:\/\/aconteceunovale.com.br\/portal\/"},{"@type":"ListItem","position":2,"name":"Acidentes deixam dois mortos e v\u00e1rios feridos na BR-418, no Vale do Mucuri"}]},{"@type":"WebSite","@id":"https:\/\/aconteceunovale.com.br\/portal\/#website","url":"https:\/\/aconteceunovale.com.br\/portal\/","name":"Aconteceu no Vale","description":"Portal de Not\u00edcias","potentialAction":[{"@type":"SearchAction","target":{"@type":"EntryPoint","urlTemplate":"https:\/\/aconteceunovale.com.br\/portal\/?s={search_term_string}"},"query-input":{"@type":"PropertyValueSpecification","valueRequired":true,"valueName":"search_term_string"}}],"inLanguage":"pt-BR"},{"@type":"Person","@id":"https:\/\/aconteceunovale.com.br\/portal\/#\/schema\/person\/633529146f2c94272bef50ac2953d589","name":"Aconteceu no Vale","description":"Equipe de reportagem do Aconteceu no Vale, portal de not\u00edcias do Vale do Jequitinhonha, em Minas Gerais. Cobrimos as 51 cidades do Vale desde 2013. Sugest\u00f5es de pauta e pedidos de corre\u00e7\u00e3o: contato@aconteceunovale.com.br","sameAs":["http:\/\/www.aconteceunovale.com.br"],"url":"https:\/\/aconteceunovale.com.br\/portal\/?author=1"}]}},"_links":{"self":[{"href":"https:\/\/aconteceunovale.com.br\/portal\/index.php?rest_route=\/wp\/v2\/posts\/158000","targetHints":{"allow":["GET"]}}],"collection":[{"href":"https:\/\/aconteceunovale.com.br\/portal\/index.php?rest_route=\/wp\/v2\/posts"}],"about":[{"href":"https:\/\/aconteceunovale.com.br\/portal\/index.php?rest_route=\/wp\/v2\/types\/post"}],"author":[{"embeddable":true,"href":"https:\/\/aconteceunovale.com.br\/portal\/index.php?rest_route=\/wp\/v2\/users\/1"}],"replies":[{"embeddable":true,"href":"https:\/\/aconteceunovale.com.br\/portal\/index.php?rest_route=%2Fwp%2Fv2%2Fcomments&post=158000"}],"version-history":[{"count":1,"href":"https:\/\/aconteceunovale.com.br\/portal\/index.php?rest_route=\/wp\/v2\/posts\/158000\/revisions"}],"predecessor-version":[{"id":158003,"href":"https:\/\/aconteceunovale.com.br\/portal\/index.php?rest_route=\/wp\/v2\/posts\/158000\/revisions\/158003"}],"wp:featuredmedia":[{"embeddable":true,"href":"https:\/\/aconteceunovale.com.br\/portal\/index.php?rest_route=\/wp\/v2\/media\/158001"}],"wp:attachment":[{"href":"https:\/\/aconteceunovale.com.br\/portal\/index.php?rest_route=%2Fwp%2Fv2%2Fmedia&parent=158000"}],"wp:term":[{"taxonomy":"category","embeddable":true,"href":"https:\/\/aconteceunovale.com.br\/portal\/index.php?rest_route=%2Fwp%2Fv2%2Fcategories&post=158000"},{"taxonomy":"post_tag","embeddable":true,"href":"https:\/\/aconteceunovale.com.br\/portal\/index.php?rest_route=%2Fwp%2Fv2%2Ftags&post=158000"}],"curies":[{"name":"wp","href":"https:\/\/api.w.org\/{rel}","templated":true}]}}