{"id":157951,"date":"2020-01-22T19:42:39","date_gmt":"2020-01-22T22:42:39","guid":{"rendered":"http:\/\/aconteceunovale.com.br\/portal\/?p=157951"},"modified":"2020-01-22T19:44:00","modified_gmt":"2020-01-22T22:44:00","slug":"idosa-fica-ferida-apos-queda-de-elevador-em-teofilo-otoni","status":"publish","type":"post","link":"https:\/\/aconteceunovale.com.br\/portal\/?p=157951","title":{"rendered":"Idosa fica ferida ap\u00f3s queda de elevador em Te\u00f3filo Otoni"},"content":{"rendered":"\n<p>Uma mulher de 68 anos ficou ferida ap\u00f3s um elevador despencar do\nterceiro andar de um pr\u00e9dio localizado na rua Doutor Jo\u00e3o Ant\u00f4nio, no Centro de\nTe\u00f3filo Otoni (MG), na tarde desta quarta-feira (22\/01\/2020). A v\u00edtima \u00e9 de\nItambacuri (MG).<\/p>\n\n\n\n<p>Segundo informa\u00e7\u00f5es do Corpo de Bombeiros, o equipamento apresentou\nfalha mec\u00e2nica (rompimento de cabos de a\u00e7o) e caiu em queda livre por cerca de\nnove metros de altura. Com o forte impacto, a idosa sofreu uma fratura exposta\nna perna direita. <\/p>\n\n\n\n<p>A v\u00edtima foi resgatada pelo Corpo de Bombeiros e encaminhada a\num hospital de Te\u00f3filo Otoni por uma equipe do SAMU (Servi\u00e7o de Atendimento\nM\u00f3vel de Urg\u00eancia). Ela passou por procedimento cir\u00fargico e o estado de sa\u00fade \u00e9\nest\u00e1vel. <\/p>\n\n\n\n<p>De acordo com um representante da empresa respons\u00e1vel pelo elevador, o equipamento passou por vistoria em dezembro do ano passado e a manuten\u00e7\u00e3o estava em dia.<\/p>\n\n\n\n<p>A Pol\u00edcia Militar tamb\u00e9m esteve no local. As causas do acidente ser\u00e3o investigadas.<\/p>\n\n\n\n<figure class=\"wp-block-gallery columns-1 is-cropped wp-block-gallery-1 is-layout-flex wp-block-gallery-is-layout-flex\"><ul class=\"blocks-gallery-grid\"><li class=\"blocks-gallery-item\"><figure><img loading=\"lazy\" decoding=\"async\" width=\"678\" height=\"428\" src=\"http:\/\/aconteceunovale.com.br\/portal\/wp-content\/uploads\/2020\/01\/acidente_elevador_teo_2.jpg\" alt=\"\" data-id=\"157952\" class=\"wp-image-157952\" srcset=\"https:\/\/aconteceunovale.com.br\/portal\/wp-content\/uploads\/2020\/01\/acidente_elevador_teo_2.jpg 678w, https:\/\/aconteceunovale.com.br\/portal\/wp-content\/uploads\/2020\/01\/acidente_elevador_teo_2-300x189.jpg 300w, https:\/\/aconteceunovale.com.br\/portal\/wp-content\/uploads\/2020\/01\/acidente_elevador_teo_2-665x420.jpg 665w\" sizes=\"auto, (max-width: 678px) 100vw, 678px\" \/><figcaption class=\"blocks-gallery-item__caption\"><em>Foto: Reprodu\u00e7\u00e3o \/ WhatsApp<\/em><\/figcaption><\/figure><\/li><li class=\"blocks-gallery-item\"><figure><img loading=\"lazy\" decoding=\"async\" width=\"678\" height=\"382\" src=\"http:\/\/aconteceunovale.com.br\/portal\/wp-content\/uploads\/2020\/01\/acidente_elevador_teo_1.jpg\" alt=\"\" data-id=\"157953\" data-full-url=\"http:\/\/aconteceunovale.com.br\/portal\/wp-content\/uploads\/2020\/01\/acidente_elevador_teo_1.jpg\" data-link=\"http:\/\/aconteceunovale.com.br\/portal\/?attachment_id=157953\" class=\"wp-image-157953\" srcset=\"https:\/\/aconteceunovale.com.br\/portal\/wp-content\/uploads\/2020\/01\/acidente_elevador_teo_1.jpg 678w, https:\/\/aconteceunovale.com.br\/portal\/wp-content\/uploads\/2020\/01\/acidente_elevador_teo_1-300x169.jpg 300w\" sizes=\"auto, (max-width: 678px) 100vw, 678px\" \/><figcaption class=\"blocks-gallery-item__caption\"> <em>Foto: Reprodu\u00e7\u00e3o \/ WhatsApp<\/em> <\/figcaption><\/figure><\/li><\/ul><\/figure>\n\n\n\n<p class=\"has-text-color has-background has-very-light-gray-color has-very-dark-gray-background-color\">Quer saber as not\u00edcias do <strong>Aconteceu no Vale<\/strong> em primeira m\u00e3o? Siga-nos no Facebook <a rel=\"noreferrer noopener\" href=\"http:\/\/facebook.com\/aconteceunovale\" target=\"_blank\">@aconteceunovale<\/a>, Twitter <a rel=\"noreferrer noopener\" href=\"https:\/\/twitter.com\/noticiadosvales\" target=\"_blank\">@noticiadosvales<\/a> e Instagram <a rel=\"noreferrer noopener\" href=\"https:\/\/www.instagram.com\/aconteceunovale\" target=\"_blank\">@aconteceunovale<\/a>.<\/p>\n","protected":false},"excerpt":{"rendered":"<p>Uma mulher de 68 anos ficou ferida ap\u00f3s um elevador despencar do terceiro andar de um pr\u00e9dio localizado na rua Doutor Jo\u00e3o Ant\u00f4nio, no Centro de Te\u00f3filo Otoni (MG), na tarde desta quarta-feira (22\/01\/2020). A v\u00edtima \u00e9 de Itambacuri (MG). Segundo informa\u00e7\u00f5es do Corpo de Bombeiros, o equipamento apresentou falha mec\u00e2nica (rompimento de cabos de [&hellip;]<\/p>\n","protected":false},"author":1,"featured_media":157952,"comment_status":"open","ping_status":"closed","sticky":false,"template":"","format":"standard","meta":{"amp_status":"","footnotes":""},"categories":[122],"tags":[215324,215328,215325,215327,215323,188,215326,215329,164],"class_list":["post-157951","post","type-post","status-publish","format-standard","has-post-thumbnail","hentry","category-mucuri","tag-acidente-com-elevador-em-teofilo-otoni","tag-acidente-com-elevador-no-centro-de-teofilo-otoni","tag-acidente-em-elevador-em-teofilo-otoni","tag-ferida-em-elevador-em-teofilo-otoni","tag-idosa-fica-ferida-apos-queda-de-elevador-em-teofilo-otoni","tag-itambacuri","tag-queda-de-elevador-em-teofilo-otoni","tag-queda-de-elevador-no-centro-de-teofilo-otoni","tag-teofilo-otoni"],"_links":{"self":[{"href":"https:\/\/aconteceunovale.com.br\/portal\/index.php?rest_route=\/wp\/v2\/posts\/157951","targetHints":{"allow":["GET"]}}],"collection":[{"href":"https:\/\/aconteceunovale.com.br\/portal\/index.php?rest_route=\/wp\/v2\/posts"}],"about":[{"href":"https:\/\/aconteceunovale.com.br\/portal\/index.php?rest_route=\/wp\/v2\/types\/post"}],"author":[{"embeddable":true,"href":"https:\/\/aconteceunovale.com.br\/portal\/index.php?rest_route=\/wp\/v2\/users\/1"}],"replies":[{"embeddable":true,"href":"https:\/\/aconteceunovale.com.br\/portal\/index.php?rest_route=%2Fwp%2Fv2%2Fcomments&post=157951"}],"version-history":[{"count":1,"href":"https:\/\/aconteceunovale.com.br\/portal\/index.php?rest_route=\/wp\/v2\/posts\/157951\/revisions"}],"predecessor-version":[{"id":157954,"href":"https:\/\/aconteceunovale.com.br\/portal\/index.php?rest_route=\/wp\/v2\/posts\/157951\/revisions\/157954"}],"wp:featuredmedia":[{"embeddable":true,"href":"https:\/\/aconteceunovale.com.br\/portal\/index.php?rest_route=\/wp\/v2\/media\/157952"}],"wp:attachment":[{"href":"https:\/\/aconteceunovale.com.br\/portal\/index.php?rest_route=%2Fwp%2Fv2%2Fmedia&parent=157951"}],"wp:term":[{"taxonomy":"category","embeddable":true,"href":"https:\/\/aconteceunovale.com.br\/portal\/index.php?rest_route=%2Fwp%2Fv2%2Fcategories&post=157951"},{"taxonomy":"post_tag","embeddable":true,"href":"https:\/\/aconteceunovale.com.br\/portal\/index.php?rest_route=%2Fwp%2Fv2%2Ftags&post=157951"}],"curies":[{"name":"wp","href":"https:\/\/api.w.org\/{rel}","templated":true}]}}