{"id":157946,"date":"2020-01-22T18:14:54","date_gmt":"2020-01-22T21:14:54","guid":{"rendered":"http:\/\/aconteceunovale.com.br\/portal\/?p=157946"},"modified":"2020-01-22T18:15:36","modified_gmt":"2020-01-22T21:15:36","slug":"prefeito-morre-e-inaugura-cemiterio-em-cidade-do-norte-de-minas","status":"publish","type":"post","link":"https:\/\/aconteceunovale.com.br\/portal\/?p=157946","title":{"rendered":"Prefeito morre e \u2018inaugura\u2019 cemit\u00e9rio em cidade do Norte de Minas"},"content":{"rendered":"\n<p>A morte do prefeito de Bonito de Minas, no Norte do Estado,\nlembrou a hist\u00f3ria contada pelo dramaturgo Dias Gomes (1922\/199) na novela \u201cO\nBem-Amado\u201d, levada ao ar pela TV Globo na d\u00e9cada de 1970. <\/p>\n\n\n\n<p>O corpo do prefeito Jos\u00e9\nPedro Pires da Rocha (PSB), o Z\u00e9 Galego, foi o primeiro a ser sepultado na \u00e1rea\nnova do cemit\u00e9rio da cidade. Na novela global, o prefeito de Sucupira, Odorico\nParagua\u00e7u, interpretado por Paulo Gracindo (1911\/1995), cria situa\u00e7\u00f5es para\n\u201cinaugurar\u201d o cemit\u00e9rio que construiu como promessa de campanha. Ap\u00f3s v\u00e1rias\ntentativas frustradas, morre e acaba sendo a primeira pessoa enterrada no\nlocal.<\/p>\n\n\n\n<p>Alguns\nmoradores, inclusive, j\u00e1 chegaram a mencionar a hist\u00f3ria de \u201cO Bem-Amado\u201d para\no prefeito falecido no Norte de Minas. &#8220;J\u00e1 haviam falado com\nele sobre a novela, mas ele dizia que n\u00e3o acreditava nisso\u201d, conta Miqueias\nFigueredo (PTB), vereador e amigo de Jos\u00e9.<\/p>\n\n\n\n<p>Jos\u00e9 Pedro Pires da Rocha\ntinha 64 anos e morreu enquanto voltava de Bras\u00edlia (DF) na sexta-feira (17\/01\/2020).\nEle esteve no DF para assinar documentos para doa\u00e7\u00e3o de m\u00e1quinas destinados ao\nmunic\u00edpio.<\/p>\n\n\n\n<p>\u201cEle viajava sozinho de carro e passou mal. Foi at\u00e9 um hospital,\nonde permaneceu em observa\u00e7\u00e3o, mas acabou liberado. Em seguida, voltou ao hotel\npara buscar as malas e continuar a viagem. Passou mal novamente, foi em outra\nunidade de sa\u00fade, infartou e morreu\u201d, fala Miqueias Figueredo, que foi convidado\npor Z\u00e9 Galego para viajar at\u00e9 a capital federal, mas n\u00e3o pode ir em raz\u00e3o de\ncompromissos.<\/p>\n\n\n\n<p>O vereador esclarece que a obra de amplia\u00e7\u00e3o era uma\nreivindica\u00e7\u00e3o da popula\u00e7\u00e3o e dos vereadores, j\u00e1 que a parte antiga do\ncemit\u00e9rio, que tem mais de 50 anos, n\u00e3o comportava mais t\u00famulos.<\/p>\n\n\n\n<p>\u201cTivemos v\u00e1rios transtornos, moradores foram enterrar seus entes\ne havia outras ossadas no lugar. O Z\u00e9 n\u00e3o era natural daqui e a fam\u00edlia n\u00e3o\ntinha um espa\u00e7o na parte do cemit\u00e9rio que j\u00e1 existia, por isso, pediram que\nfosse enterrado na parte nova\u201d, diz.<\/p>\n\n\n\n<p>A obra de amplia\u00e7\u00e3o do cemit\u00e9rio come\u00e7ou por volta de outubro de 2019 e ainda n\u00e3o tem data para terminar. A Prefeitura precisa construir uma capela e fazer adequa\u00e7\u00f5es \u00e0 infraestrutura, como instala\u00e7\u00e3o de banheiros e interliga\u00e7\u00e3o \u00e0 rede de \u00e1gua e esgoto.<\/p>\n\n\n\n<figure class=\"wp-block-gallery columns-1 is-cropped wp-block-gallery-1 is-layout-flex wp-block-gallery-is-layout-flex\"><ul class=\"blocks-gallery-grid\"><li class=\"blocks-gallery-item\"><figure><img loading=\"lazy\" decoding=\"async\" width=\"678\" height=\"439\" src=\"http:\/\/aconteceunovale.com.br\/portal\/wp-content\/uploads\/2020\/01\/morte_prefeito_bonito_1.jpeg\" alt=\"\" data-id=\"157947\" class=\"wp-image-157947\" srcset=\"https:\/\/aconteceunovale.com.br\/portal\/wp-content\/uploads\/2020\/01\/morte_prefeito_bonito_1.jpeg 678w, https:\/\/aconteceunovale.com.br\/portal\/wp-content\/uploads\/2020\/01\/morte_prefeito_bonito_1-300x194.jpeg 300w, https:\/\/aconteceunovale.com.br\/portal\/wp-content\/uploads\/2020\/01\/morte_prefeito_bonito_1-649x420.jpeg 649w\" sizes=\"auto, (max-width: 678px) 100vw, 678px\" \/><figcaption class=\"blocks-gallery-item__caption\"> <em>T\u00famulo do prefeito na \u00e1rea de amplia\u00e7\u00e3o do cemit\u00e9rio &#8211; Foto: Reprodu\u00e7\u00e3o<\/em> <\/figcaption><\/figure><\/li><\/ul><\/figure>\n\n\n\n<h3 class=\"wp-block-heading\">De caminhoneiro a\nprefeito<\/h3>\n\n\n\n<p>Se o personagem de Odorico mostra um exemplo de pol\u00edtico\ncorrupto e cheio de artimanhas, Jos\u00e9 Pedro da Rocha \u00e9 lembrado pelo vereador\ncomo \u201chomem correto e honesto\u201d. Ele conta que o amigo era natural de Sete\nLagoas e foi para o Norte de Minas para trabalhar no transporte de carv\u00e3o.\nTempos depois, come\u00e7ou a trabalhar como taxista na Comunidade de S\u00e3o Sebasti\u00e3o\ndo Catul\u00e9 e, seguindo os conselhos dos passageiros que levava, se candidatou \u00e0\nC\u00e2mara, mas n\u00e3o obteve sucesso.<\/p>\n\n\n\n<p>Nas elei\u00e7\u00f5es seguintes, tentou novamente\ne foi eleito vereador, primeiro cargo pol\u00edtico que ocupou. Foi eleito\nvice-prefeito em 2012 e reeleito no \u00faltimo pleito. Z\u00e9 Galego assumiu o cargo\nprincipal da Administra\u00e7\u00e3o Municipal ap\u00f3s o prefeito Jos\u00e9 Reis (PHS) se afastar\nao ser eleito deputado estadual no ano de 2018.<\/p>\n\n\n\n<p>\u201cEu j\u00e1 fui oposi\u00e7\u00e3o, mas conheci o\ntrabalho dele e passei a apoi\u00e1-lo. Foi um prefeito que conseguiu contornar as\ndificuldades financeiras do munic\u00edpio para pagar sal\u00e1rios e outras despesas em\ndia. De tanto cuidar dos interesses da popula\u00e7\u00e3o, acabou esquecendo dele e,\ninfelizmente, morreu em virtude de um problema de sa\u00fade\u201d, lamenta.<\/p>\n\n\n\n<p>Um dos filhos de Z\u00e9 Galego disse ao vereador que o pai passou mal h\u00e1 dois anos e um m\u00e9dico apontou que ele tinha uma veia com ind\u00edcios de entupimento.<\/p>\n\n\n\n<figure class=\"wp-block-gallery columns-1 is-cropped wp-block-gallery-2 is-layout-flex wp-block-gallery-is-layout-flex\"><ul class=\"blocks-gallery-grid\"><li class=\"blocks-gallery-item\"><figure><img loading=\"lazy\" decoding=\"async\" width=\"678\" height=\"439\" src=\"http:\/\/aconteceunovale.com.br\/portal\/wp-content\/uploads\/2020\/01\/morte_prefeito_bonito_2.jpeg\" alt=\"\" data-id=\"157948\" data-full-url=\"http:\/\/aconteceunovale.com.br\/portal\/wp-content\/uploads\/2020\/01\/morte_prefeito_bonito_2.jpeg\" data-link=\"http:\/\/aconteceunovale.com.br\/portal\/?attachment_id=157948\" class=\"wp-image-157948\" srcset=\"https:\/\/aconteceunovale.com.br\/portal\/wp-content\/uploads\/2020\/01\/morte_prefeito_bonito_2.jpeg 678w, https:\/\/aconteceunovale.com.br\/portal\/wp-content\/uploads\/2020\/01\/morte_prefeito_bonito_2-300x194.jpeg 300w, https:\/\/aconteceunovale.com.br\/portal\/wp-content\/uploads\/2020\/01\/morte_prefeito_bonito_2-649x420.jpeg 649w\" sizes=\"auto, (max-width: 678px) 100vw, 678px\" \/><figcaption class=\"blocks-gallery-item__caption\"><em>Z\u00e9 Galego e o vereador Miqueias &#8211; Foto: Reprodu\u00e7\u00e3o<\/em><\/figcaption><\/figure><\/li><\/ul><\/figure>\n\n\n\n<h3 class=\"wp-block-heading\">Novo prefeito<\/h3>\n\n\n\n<p>Com o falecimento de Z\u00e9 Galego, quem assume a Prefeitura \u00e9\nDilson Santana (PP), que era presidente da C\u00e2mara. Ele j\u00e1 apoiou a\nadministra\u00e7\u00e3o anterior, mas ap\u00f3s diverg\u00eancias, se declarou oposi\u00e7\u00e3o.<\/p>\n\n\n\n<p>\u201cNo fim do ano eu estive com o Z\u00e9 e\nexpliquei o motivo de estar no lado contr\u00e1rio e ele ouviu meus motivos. \u00c9ramos\nopositores, mas de forma respeitosa. A morte dele surpreendeu a todos e causou\nmuita como\u00e7\u00e3o\u201d, fala Santana, que diz estar fazendo um levantamento para dar\nsequ\u00eancia aos trabalhos no munic\u00edpio.<\/p>\n\n\n\n<p>Ele diz que o novo desafio se imp\u00f4s \u00e0 vida pol\u00edtica dele quando n\u00e3o pensava tentar se reeleger. \u201cFui vereador por duas vezes, quando voc\u00ea se candidata a um cargo, assume os desafios e tem que estar preparado para tudo. Mas confesso que n\u00e3o pensava em tentar a reelei\u00e7\u00e3o, desanimei com a pol\u00edtica, ao perceber que muitos pensam em tirar proveito pr\u00f3prio e n\u00e3o colocam a popula\u00e7\u00e3o em primeiro lugar\u201d, destaca.<\/p>\n\n\n\n<figure class=\"wp-block-gallery columns-1 is-cropped wp-block-gallery-3 is-layout-flex wp-block-gallery-is-layout-flex\"><ul class=\"blocks-gallery-grid\"><li class=\"blocks-gallery-item\"><figure><img loading=\"lazy\" decoding=\"async\" width=\"496\" height=\"450\" src=\"http:\/\/aconteceunovale.com.br\/portal\/wp-content\/uploads\/2020\/01\/morte_prefeito_bonito_3.jpeg\" alt=\"\" data-id=\"157949\" data-full-url=\"http:\/\/aconteceunovale.com.br\/portal\/wp-content\/uploads\/2020\/01\/morte_prefeito_bonito_3.jpeg\" data-link=\"http:\/\/aconteceunovale.com.br\/portal\/?attachment_id=157949\" class=\"wp-image-157949\" srcset=\"https:\/\/aconteceunovale.com.br\/portal\/wp-content\/uploads\/2020\/01\/morte_prefeito_bonito_3.jpeg 496w, https:\/\/aconteceunovale.com.br\/portal\/wp-content\/uploads\/2020\/01\/morte_prefeito_bonito_3-300x272.jpeg 300w, https:\/\/aconteceunovale.com.br\/portal\/wp-content\/uploads\/2020\/01\/morte_prefeito_bonito_3-463x420.jpeg 463w\" sizes=\"auto, (max-width: 496px) 100vw, 496px\" \/><figcaption class=\"blocks-gallery-item__caption\"><em>Dilson Santana assumiu Prefeitura &#8211; Foto: Reprodu\u00e7\u00e3o<\/em><\/figcaption><\/figure><\/li><\/ul><\/figure>\n\n\n\n<p class=\"has-text-color has-background has-very-light-gray-color has-very-dark-gray-background-color\">Quer saber as not\u00edcias do <strong>Aconteceu no Vale<\/strong> em primeira m\u00e3o? Siga-nos no Facebook <a rel=\"noreferrer noopener\" href=\"http:\/\/facebook.com\/aconteceunovale\" target=\"_blank\">@aconteceunovale<\/a>, Twitter <a rel=\"noreferrer noopener\" href=\"https:\/\/twitter.com\/noticiadosvales\" target=\"_blank\">@noticiadosvales<\/a> e Instagram <a rel=\"noreferrer noopener\" href=\"https:\/\/www.instagram.com\/aconteceunovale\" target=\"_blank\">@aconteceunovale<\/a>.<\/p>\n","protected":false},"excerpt":{"rendered":"<p>A morte do prefeito de Bonito de Minas, no Norte do Estado, lembrou a hist\u00f3ria contada pelo dramaturgo Dias Gomes (1922\/199) na novela \u201cO Bem-Amado\u201d, levada ao ar pela TV Globo na d\u00e9cada de 1970. O corpo do prefeito Jos\u00e9 Pedro Pires da Rocha (PSB), o Z\u00e9 Galego, foi o primeiro a ser sepultado na [&hellip;]<\/p>\n","protected":false},"author":1,"featured_media":157947,"comment_status":"open","ping_status":"closed","sticky":false,"template":"","format":"standard","meta":{"amp_status":"","footnotes":""},"categories":[1236,40240],"tags":[1799,215322,215321,215316,215314,215319,215311,215320,215313,215318,215312,215310,215309,215315,215317],"class_list":["post-157946","post","type-post","status-publish","format-standard","has-post-thumbnail","hentry","category-norte_de_minas","category-politica-2","tag-bonito-de-minas","tag-dilson-de-senhorinha","tag-dilson-santana","tag-enterro-de-ze-galego-de-bonito-de-minas","tag-jose-pedro-pires-da-rocha","tag-miqueias-figueredo","tag-morte-do-prefeito-de-bonito-de-minas","tag-novo-prefeito-de-bonito-de-minas","tag-o-bem-amado-bonito-de-minas","tag-odorico-paraguacu-bonito-de-minas","tag-prefeito-de-bonito-de-minas","tag-prefeito-morre-e-inaugura-cemiterio-em-bonito-de-minas","tag-prefeito-morre-e-inaugura-cemiterio-em-cidade-do-norte-de-minas","tag-ze-galego","tag-ze-galego-de-bonito-de-minas"],"_links":{"self":[{"href":"https:\/\/aconteceunovale.com.br\/portal\/index.php?rest_route=\/wp\/v2\/posts\/157946","targetHints":{"allow":["GET"]}}],"collection":[{"href":"https:\/\/aconteceunovale.com.br\/portal\/index.php?rest_route=\/wp\/v2\/posts"}],"about":[{"href":"https:\/\/aconteceunovale.com.br\/portal\/index.php?rest_route=\/wp\/v2\/types\/post"}],"author":[{"embeddable":true,"href":"https:\/\/aconteceunovale.com.br\/portal\/index.php?rest_route=\/wp\/v2\/users\/1"}],"replies":[{"embeddable":true,"href":"https:\/\/aconteceunovale.com.br\/portal\/index.php?rest_route=%2Fwp%2Fv2%2Fcomments&post=157946"}],"version-history":[{"count":1,"href":"https:\/\/aconteceunovale.com.br\/portal\/index.php?rest_route=\/wp\/v2\/posts\/157946\/revisions"}],"predecessor-version":[{"id":157950,"href":"https:\/\/aconteceunovale.com.br\/portal\/index.php?rest_route=\/wp\/v2\/posts\/157946\/revisions\/157950"}],"wp:featuredmedia":[{"embeddable":true,"href":"https:\/\/aconteceunovale.com.br\/portal\/index.php?rest_route=\/wp\/v2\/media\/157947"}],"wp:attachment":[{"href":"https:\/\/aconteceunovale.com.br\/portal\/index.php?rest_route=%2Fwp%2Fv2%2Fmedia&parent=157946"}],"wp:term":[{"taxonomy":"category","embeddable":true,"href":"https:\/\/aconteceunovale.com.br\/portal\/index.php?rest_route=%2Fwp%2Fv2%2Fcategories&post=157946"},{"taxonomy":"post_tag","embeddable":true,"href":"https:\/\/aconteceunovale.com.br\/portal\/index.php?rest_route=%2Fwp%2Fv2%2Ftags&post=157946"}],"curies":[{"name":"wp","href":"https:\/\/api.w.org\/{rel}","templated":true}]}}