{"id":157943,"date":"2020-01-22T13:11:57","date_gmt":"2020-01-22T16:11:57","guid":{"rendered":"http:\/\/aconteceunovale.com.br\/portal\/?p=157943"},"modified":"2020-01-22T13:13:25","modified_gmt":"2020-01-22T16:13:25","slug":"morador-de-malacacheta-e-preso-com-carro-roubado-durante-fiscalizacao-na-br-116","status":"publish","type":"post","link":"https:\/\/aconteceunovale.com.br\/portal\/?p=157943","title":{"rendered":"Morador de Malacacheta \u00e9 preso com carro roubado durante fiscaliza\u00e7\u00e3o na BR-116"},"content":{"rendered":"\n<p>A Pol\u00edcia Rodovi\u00e1ria Federal\n(PRF) recuperou um ve\u00edculo roubado e clonado durante fiscaliza\u00e7\u00e3o na BR-116, em\nTe\u00f3filo Otoni (MG), na tarde de ter\u00e7a-feira (21\/01\/2020). <\/p>\n\n\n\n<p>Os policiais deram ordem de\nparada a um Hyundai Creta e, durante vistoria no ve\u00edculo, observaram que v\u00e1rios\nelementos identificadores estavam adulterados. Em consulta aos dados do carro,\nfoi constatado que ele havia sido roubado em mar\u00e7o de 2018 na cidade de S\u00e3o\nGon\u00e7alo (RJ).<\/p>\n\n\n\n<p>O motorista, morador da\ncidade Malacacheta (MG), apresentou documenta\u00e7\u00e3o do ve\u00edculo falsificada. Em\nconversa com os policiais, ele declarou que adquiriu o autom\u00f3vel em uma\nrevendedora de Governador Valadares (MG).<\/p>\n\n\n\n<p>O ve\u00edculo foi encaminhado ao p\u00e1tio credenciado pelo Detran e o condutor, de 29 anos, foi apresentado ao plant\u00e3o da Pol\u00edcia Civil de Te\u00f3filo Otoni. Ele poder\u00e1 responder pelos crimes de recepta\u00e7\u00e3o, adultera\u00e7\u00e3o de ve\u00edculo automotor e uso de documento falso. <\/p>\n\n\n\n<figure class=\"wp-block-image size-large is-resized\"><img loading=\"lazy\" decoding=\"async\" src=\"http:\/\/aconteceunovale.com.br\/portal\/wp-content\/uploads\/2020\/01\/creta_malaca_gv_teo.jpg\" alt=\"\" class=\"wp-image-157944\" width=\"703\" height=\"527\" srcset=\"https:\/\/aconteceunovale.com.br\/portal\/wp-content\/uploads\/2020\/01\/creta_malaca_gv_teo.jpg 600w, https:\/\/aconteceunovale.com.br\/portal\/wp-content\/uploads\/2020\/01\/creta_malaca_gv_teo-300x225.jpg 300w, https:\/\/aconteceunovale.com.br\/portal\/wp-content\/uploads\/2020\/01\/creta_malaca_gv_teo-80x60.jpg 80w, https:\/\/aconteceunovale.com.br\/portal\/wp-content\/uploads\/2020\/01\/creta_malaca_gv_teo-265x198.jpg 265w, https:\/\/aconteceunovale.com.br\/portal\/wp-content\/uploads\/2020\/01\/creta_malaca_gv_teo-560x420.jpg 560w\" sizes=\"auto, (max-width: 703px) 100vw, 703px\" \/><figcaption><em>Foto: Pol\u00edcia Rodovi\u00e1ria Federal \/ Divulga\u00e7\u00e3o<\/em><\/figcaption><\/figure>\n\n\n\n<p class=\"has-text-color has-background has-very-light-gray-color has-very-dark-gray-background-color\">Quer saber as not\u00edcias do <strong>Aconteceu no Vale<\/strong> em primeira m\u00e3o? Siga-nos no Facebook <a rel=\"noreferrer noopener\" href=\"http:\/\/facebook.com\/aconteceunovale\" target=\"_blank\">@aconteceunovale<\/a>, Twitter <a rel=\"noreferrer noopener\" href=\"https:\/\/twitter.com\/noticiadosvales\" target=\"_blank\">@noticiadosvales<\/a> e Instagram <a rel=\"noreferrer noopener\" href=\"https:\/\/www.instagram.com\/aconteceunovale\" target=\"_blank\">@aconteceunovale<\/a>.<\/p>\n","protected":false},"excerpt":{"rendered":"<p>A Pol\u00edcia Rodovi\u00e1ria Federal (PRF) recuperou um ve\u00edculo roubado e clonado durante fiscaliza\u00e7\u00e3o na BR-116, em Te\u00f3filo Otoni (MG), na tarde de ter\u00e7a-feira (21\/01\/2020). Os policiais deram ordem de parada a um Hyundai Creta e, durante vistoria no ve\u00edculo, observaram que v\u00e1rios elementos identificadores estavam adulterados. Em consulta aos dados do carro, foi constatado que [&hellip;]<\/p>\n","protected":false},"author":1,"featured_media":157944,"comment_status":"open","ping_status":"closed","sticky":false,"template":"","format":"standard","meta":{"amp_status":"","footnotes":""},"categories":[122],"tags":[182,215306,247,215308,226,215307,159502,34834,14954,164],"class_list":["post-157943","post","type-post","status-publish","format-standard","has-post-thumbnail","hentry","category-mucuri","tag-br-116","tag-fiscalizacao-da-br-116","tag-governador-valadares","tag-hyundai-creta-roubado-em-sao-goncalo","tag-malacacheta","tag-morador-de-malacacheta-e-preso-com-carro-roubado-durante-fiscalizacao-na-br-116","tag-preso-com-carro-roubado-em-teofilo-otoni","tag-prf-de-teofilo-otoni","tag-sao-goncalo","tag-teofilo-otoni"],"_links":{"self":[{"href":"https:\/\/aconteceunovale.com.br\/portal\/index.php?rest_route=\/wp\/v2\/posts\/157943","targetHints":{"allow":["GET"]}}],"collection":[{"href":"https:\/\/aconteceunovale.com.br\/portal\/index.php?rest_route=\/wp\/v2\/posts"}],"about":[{"href":"https:\/\/aconteceunovale.com.br\/portal\/index.php?rest_route=\/wp\/v2\/types\/post"}],"author":[{"embeddable":true,"href":"https:\/\/aconteceunovale.com.br\/portal\/index.php?rest_route=\/wp\/v2\/users\/1"}],"replies":[{"embeddable":true,"href":"https:\/\/aconteceunovale.com.br\/portal\/index.php?rest_route=%2Fwp%2Fv2%2Fcomments&post=157943"}],"version-history":[{"count":1,"href":"https:\/\/aconteceunovale.com.br\/portal\/index.php?rest_route=\/wp\/v2\/posts\/157943\/revisions"}],"predecessor-version":[{"id":157945,"href":"https:\/\/aconteceunovale.com.br\/portal\/index.php?rest_route=\/wp\/v2\/posts\/157943\/revisions\/157945"}],"wp:featuredmedia":[{"embeddable":true,"href":"https:\/\/aconteceunovale.com.br\/portal\/index.php?rest_route=\/wp\/v2\/media\/157944"}],"wp:attachment":[{"href":"https:\/\/aconteceunovale.com.br\/portal\/index.php?rest_route=%2Fwp%2Fv2%2Fmedia&parent=157943"}],"wp:term":[{"taxonomy":"category","embeddable":true,"href":"https:\/\/aconteceunovale.com.br\/portal\/index.php?rest_route=%2Fwp%2Fv2%2Fcategories&post=157943"},{"taxonomy":"post_tag","embeddable":true,"href":"https:\/\/aconteceunovale.com.br\/portal\/index.php?rest_route=%2Fwp%2Fv2%2Ftags&post=157943"}],"curies":[{"name":"wp","href":"https:\/\/api.w.org\/{rel}","templated":true}]}}