{"id":157922,"date":"2020-01-21T23:27:09","date_gmt":"2020-01-22T02:27:09","guid":{"rendered":"http:\/\/aconteceunovale.com.br\/portal\/?p=157922"},"modified":"2020-01-21T23:30:13","modified_gmt":"2020-01-22T02:30:13","slug":"minas-gerais-distrito-federal-espirito-santo-goias-e-rio-de-janeiro-tem-risco-de-tempestades-a-partir-desta-quarta-feira","status":"publish","type":"post","link":"https:\/\/aconteceunovale.com.br\/portal\/?p=157922","title":{"rendered":"Minas Gerais, Distrito Federal, Esp\u00edrito Santo, Goi\u00e1s e Rio de Janeiro t\u00eam risco de tempestades a partir desta quarta-feira"},"content":{"rendered":"\n<p>O governo federal emitiu na noite de hoje (21\/01\/2020) um alerta conjunto para a possibilidade de chuvas intensas, com altos \u00edndices pluviom\u00e9tricos, nos estados do Esp\u00edrito Santo, de Goi\u00e1s, de Minas Gerais e do Rio de Janeiro, al\u00e9m do Distrito Federal. O informe foi emitido por alerta conjunto do \u00a0Centro Nacional de Gerenciamento de Riscos e Desastres (Cenad), do Minist\u00e9rio do Desenvolvimento Regional (MDR); do Instituto Nacional de Meteorologia (Inmet); do Centro Nacional de Monitoramento e Alertas de Desastres Naturais (Cemaden); e do Servi\u00e7o Geol\u00f3gico Brasileiro (CPRM).<\/p>\n\n\n\n<p>Existe previs\u00e3o de que os \u00edndices pluviom\u00e9tricos nesses estados podem variar entre 150 e 400 mil\u00edmetros, o que pode resultar em problemas para a popula\u00e7\u00e3o, como a possibilidade de ocorrerem desastres naturais como inunda\u00e7\u00f5es, enxurradas, alagamentos, deslizamentos de terra em \u00e1reas de risco.<\/p>\n\n\n\n<p>A proje\u00e7\u00e3o \u00e9 que as chuvas mais intensas dever\u00e3o come\u00e7ar a cair nesta quarta-feira (22) e podem prosseguir at\u00e9 o final de semana.\u00a0<br>\u00a0<br>Entre os estados que receberam o alerta conjunto, h\u00e1 locais que j\u00e1 est\u00e3o sofrendo com fortes chuvas desde sexta-feira (17), como a regi\u00e3o metropolitana de Belo Horizonte, a Zona da Mata Mineira e o\u00a0estado do Esp\u00edrito Santo.<\/p>\n\n\n\n<p>As ag\u00eancias federais orientam as defesas civis dos estados e munic\u00edpios a remeterem o alerta aos demais \u00f3rg\u00e3os que comp\u00f5em seus sistemas de prote\u00e7\u00e3o e defesa civil, al\u00e9m de compartilharem as informa\u00e7\u00f5es com institutos locais de previs\u00e3o de clima e tempo. Caber\u00e1 \u00e0s defesas civis que atuam nas localidades o envio de alertas aos gestores municipais e \u00e0s popula\u00e7\u00f5es vulner\u00e1veis.<\/p>\n\n\n\n<p>A Defesa Civil Nacional orienta que as pessoas que moram em \u00e1reas de risco, ou que j\u00e1 tenham registrado desastres anteriormente, procurem os \u00f3rg\u00e3os locais de defesa civil para ter acesso ao plano de conting\u00eancia para suas regi\u00f5es. \u00c9 importante conhecer as rotas de fuga e os pontos seguros para utiliza\u00e7\u00e3o em momento pr\u00e9vio aos desastres.<\/p>\n\n\n\n<figure class=\"wp-block-image size-large is-resized\"><img loading=\"lazy\" decoding=\"async\" src=\"http:\/\/aconteceunovale.com.br\/portal\/wp-content\/uploads\/2020\/01\/temporal_chuva.jpg\" alt=\"\" class=\"wp-image-157923\" width=\"720\" height=\"479\" srcset=\"https:\/\/aconteceunovale.com.br\/portal\/wp-content\/uploads\/2020\/01\/temporal_chuva.jpg 675w, https:\/\/aconteceunovale.com.br\/portal\/wp-content\/uploads\/2020\/01\/temporal_chuva-300x200.jpg 300w, https:\/\/aconteceunovale.com.br\/portal\/wp-content\/uploads\/2020\/01\/temporal_chuva-630x420.jpg 630w\" sizes=\"auto, (max-width: 720px) 100vw, 720px\" \/><figcaption><em>Foto: Marcello Casal Jr \/ Ag\u00eancia Brasil<\/em><\/figcaption><\/figure>\n\n\n\n<h2 class=\"wp-block-heading\">Alertas<\/h2>\n\n\n\n<p>A Secretaria Nacional de Prote\u00e7\u00e3o e Defesa Civil (Sedec) envia alertas aos \u00f3rg\u00e3os competentes sobre riscos de desastres naturais, assim como para a popula\u00e7\u00e3o, por meio de SMS nos celulares e mensagens nas TVs por assinatura. Os moradores dos estados afetados devem ficar atentos a esses canais de comunica\u00e7\u00e3o e, caso n\u00e3o tenham se cadastrado para receber os avisos pelo celular, devem fazer a inscri\u00e7\u00e3o.<\/p>\n\n\n\n<p>Para se cadastrar, basta enviar um SMS com o CEP de interesse para o n\u00famero 40199. De imediato, a seguinte mensagem confirmar\u00e1 o \u00eaxito da opera\u00e7\u00e3o: \u201cCadastro realizado com sucesso. O celular est\u00e1 apto a receber alertas e recomenda\u00e7\u00f5es de defesa civil. Para cancelar, envie SAIR e o CEP para 40199\u201d. \u00c9 permitido cadastrar mais de um CEP. &nbsp;<\/p>\n\n\n\n<p>Os alertas em TV por assinatura s\u00e3o enviados diretamente aos televisores. O servi\u00e7o \u00e9 gratuito, est\u00e1 dispon\u00edvel em todos os estados do Brasil e n\u00e3o h\u00e1 necessidade de cadastro pr\u00e9vio.<\/p>\n\n\n\n<h2 class=\"wp-block-heading\"><strong>Recomenda\u00e7\u00f5es durante a chuva:<\/strong><\/h2>\n\n\n\n<ul class=\"wp-block-list\"><li>Redobre a sua aten\u00e7\u00e3o! Evite \u00e1reas de inunda\u00e7\u00e3o e n\u00e3o trafegue em ruas sujeitas a alagamentos e pr\u00f3ximos aos c\u00f3rregos e ribeir\u00f5es no momento de forte chuva.<\/li><li>N\u00e3o atravesse ruas alagadas ou deixe crian\u00e7as brincando na enxurrada e nas \u00e1guas dos c\u00f3rregos.<\/li><li>N\u00e3o se abrigue nem estacione ve\u00edculos debaixo de \u00e1rvores.<\/li><li>Aten\u00e7\u00e3o especial em \u00e1reas de encostas e morros.<\/li><li>Jamais se aproxime de cabos el\u00e9tricos rompidos. Ligue imediatamente para CEMIG (116) ou Defesa Civil (199).<\/li><li>Se voc\u00ea observar o aparecimento de fendas, depress\u00f5es no terreno, rachaduras nas paredes das casas e o surgimento de minas d\u2019\u00e1gua avise imediatamente a Defesa Civil (199).<\/li><li>Em caso de raios: n\u00e3o permane\u00e7a em \u00e1reas abertas e altas, n\u00e3o use equipamentos el\u00e9tricos. <\/li><\/ul>\n\n\n\n<p class=\"has-text-color has-background has-very-light-gray-color has-very-dark-gray-background-color\">Quer saber as not\u00edcias do <strong>Aconteceu no Vale<\/strong> em primeira m\u00e3o? Siga-nos no Facebook <a rel=\"noreferrer noopener\" href=\"http:\/\/facebook.com\/aconteceunovale\" target=\"_blank\">@aconteceunovale<\/a>, Twitter <a rel=\"noreferrer noopener\" href=\"https:\/\/twitter.com\/noticiadosvales\" target=\"_blank\">@noticiadosvales<\/a> e Instagram <a rel=\"noreferrer noopener\" href=\"https:\/\/www.instagram.com\/aconteceunovale\" target=\"_blank\">@aconteceunovale<\/a>.<\/p>\n","protected":false},"excerpt":{"rendered":"<p>O governo federal emitiu na noite de hoje (21\/01\/2020) um alerta conjunto para a possibilidade de chuvas intensas, com altos \u00edndices pluviom\u00e9tricos, nos estados do Esp\u00edrito Santo, de Goi\u00e1s, de Minas Gerais e do Rio de Janeiro, al\u00e9m do Distrito Federal. O informe foi emitido por alerta conjunto do \u00a0Centro Nacional de Gerenciamento de Riscos [&hellip;]<\/p>\n","protected":false},"author":1,"featured_media":157923,"comment_status":"open","ping_status":"closed","sticky":false,"template":"","format":"standard","meta":{"amp_status":"","footnotes":""},"categories":[6,123],"tags":[215285,215282,194,59463,215281,130308,2619,215283,215287,75744,956,144337,54659,192825,215288,64431,215280,64429,215286,215284],"class_list":["post-157922","post","type-post","status-publish","format-standard","has-post-thumbnail","hentry","category-br","category-gerais","tag-alerta-de-chuva-em-belo-horizonte","tag-alerta-de-chuva-forte-em-minas-gerais","tag-belo-horizonte","tag-cemaden","tag-cenad","tag-chuvas-em-belo-horizonte","tag-chuvas-em-minas-gerais","tag-chuvas-intensas-em-belo-horizonte","tag-chuvas-intensas-em-contagem","tag-chuvas-intensas-em-minas-gerais","tag-contagem","tag-cprm","tag-inmet","tag-mdr","tag-minas-gerais-tem-risco-de-tempestades-a-partir-desta-quarta-feira","tag-tempestade-em-belo-horizonte","tag-tempestade-em-minas-gerais","tag-temporal-em-belo-horizonte","tag-temporal-em-contagem","tag-temporal-em-minas-gerais"],"_links":{"self":[{"href":"https:\/\/aconteceunovale.com.br\/portal\/index.php?rest_route=\/wp\/v2\/posts\/157922","targetHints":{"allow":["GET"]}}],"collection":[{"href":"https:\/\/aconteceunovale.com.br\/portal\/index.php?rest_route=\/wp\/v2\/posts"}],"about":[{"href":"https:\/\/aconteceunovale.com.br\/portal\/index.php?rest_route=\/wp\/v2\/types\/post"}],"author":[{"embeddable":true,"href":"https:\/\/aconteceunovale.com.br\/portal\/index.php?rest_route=\/wp\/v2\/users\/1"}],"replies":[{"embeddable":true,"href":"https:\/\/aconteceunovale.com.br\/portal\/index.php?rest_route=%2Fwp%2Fv2%2Fcomments&post=157922"}],"version-history":[{"count":1,"href":"https:\/\/aconteceunovale.com.br\/portal\/index.php?rest_route=\/wp\/v2\/posts\/157922\/revisions"}],"predecessor-version":[{"id":157924,"href":"https:\/\/aconteceunovale.com.br\/portal\/index.php?rest_route=\/wp\/v2\/posts\/157922\/revisions\/157924"}],"wp:featuredmedia":[{"embeddable":true,"href":"https:\/\/aconteceunovale.com.br\/portal\/index.php?rest_route=\/wp\/v2\/media\/157923"}],"wp:attachment":[{"href":"https:\/\/aconteceunovale.com.br\/portal\/index.php?rest_route=%2Fwp%2Fv2%2Fmedia&parent=157922"}],"wp:term":[{"taxonomy":"category","embeddable":true,"href":"https:\/\/aconteceunovale.com.br\/portal\/index.php?rest_route=%2Fwp%2Fv2%2Fcategories&post=157922"},{"taxonomy":"post_tag","embeddable":true,"href":"https:\/\/aconteceunovale.com.br\/portal\/index.php?rest_route=%2Fwp%2Fv2%2Ftags&post=157922"}],"curies":[{"name":"wp","href":"https:\/\/api.w.org\/{rel}","templated":true}]}}