{"id":157899,"date":"2020-01-21T19:28:36","date_gmt":"2020-01-21T22:28:36","guid":{"rendered":"http:\/\/aconteceunovale.com.br\/portal\/?p=157899"},"modified":"2020-01-21T21:10:28","modified_gmt":"2020-01-22T00:10:28","slug":"tragedia-de-brumadinho-16-pessoas-sao-denunciadas-por-homicidio-qualificado-e-crimes-ambientais","status":"publish","type":"post","link":"https:\/\/aconteceunovale.com.br\/portal\/?p=157899","title":{"rendered":"Trag\u00e9dia de Brumadinho: 16 pessoas s\u00e3o denunciadas por homic\u00eddio qualificado e crimes ambientais"},"content":{"rendered":"\n<p>O Minist\u00e9rio P\u00fablico de Minas Gerais (MPMG) apresentou \u00e0 Justi\u00e7a (2\u00aa Vara Criminal de Brumadinho), hoje, 21 de janeiro de 2020, den\u00fancia pela qual acusa 16 pessoas por homic\u00eddios dolosos duplamente qualificados e por diversos crimes ambientais decorrentes do rompimento da Barragem I, na Mina C\u00f3rrego do Feij\u00e3o, em Brumadinho, no dia 25 de janeiro de 2019. As empresas Vale S.A. e T\u00fcv S\u00fcd Bureau de Projetos e Consultoria Ltda. tamb\u00e9m foram denunciadas pelos mesmos crimes ambientais. O desastre causou a morte de 270 pessoas, entre funcion\u00e1rios da Vale e de empresas terceirizadas, moradores do munic\u00edpio e visitantes, al\u00e9m de deixar um rastro de destrui\u00e7\u00e3o.<\/p>\n\n\n\n<p>A den\u00fancia \u00e9 resultado de investiga\u00e7\u00e3o conjunta no \u00e2mbito da Equipe de Investiga\u00e7\u00e3o institu\u00edda pelo MPMG e pela Pol\u00edcia Civil de Minas Gerais (PCMG), que, ao final, indiciou as 16 pessoas e as duas empresas. Durante quase um ano, promotores de Justi\u00e7a e delegados de Pol\u00edcia coletaram e produziram milh\u00f5es de documentos, que instruem 85 volumes de Procedimento Investigat\u00f3rio Criminal e Inqu\u00e9rito Policial. No curso das dilig\u00eancias, foram ouvidas 183 pessoas, entre investigados, testemunhas e v\u00edtimas sobreviventes. Foram, ainda, cumpridos 23 mandados de busca e apreens\u00e3o e analisados 94 dispositivos eletr\u00f4nicos, que continham quase 6 milh\u00f5es de arquivos digitais, os quais representam o volume de 4.711 GB (quase 5 terabytes). Para a an\u00e1lise dos milh\u00f5es de arquivos eletr\u00f4nicos copiados dos equipamentos apreendidos, foi empenhada equipe de 10 policiais militares do Grupo de Atua\u00e7\u00e3o Especial de Combate ao Crime Organizado (Gaeco). Os \u00f3rg\u00e3os t\u00e9cnico-cient\u00edficos do MPMG e da PCMG promoveram profundos estudos interdisciplinares de variados aspectos do rompimento da Barragem I e suas consequ\u00eancias humanit\u00e1rias e ambientais.<\/p>\n\n\n\n<p>Segundo o MPMG e a PCMG, com a conclus\u00e3o das investiga\u00e7\u00f5es, ficou demonstrada a exist\u00eancia de uma prom\u00edscua rela\u00e7\u00e3o entre as duas corpora\u00e7\u00f5es denunciadas, no sentido de esconder do Poder P\u00fablico, sociedade, acionistas e investidores a inaceit\u00e1vel situa\u00e7\u00e3o de seguran\u00e7a de v\u00e1rias das barragens de minera\u00e7\u00e3o mantidas pela Vale. \u201cCom o apoio da T\u00fcv S\u00fcd, a Vale operava uma caixa-preta com o objetivo de manter uma falsa imagem de seguran\u00e7a da empresa de minera\u00e7\u00e3o, que buscava, a qualquer custo, evitar impactos a sua reputa\u00e7\u00e3o e, consequentemente, alcan\u00e7ar a lideran\u00e7a mundial em valor de mercado\u201d.<\/p>\n\n\n\n<figure class=\"wp-block-image size-large is-resized\"><img loading=\"lazy\" decoding=\"async\" src=\"http:\/\/aconteceunovale.com.br\/portal\/wp-content\/uploads\/2020\/01\/denuncia_vale_brumadinho.jpg\" alt=\"\" class=\"wp-image-157900\" width=\"717\" height=\"477\" srcset=\"https:\/\/aconteceunovale.com.br\/portal\/wp-content\/uploads\/2020\/01\/denuncia_vale_brumadinho.jpg 650w, https:\/\/aconteceunovale.com.br\/portal\/wp-content\/uploads\/2020\/01\/denuncia_vale_brumadinho-300x200.jpg 300w, https:\/\/aconteceunovale.com.br\/portal\/wp-content\/uploads\/2020\/01\/denuncia_vale_brumadinho-630x420.jpg 630w\" sizes=\"auto, (max-width: 717px) 100vw, 717px\" \/><figcaption><em>Foto: Divulga\u00e7\u00e3o \/ MPMG<\/em><\/figcaption><\/figure>\n\n\n\n<h2 class=\"wp-block-heading\"><strong>Denunciados<\/strong><\/h2>\n\n\n\n<p><br>Al\u00e9m das duas empresas, 11 indiciados e denunciados ocupavam, \u00e0 \u00e9poca do evento criminoso, os seguintes cargos na Vale:<\/p>\n\n\n\n<ol class=\"wp-block-list\"><li>Fabio Schvartsman (diretor-presidente);<\/li><li>Silmar Magalh\u00e3es Silva (diretor do Corredor Sudeste);<\/li><li>L\u00facio Flavo Gallon Cavalli (diretor de Planejamento e Desenvolvimento de Ferrosos e Carv\u00e3o);<\/li><li>Joaquim Pedro de Toledo (gerente-executivo de Planejamento, Programa\u00e7\u00e3o e Gest\u00e3o do Corredor Sudeste);<\/li><li>Alexandre de Paula Campanha (gerente-executivo de Governan\u00e7a em Geotecnia e Fechamento de Mina);<\/li><li>Renzo Albieri Guimar\u00e3es de Carvalho (gerente operacional de Geotecnia do Corredor Sudeste);<\/li><li>Marilene Christina Oliveira Lopes de Assis Ara\u00fajo (gerente de Gest\u00e3o de Estruturas Geot\u00e9cnicas);<\/li><li>C\u00e9sar Augusto Paulino Grandchamp (especialista t\u00e9cnico em Geotecnia do Corredor Sudeste);<\/li><li>Cristina Helo\u00edza da Silva Malheiros (engenheira s\u00eanior junto \u00e0 Ger\u00eancia de Geotecnia Operacional);<\/li><li>Washington Pirete da Silva (engenheiro especialista da Ger\u00eancia Executiva de Governan\u00e7a em Geotecnia e Fechamento de Mina);<\/li><li>Felipe Figueiredo Rocha (engenheiro civil, atuava na Ger\u00eancia de Gest\u00e3o de Estruturas Geot\u00e9cnicas).<\/li><\/ol>\n\n\n\n<p>Da T\u00fcv S\u00fcd, empresa alem\u00e3 respons\u00e1vel pelo laudo que atestou a seguran\u00e7a da barragem, cinco pessoas foram indiciadas e denunciadas:<\/p>\n\n\n\n<ol class=\"wp-block-list\"><li>Chris-Peter Meier (gerente-geral da empresa);<\/li><li>Ars\u00eanio Negro J\u00fanior (consultor t\u00e9cnico);<\/li><li>Andr\u00e9 Jum Yassuda (consultor t\u00e9cnico);<\/li><li>Makoto Namba (coordenador);<\/li><li>Marl\u00edsio Oliveira Cec\u00edlio J\u00fanior (especialista t\u00e9cnico).<\/li><\/ol>\n\n\n\n<h2 class=\"wp-block-heading\"><strong>Homic\u00eddio qualificado<\/strong><\/h2>\n\n\n\n<p>As 16 pessoas s\u00e3o acusadas pelo crime de homic\u00eddio duplamente qualificado (art. 121, \u00a7 2\u00ba, incisos III e IV do C\u00f3digo Penal), por 270 vezes. Conforme a conclus\u00e3o das investiga\u00e7\u00f5es, os crimes foram praticados atrav\u00e9s de meio que resultou perigo comum, j\u00e1 que um n\u00famero indeterminado de pessoas foi exposto ao risco de ser atingido pelo violento fluxo de lama.<br><br>Al\u00e9m disso, concluiu-se que os crimes foram praticados mediante recurso que impossibilitou ou dificultou a defesa das v\u00edtimas \u2013 j\u00e1 que o rompimento da barragem ocorreu de forma abrupta e violenta, tornando imposs\u00edvel ou dif\u00edcil a fuga de centenas de pessoas que foram surpreendidas em poucos segundos pelo impacto do fluxo da lama \u2013 e o salvamento de outras centenas de v\u00edtimas que estavam na trajet\u00f3ria da massa de rejeitos.<\/p>\n\n\n\n<h2 class=\"wp-block-heading\"><strong>Crimes ambientais<\/strong><\/h2>\n\n\n\n<p>Todos os acusados tamb\u00e9m responder\u00e3o pela pr\u00e1tica de crimes contra a fauna (artigo 29, caput e \u00a7 1\u00ba, inciso II, e \u00a7 4\u00ba, incisos V e VI, do artigo 33, caput, Lei n.\u00ba 9.605\/1998); crimes contra a flora&nbsp; (artigo 38, caput, do artigo 38-A, caput, do artigo 40, caput e do artigo 48, combinados com o artigo 53, inciso I, da Lei n.\u00ba 9.605\/1998); e crime de polui\u00e7\u00e3o (artigo 54, \u00a7 2\u00ba, inciso III, da Lei n.\u00ba 9.605\/1998).<br><br>O rompimento da Barragem I ocasionou o vazamento de aproximadamente 9,7 milh\u00f5es de m3 de rejeito de minera\u00e7\u00e3o em forma de lama, destruindo, durante seu fluxo, parcelas de comunidades, acessos, \u00e1reas revestidas por florestas, \u00e1reas utilizadas para cultivos e, de modo geral, assolando tudo aquilo que se encontrava em sua trajet\u00f3ria, at\u00e9 alcan\u00e7ar a conflu\u00eancia do ribeir\u00e3o Ferro-Carv\u00e3o com o rio Paraopeba, a aproximadamente 9 km da barragem.<br><br>De acordo com as investiga\u00e7\u00f5es, em raz\u00e3o do rompimento e da onda de rejeito que se seguiu, os denunciados deram causa \u00e0 morte de esp\u00e9cimes da fauna silvestre, sem a devida permiss\u00e3o, licen\u00e7a ou autoriza\u00e7\u00e3o da autoridade competente; destrui\u00e7\u00e3o de ninhos, abrigos ou criadouros naturais; perecimento de esp\u00e9cimes da fauna aqu\u00e1tica; destrui\u00e7\u00e3o de florestas consideradas de preserva\u00e7\u00e3o permanente e vegeta\u00e7\u00e3o secund\u00e1ria do Bioma Mata Atl\u00e2ntica; dano direto ou indireto \u00e0s unidades de conserva\u00e7\u00e3o e \u00e0s \u00e1reas circundantes; polui\u00e7\u00e3o de diversas naturezas em n\u00edveis que resultaram em danos \u00e0 sa\u00fade humana, mortandade de animais e destrui\u00e7\u00e3o significativa da flora; polui\u00e7\u00e3o h\u00eddrica que tornou necess\u00e1ria a interrup\u00e7\u00e3o do abastecimento p\u00fablico de \u00e1gua de comunidades da regi\u00e3o.<\/p>\n\n\n\n<h2 class=\"wp-block-heading\"><strong>Conhecimento dos riscos<\/strong><\/h2>\n\n\n\n<p>De acordo com as investiga\u00e7\u00f5es, ao menos desde 2017, a Barragem I da Mina C\u00f3rrego do Feij\u00e3o j\u00e1 apresentava situa\u00e7\u00e3o cr\u00edtica para riscos geot\u00e9cnicos. Em 2018, outras anomalias se seguiram, aprofundando a situa\u00e7\u00e3o de emerg\u00eancia da barragem. Os principais modos de falha com an\u00e1lises de estabilidade em valores inaceit\u00e1veis de seguran\u00e7a eram eros\u00e3o interna e liquefa\u00e7\u00e3o, ambas relacionadas com problemas de drenagem interna da barragem.<br><br>As apura\u00e7\u00f5es demonstraram que a Vale detinha internamente diversos instrumentos que garantiam um profundo e amplo conhecimento da situa\u00e7\u00e3o de seguran\u00e7a de suas barragens. Entretanto, de forma sistem\u00e1tica, ocultava essas informa\u00e7\u00f5es do Poder P\u00fablico e da sociedade, incluindo investidores e acionistas da empresa. \u201cA Vale constituiu internamente verdadeira \u2018caixa-preta\u2019, consistente em estrat\u00e9gia corporativa de manter sigilosamente informa\u00e7\u00f5es sobre riscos geot\u00e9cnicos inaceit\u00e1veis de barragens de rejeito\u201d.<br><br>Na den\u00fancia, os promotores de Justi\u00e7a descrevem pr\u00e1ticas e instrumentos de gest\u00e3o de informa\u00e7\u00e3o da Vale, que foram relevantes para o amplo conhecimento interno do risco geot\u00e9cnico inaceit\u00e1vel e intoler\u00e1vel calculado para a Barragem I e para diversas outras barragens da mineradora. Citam como exemplos, os sistemas computacionais Geotec (Sistema de Gerenciamento de Recursos Geot\u00e9cnicos) e GRG (Gest\u00e3o de Risco Geot\u00e9cnico), que permitiam, ao mesmo tempo, a produ\u00e7\u00e3o de conhecimento (estat\u00edsticas e an\u00e1lises gr\u00e1ficas) sobre a situa\u00e7\u00e3o global das barragens e o conhecimento profundo das peculiaridades do dia a dia de cada estrutura.<br><br>Outro exemplo de produ\u00e7\u00e3o e compartilhamento de informa\u00e7\u00f5es eram os Pain\u00e9is Independentes de Especialistas para Seguran\u00e7a e Gest\u00e3o de Riscos de Estruturas Geot\u00e9cnicas (Piesem), que reuniam especialistas externos e as equipes t\u00e9cnicas da Vale e de empresas contratadas (consultores e auditores externos) para debater sobre temas cr\u00edticos e definir par\u00e2metros de an\u00e1lises t\u00e9cnicas e de tolerabilidade aos riscos. Ao final de cada Piesem, os especialistas consolidavam um relat\u00f3rio final, que circulava internamente, contendo todas as informa\u00e7\u00f5es relevantes para tomada de decis\u00e3o da alta c\u00fapula.<br><br>No Piesem de junho de 2018, a Barragem I ocupava a oitava posi\u00e7\u00e3o no \u201cRanking de Barragens em Situa\u00e7\u00e3o Inaceit\u00e1vel\u201d, que foi chamado na apresenta\u00e7\u00e3o de \u201cTOP 10 &#8211; Probabilidade\u201d. As 10 barragens listadas eram consideradas com probabilidade de falha acima do limite aceit\u00e1vel a partir de resultados de estudos da pr\u00f3pria Vale. Contraditoriamente, no mesmo m\u00eas do evento, a equipe t\u00e9cnica da T\u00fcv S\u00fcd emitiu Declara\u00e7\u00e3o de Condi\u00e7\u00e3o de Estabilidade (DCE) da Barragem I. A reiterada contradi\u00e7\u00e3o, constatada tamb\u00e9m em outras barragens, foi, inclusive, apontada no relat\u00f3rio final do Piesem de julho de 2018, que concluiu que, \u201cmesmo com o resultado das an\u00e1lises n\u00e3o drenadas de estabilidade indicando fatores de seguran\u00e7a mais baixos, as declara\u00e7\u00f5es de estabilidade foram emitidas\u201d.<br><br>\u201cA situa\u00e7\u00e3o inaceit\u00e1vel de seguran\u00e7a geot\u00e9cnica da Barragem I da Mina C\u00f3rrego do Feij\u00e3o era plena e profundamente conhecida pelos denunciados, os quais concorreram para a omiss\u00e3o na ado\u00e7\u00e3o de medidas conhecidas e dispon\u00edveis de transpar\u00eancia, seguran\u00e7a e emerg\u00eancia, assumindo, desta forma, o risco de produzir os resultados decorrentes do rompimento\u201d.<\/p>\n\n\n\n<h2 class=\"wp-block-heading\"><strong>Responsabilidade<\/strong><\/h2>\n\n\n\n<p>Na den\u00fancia, os promotores de Justi\u00e7a argumentam que, tendo conhecimento do risco de um rompimento, os denunciados tinham o dever de tomar as medidas de seguran\u00e7a necess\u00e1rias, como o acionamento do Plano de A\u00e7\u00f5es Emergenciais para Barragens de Minera\u00e7\u00e3o (PAEBM), mas preferiram arriscar para n\u00e3o gerar impactos na reputa\u00e7\u00e3o da Vale e no valor de suas a\u00e7\u00f5es.<br><br>A den\u00fancia aponta ainda uma rela\u00e7\u00e3o de press\u00e3o, conluio, recompensas e conflito de interesses entre a Vale e a T\u00fcv S\u00fcd. A empresa alem\u00e3, ao mesmo tempo que emitia DCEs como auditora externa \u2013 da qual se exige independ\u00eancia \u2013 atuava como consultora interna da Vale, assessorando tecnicamente para a tomada de decis\u00f5es e ficando a sua equipe t\u00e9cnica sujeita a orienta\u00e7\u00e3o e interfer\u00eancia direta do corpo t\u00e9cnico da Vale.<br><br>Al\u00e9m da relev\u00e2ncia dos valores dos contratos de consultoria interna, que eram bastante superiores aos valores dos contratos de auditoria externa, o conluio com a Vale representou uma oportunidade de amplia\u00e7\u00e3o exponencial das atividades da T\u00fcv S\u00fcd no Brasil. Em raz\u00e3o da duplicidade de posi\u00e7\u00f5es t\u00e9cnicas, mais do que a emiss\u00e3o de DCEs falsas, a T\u00fcv S\u00fcd assumiu o protagonismo da an\u00e1lise e gest\u00e3o t\u00e9cnica dos graves riscos geot\u00e9cnicos conhecidos e calculados da Barragem I, aderindo e norteando o risco proibido assumido pela Vale.<br><br>\u201cEm um contexto de divis\u00e3o de tarefas, os denunciados concorreram de forma determinante para a omiss\u00e3o penalmente relevante quanto aos deveres de providenciar medidas de transpar\u00eancia, seguran\u00e7a e emerg\u00eancia, que, caso tivessem sido adotadas, impediriam que os resultados mortes e danos ambientais ocorressem da forma e na propor\u00e7\u00e3o em que ocorreram. Escolheram apostar alto, evitando os impactos reputacionais imediatos e, consequentemente, assumindo riscos grav\u00edssimos de rompimento, de morte e de extenso dano ambiental, riscos estes que, apesar de proibidos e altamente prov\u00e1veis, n\u00e3o eram certos ou necessariamente imediatos.\u201d<\/p>\n\n\n\n<h2 class=\"wp-block-heading\"><strong>Tr\u00e2mites processuais<\/strong><\/h2>\n\n\n\n<p>Segundo o MPMG, todos os crimes ser\u00e3o processados e julgados pela Justi\u00e7a Estadual, no Tribunal do J\u00fari de Brumadinho, considerando que as falsas declara\u00e7\u00f5es de estabilidade, apresentadas perante o \u00f3rg\u00e3o federal, foram verdadeiro escudo e crime-meio para as omiss\u00f5es dos denunciados que causaram os crimes de homic\u00eddio e ambientais.<br><br>Al\u00e9m de oferecer a den\u00fancia, o MPMG encaminhou \u00e0 Justi\u00e7a pedidos cautelares de pris\u00e3o do gerente-geral da T\u00fcv S\u00fcd alem\u00e3, Chris-Peter Meier, alegando que, apesar de sistematicamente procurado, n\u00e3o se disp\u00f4s a contribuir para as investiga\u00e7\u00f5es e, ainda, que em raz\u00e3o de ter resid\u00eancia fixa em pa\u00eds diverso e distante do territ\u00f3rio nacional, h\u00e1 evidente risco de n\u00e3o aplica\u00e7\u00e3o da lei penal. Tamb\u00e9m foi formulado pedido de suspens\u00e3o das atividades de engenharia por parte de todos os denunciados engenheiros e, por fim, a proibi\u00e7\u00e3o de se ausentarem do Brasil.<\/p>\n\n\n\n<h2 class=\"wp-block-heading\"><strong>Autores da den\u00fancia<\/strong><\/h2>\n\n\n\n<p>Assinam a den\u00fancia os promotores de Justi\u00e7a William Garcia Pinto Coelho, Ana Tereza Ribeiro Salles Giacomini, Francisco Chaves Generoso, Paula Ayres Lima, Fabr\u00edcio Jos\u00e9 Fonseca Pinto, Leandro Wili e Wagner Marteleto Filho.<br><br>O Relat\u00f3rio Final da investiga\u00e7\u00e3o conjunta, \u00e9 assinado pelos promotores de Justi\u00e7a citados e pelos delegados da Pol\u00edcia Civil Bruno Tasca Cabral, Eduardo Vieira Figueiredo e Luiz Ot\u00e1vio Braga Paulon.<\/p>\n\n\n\n<h2 class=\"wp-block-heading\">Posicionamento da Vale<\/h2>\n\n\n\n<p><em>A Vale informa que tomou conhecimento nesta data, 21 de janeiro de 2020, do oferecimento de den\u00fancia pelo Minist\u00e9rio P\u00fablico de Minas Gerais (MPMG) com rela\u00e7\u00e3o ao rompimento da Barragem I, na Mina C\u00f3rrego do Feij\u00e3o, em Brumadinho (MG).<\/em><\/p>\n\n\n\n<p><em>Sem preju\u00edzo de se manifestar formalmente ap\u00f3s analisar o inteiro teor da den\u00fancia, a Vale desde logo expressa sua perplexidade ante as acusa\u00e7\u00f5es de dolo. Importante lembrar que outros \u00f3rg\u00e3os tamb\u00e9m investigam o caso, sendo prematuro apontar assun\u00e7\u00e3o de risco consciente para provocar uma deliberada ruptura da barragem.<\/em><\/p>\n\n\n\n<p><em>A Vale confia no completo esclarecimento das causas da ruptura e reafirma seu compromisso de continuar contribuindo com as autoridades.<\/em><\/p>\n\n\n\n<p class=\"has-text-color has-background has-very-light-gray-color has-very-dark-gray-background-color\">Quer saber as not\u00edcias do <strong>Aconteceu no Vale<\/strong> em primeira m\u00e3o? Siga-nos no Facebook <a rel=\"noreferrer noopener\" href=\"http:\/\/facebook.com\/aconteceunovale\" target=\"_blank\">@aconteceunovale<\/a>, Twitter <a rel=\"noreferrer noopener\" href=\"https:\/\/twitter.com\/noticiadosvales\" target=\"_blank\">@noticiadosvales<\/a> e Instagram <a rel=\"noreferrer noopener\" href=\"https:\/\/www.instagram.com\/aconteceunovale\" target=\"_blank\">@aconteceunovale<\/a>.<\/p>\n","protected":false},"excerpt":{"rendered":"<p>O Minist\u00e9rio P\u00fablico de Minas Gerais (MPMG) apresentou \u00e0 Justi\u00e7a (2\u00aa Vara Criminal de Brumadinho), hoje, 21 de janeiro de 2020, den\u00fancia pela qual acusa 16 pessoas por homic\u00eddios dolosos duplamente qualificados e por diversos crimes ambientais decorrentes do rompimento da Barragem I, na Mina C\u00f3rrego do Feij\u00e3o, em Brumadinho, no dia 25 de janeiro [&hellip;]<\/p>\n","protected":false},"author":1,"featured_media":157900,"comment_status":"open","ping_status":"closed","sticky":false,"template":"","format":"standard","meta":{"amp_status":"","footnotes":""},"categories":[123],"tags":[215219,195233,215224,193403,215242,192684,192803,3679,215230,193404,215241,195235,1018,215236,215232,149979,215227,195236,215226,215235,195238,215228,215237,215231,194208,195239,215243,193008,142718,19674,215234,19675,215233,215225,604,44644,192804,215238,192686,192688,196292,198826,215220,194209,215222,121580,215221,215229,215240,215223],"class_list":["post-157899","post","type-post","status-publish","format-standard","has-post-thumbnail","hentry","category-gerais","tag-16-pessoas-sao-denunciadas-por-homicidio-qualificado-e-crimes-ambientais","tag-alexandre-de-paula-campanha","tag-ana-tereza-ribeiro-salles-giacomini","tag-andre-jum-yassuda","tag-arsenio-negro-junior","tag-barragem-da-vale-em-brumadinho","tag-barragem-de-brumadinho","tag-brumadinho","tag-bruno-tasca-cabral","tag-cesar-augusto-paulino-grandchamp","tag-chris-peter-meier","tag-cristina-heloiza-da-silva-malheiros","tag-destaque","tag-diretor-da-vale","tag-eduardo-vieira-figueiredo","tag-fabio-schvartsman","tag-fabricio-jose-fonseca-pinto","tag-felipe-figueiredo-rocha","tag-francisco-chaves-generoso","tag-investigacoes-sobre-tragedia-de-brumadinho","tag-joaquim-pedro-de-toledo","tag-leandro-wili","tag-lucio-flavo-gallon-cavalli","tag-luiz-otavio-braga-paulon","tag-makoto-namba","tag-marilene-christina-oliveira-lopes-de-assis-araujo","tag-marlisio-oliveira-cecilio-junior","tag-mina-corrego-do-feijao","tag-mineradora-vale","tag-ministerio-publico-de-minas-gerais","tag-ministerio-publico-e-policia-civil-finalizam-investigacoes-sobre-o-rompimento-da-barragem-em-brumadinho","tag-mpmg","tag-mpmg-e-pcmg-finalizam-investigacoes-sobre-o-rompimento-da-barragem-em-brumadinho","tag-paula-ayres-lima","tag-pcmg","tag-policia-civil-de-minas-gerais","tag-presidente-da-vale","tag-renzo-albieri-guimaraes-de-carvalho","tag-rompimento-de-barragem-da-vale-em-brumadinho","tag-rompimento-de-barragem-em-brumadinho","tag-silmar-magalhaes-silva","tag-tragedia-de-brumadinho","tag-tragedia-de-brumadinho-16-pessoas-sao-denunciadas-por-homicidio-qualificado-e-crimes-ambientais","tag-tuv-sud","tag-tuv-sud-bureau-de-projetos-e-consultoria","tag-vale-s-a","tag-vara-criminal-de-brumadinho","tag-wagner-marteleto-filho","tag-washington-pirete-da-silva","tag-william-garcia-pinto-coelho"],"_links":{"self":[{"href":"https:\/\/aconteceunovale.com.br\/portal\/index.php?rest_route=\/wp\/v2\/posts\/157899","targetHints":{"allow":["GET"]}}],"collection":[{"href":"https:\/\/aconteceunovale.com.br\/portal\/index.php?rest_route=\/wp\/v2\/posts"}],"about":[{"href":"https:\/\/aconteceunovale.com.br\/portal\/index.php?rest_route=\/wp\/v2\/types\/post"}],"author":[{"embeddable":true,"href":"https:\/\/aconteceunovale.com.br\/portal\/index.php?rest_route=\/wp\/v2\/users\/1"}],"replies":[{"embeddable":true,"href":"https:\/\/aconteceunovale.com.br\/portal\/index.php?rest_route=%2Fwp%2Fv2%2Fcomments&post=157899"}],"version-history":[{"count":3,"href":"https:\/\/aconteceunovale.com.br\/portal\/index.php?rest_route=\/wp\/v2\/posts\/157899\/revisions"}],"predecessor-version":[{"id":157906,"href":"https:\/\/aconteceunovale.com.br\/portal\/index.php?rest_route=\/wp\/v2\/posts\/157899\/revisions\/157906"}],"wp:featuredmedia":[{"embeddable":true,"href":"https:\/\/aconteceunovale.com.br\/portal\/index.php?rest_route=\/wp\/v2\/media\/157900"}],"wp:attachment":[{"href":"https:\/\/aconteceunovale.com.br\/portal\/index.php?rest_route=%2Fwp%2Fv2%2Fmedia&parent=157899"}],"wp:term":[{"taxonomy":"category","embeddable":true,"href":"https:\/\/aconteceunovale.com.br\/portal\/index.php?rest_route=%2Fwp%2Fv2%2Fcategories&post=157899"},{"taxonomy":"post_tag","embeddable":true,"href":"https:\/\/aconteceunovale.com.br\/portal\/index.php?rest_route=%2Fwp%2Fv2%2Ftags&post=157899"}],"curies":[{"name":"wp","href":"https:\/\/api.w.org\/{rel}","templated":true}]}}