{"id":157885,"date":"2020-01-21T12:07:05","date_gmt":"2020-01-21T15:07:05","guid":{"rendered":"http:\/\/aconteceunovale.com.br\/portal\/?p=157885"},"modified":"2020-01-21T12:08:23","modified_gmt":"2020-01-21T15:08:23","slug":"quadrilha-assalta-prefeito-de-sao-joao-do-manteninha-no-leste-de-minas","status":"publish","type":"post","link":"https:\/\/aconteceunovale.com.br\/portal\/?p=157885","title":{"rendered":"Quadrilha assalta prefeito de S\u00e3o Jo\u00e3o do Manteninha, no Leste de Minas"},"content":{"rendered":"\n<p>A casa do prefeito de S\u00e3o Jo\u00e3o do Manteninha (MG), Gentil\nPereira Mendon\u00e7a (PSB), foi alvo de assaltantes na noite de segunda-feira (20\/01\/2020).\nSegundo informa\u00e7\u00f5es da Pol\u00edcia Militar (PM), o chefe do executivo municipal e\noutras quatro pessoas estavam na resid\u00eancia, localizada em Vargem Grande,\ndistrito do munic\u00edpio, no momento do roubo.<\/p>\n\n\n\n<p>Um amigo da fam\u00edlia contou que dois criminosos armados e\nencapuzados renderam o filho do prefeito, um homem de 41 anos, quando ele\nguardava o carro na garagem. Os bandidos entraram na resid\u00eancia com uma arma apontada\npara a cabe\u00e7a da v\u00edtima.<\/p>\n\n\n\n<p>Al\u00e9m do prefeito e do filho, a esposa e dois netos adolescentes\nde Gentil Mendon\u00e7a tamb\u00e9m estavam na casa. Os cinco tiveram dinheiro e objetos\npessoais como cord\u00f5es, an\u00e9is e rel\u00f3gios retirados \u00e0 for\u00e7a. Em seguida, a\nfam\u00edlia foi trancada em um banheiro.<\/p>\n\n\n\n<p>A a\u00e7\u00e3o durou menos de meia hora. Apesar de terem entrado dois\ncriminosos na casa, a pol\u00edcia acredita que at\u00e9 seis pessoas possam ter\nparticipado da a\u00e7\u00e3o. Os bandidos fugiram levando ainda dois carros da fam\u00edlia,\nmas um deles foi abandonado no munic\u00edpio de Central de Minas por falta de\ncombust\u00edvel.<\/p>\n\n\n\n<p>Os assaltantes s\u00e3o procurados pela pol\u00edcia.<\/p>\n\n\n\n<p class=\"has-text-color has-background has-very-light-gray-color has-very-dark-gray-background-color\">Quer saber as not\u00edcias do <strong>Aconteceu no Vale<\/strong> em primeira m\u00e3o? Siga-nos no Facebook <a rel=\"noreferrer noopener\" href=\"http:\/\/facebook.com\/aconteceunovale\" target=\"_blank\">@aconteceunovale<\/a>, Twitter <a rel=\"noreferrer noopener\" href=\"https:\/\/twitter.com\/noticiadosvales\" target=\"_blank\">@noticiadosvales<\/a> e Instagram <a rel=\"noreferrer noopener\" href=\"https:\/\/www.instagram.com\/aconteceunovale\" target=\"_blank\">@aconteceunovale<\/a>.<\/p>\n","protected":false},"excerpt":{"rendered":"<p>A casa do prefeito de S\u00e3o Jo\u00e3o do Manteninha (MG), Gentil Pereira Mendon\u00e7a (PSB), foi alvo de assaltantes na noite de segunda-feira (20\/01\/2020). Segundo informa\u00e7\u00f5es da Pol\u00edcia Militar (PM), o chefe do executivo municipal e outras quatro pessoas estavam na resid\u00eancia, localizada em Vargem Grande, distrito do munic\u00edpio, no momento do roubo. Um amigo da [&hellip;]<\/p>\n","protected":false},"author":1,"featured_media":157886,"comment_status":"open","ping_status":"closed","sticky":false,"template":"","format":"standard","meta":{"amp_status":"","footnotes":""},"categories":[121],"tags":[215195,1671,215196,206473,215194,215198,215199,215197,1675,32784],"class_list":["post-157885","post","type-post","status-publish","format-standard","has-post-thumbnail","hentry","category-leste","tag-assalto-prefeito-de-sao-joao-do-manteninha","tag-central-de-minas","tag-gentil-pereira-mendonca","tag-prefeito-de-sao-joao-do-manteninha","tag-prefeito-de-sao-joao-do-manteninha-e-familiares-sao-alvos-de-assaltantes","tag-prefeito-de-sao-joao-do-manteninha-e-familiares-sao-vitimas-de-assalto","tag-quadrilha-assalta-prefeito-de-sao-joao-do-manteninha","tag-roubo-prefeito-de-sao-joao-do-manteninha","tag-sao-joao-do-manteninha","tag-vargem-grande"],"_links":{"self":[{"href":"https:\/\/aconteceunovale.com.br\/portal\/index.php?rest_route=\/wp\/v2\/posts\/157885","targetHints":{"allow":["GET"]}}],"collection":[{"href":"https:\/\/aconteceunovale.com.br\/portal\/index.php?rest_route=\/wp\/v2\/posts"}],"about":[{"href":"https:\/\/aconteceunovale.com.br\/portal\/index.php?rest_route=\/wp\/v2\/types\/post"}],"author":[{"embeddable":true,"href":"https:\/\/aconteceunovale.com.br\/portal\/index.php?rest_route=\/wp\/v2\/users\/1"}],"replies":[{"embeddable":true,"href":"https:\/\/aconteceunovale.com.br\/portal\/index.php?rest_route=%2Fwp%2Fv2%2Fcomments&post=157885"}],"version-history":[{"count":1,"href":"https:\/\/aconteceunovale.com.br\/portal\/index.php?rest_route=\/wp\/v2\/posts\/157885\/revisions"}],"predecessor-version":[{"id":157887,"href":"https:\/\/aconteceunovale.com.br\/portal\/index.php?rest_route=\/wp\/v2\/posts\/157885\/revisions\/157887"}],"wp:featuredmedia":[{"embeddable":true,"href":"https:\/\/aconteceunovale.com.br\/portal\/index.php?rest_route=\/wp\/v2\/media\/157886"}],"wp:attachment":[{"href":"https:\/\/aconteceunovale.com.br\/portal\/index.php?rest_route=%2Fwp%2Fv2%2Fmedia&parent=157885"}],"wp:term":[{"taxonomy":"category","embeddable":true,"href":"https:\/\/aconteceunovale.com.br\/portal\/index.php?rest_route=%2Fwp%2Fv2%2Fcategories&post=157885"},{"taxonomy":"post_tag","embeddable":true,"href":"https:\/\/aconteceunovale.com.br\/portal\/index.php?rest_route=%2Fwp%2Fv2%2Ftags&post=157885"}],"curies":[{"name":"wp","href":"https:\/\/api.w.org\/{rel}","templated":true}]}}