{"id":157879,"date":"2020-01-21T11:20:51","date_gmt":"2020-01-21T14:20:51","guid":{"rendered":"http:\/\/aconteceunovale.com.br\/portal\/?p=157879"},"modified":"2020-01-21T11:22:32","modified_gmt":"2020-01-21T14:22:32","slug":"carro-de-prefeitura-e-atingido-por-outro-veiculo-na-br-116-no-leste-de-minas","status":"publish","type":"post","link":"https:\/\/aconteceunovale.com.br\/portal\/?p=157879","title":{"rendered":"Carro de prefeitura \u00e9 atingido por outro ve\u00edculo na BR-116, no Leste de Minas"},"content":{"rendered":"\n<p>Um motorista da Prefeitura de Tumiritinga (MG) ficou levemente ferido em um acidente na BR-116, no Leste de Minas Gerais, na madrugada desta ter\u00e7a-feira (21\/01\/2020). Segundo informa\u00e7\u00f5es da Pol\u00edcia Rodovi\u00e1ria Federal (PRF), a v\u00edtima relatou que encostou o carro que conduzia para fazer uma convers\u00e3o no trevo de acesso para Capit\u00e3o Andrade (MG) e, neste momento, foi atingido na traseira por um ve\u00edculo que seguia na mesma dire\u00e7\u00e3o. <\/p>\n\n\n\n<p>O motorista da Prefeitura teve apenas ferimentos leves e dispensou o socorro. O condutor do outro ve\u00edculo fugiu do local e ainda n\u00e3o foi identificado.<\/p>\n\n\n\n<figure class=\"wp-block-gallery columns-1 is-cropped wp-block-gallery-1 is-layout-flex wp-block-gallery-is-layout-flex\"><ul class=\"blocks-gallery-grid\"><li class=\"blocks-gallery-item\"><figure><img loading=\"lazy\" decoding=\"async\" width=\"583\" height=\"450\" src=\"http:\/\/aconteceunovale.com.br\/portal\/wp-content\/uploads\/2020\/01\/acidente_tumiritinga.jpg\" alt=\"\" data-id=\"157880\" data-full-url=\"http:\/\/aconteceunovale.com.br\/portal\/wp-content\/uploads\/2020\/01\/acidente_tumiritinga.jpg\" data-link=\"http:\/\/aconteceunovale.com.br\/portal\/?attachment_id=157880\" class=\"wp-image-157880\" srcset=\"https:\/\/aconteceunovale.com.br\/portal\/wp-content\/uploads\/2020\/01\/acidente_tumiritinga.jpg 583w, https:\/\/aconteceunovale.com.br\/portal\/wp-content\/uploads\/2020\/01\/acidente_tumiritinga-300x232.jpg 300w, https:\/\/aconteceunovale.com.br\/portal\/wp-content\/uploads\/2020\/01\/acidente_tumiritinga-544x420.jpg 544w\" sizes=\"auto, (max-width: 583px) 100vw, 583px\" \/><figcaption class=\"blocks-gallery-item__caption\"><em>Foto: Pol\u00edcia Rodovi\u00e1ria Federal \/ Divulga\u00e7\u00e3o<\/em><\/figcaption><\/figure><\/li><\/ul><\/figure>\n\n\n\n<p class=\"has-text-color has-background has-very-light-gray-color has-very-dark-gray-background-color\">Quer saber as not\u00edcias do <strong>Aconteceu no Vale<\/strong> em primeira m\u00e3o? Siga-nos no Facebook <a rel=\"noreferrer noopener\" href=\"http:\/\/facebook.com\/aconteceunovale\" target=\"_blank\">@aconteceunovale<\/a>, Twitter <a rel=\"noreferrer noopener\" href=\"https:\/\/twitter.com\/noticiadosvales\" target=\"_blank\">@noticiadosvales<\/a> e Instagram <a rel=\"noreferrer noopener\" href=\"https:\/\/www.instagram.com\/aconteceunovale\" target=\"_blank\">@aconteceunovale<\/a>.<\/p>\n","protected":false},"excerpt":{"rendered":"<p>Um motorista da Prefeitura de Tumiritinga (MG) ficou levemente ferido em um acidente na BR-116, no Leste de Minas Gerais, na madrugada desta ter\u00e7a-feira (21\/01\/2020). Segundo informa\u00e7\u00f5es da Pol\u00edcia Rodovi\u00e1ria Federal (PRF), a v\u00edtima relatou que encostou o carro que conduzia para fazer uma convers\u00e3o no trevo de acesso para Capit\u00e3o Andrade (MG) e, neste [&hellip;]<\/p>\n","protected":false},"author":1,"featured_media":157880,"comment_status":"open","ping_status":"closed","sticky":false,"template":"","format":"standard","meta":{"amp_status":"","footnotes":""},"categories":[121],"tags":[215181,215184,3945,215185,215186,182,279,215183,215182,186246,330],"class_list":["post-157879","post","type-post","status-publish","format-standard","has-post-thumbnail","hentry","category-leste","tag-acidente-com-carro-da-prefeitura-de-tumiritinga","tag-acidente-com-motorista-da-prefeitura-de-tumiritinga","tag-acidente-na-br-116","tag-acidente-na-br-116-no-trevo-de-capitao-andrade","tag-acidente-no-trevo-de-capitao-andrade","tag-br-116","tag-capitao-andrade","tag-carro-da-prefeitura-de-tumiritinga-e-atingido-por-outro-veiculo-na-br-116","tag-carro-de-prefeitura-e-atingido-por-outro-veiculo-na-br-116","tag-prefeitura-de-tumiritinga","tag-tumiritinga"],"_links":{"self":[{"href":"https:\/\/aconteceunovale.com.br\/portal\/index.php?rest_route=\/wp\/v2\/posts\/157879","targetHints":{"allow":["GET"]}}],"collection":[{"href":"https:\/\/aconteceunovale.com.br\/portal\/index.php?rest_route=\/wp\/v2\/posts"}],"about":[{"href":"https:\/\/aconteceunovale.com.br\/portal\/index.php?rest_route=\/wp\/v2\/types\/post"}],"author":[{"embeddable":true,"href":"https:\/\/aconteceunovale.com.br\/portal\/index.php?rest_route=\/wp\/v2\/users\/1"}],"replies":[{"embeddable":true,"href":"https:\/\/aconteceunovale.com.br\/portal\/index.php?rest_route=%2Fwp%2Fv2%2Fcomments&post=157879"}],"version-history":[{"count":1,"href":"https:\/\/aconteceunovale.com.br\/portal\/index.php?rest_route=\/wp\/v2\/posts\/157879\/revisions"}],"predecessor-version":[{"id":157881,"href":"https:\/\/aconteceunovale.com.br\/portal\/index.php?rest_route=\/wp\/v2\/posts\/157879\/revisions\/157881"}],"wp:featuredmedia":[{"embeddable":true,"href":"https:\/\/aconteceunovale.com.br\/portal\/index.php?rest_route=\/wp\/v2\/media\/157880"}],"wp:attachment":[{"href":"https:\/\/aconteceunovale.com.br\/portal\/index.php?rest_route=%2Fwp%2Fv2%2Fmedia&parent=157879"}],"wp:term":[{"taxonomy":"category","embeddable":true,"href":"https:\/\/aconteceunovale.com.br\/portal\/index.php?rest_route=%2Fwp%2Fv2%2Fcategories&post=157879"},{"taxonomy":"post_tag","embeddable":true,"href":"https:\/\/aconteceunovale.com.br\/portal\/index.php?rest_route=%2Fwp%2Fv2%2Ftags&post=157879"}],"curies":[{"name":"wp","href":"https:\/\/api.w.org\/{rel}","templated":true}]}}