{"id":157877,"date":"2020-01-21T10:48:25","date_gmt":"2020-01-21T13:48:25","guid":{"rendered":"http:\/\/aconteceunovale.com.br\/portal\/?p=157877"},"modified":"2020-01-21T10:49:21","modified_gmt":"2020-01-21T13:49:21","slug":"policia-registra-homicidios-em-janauba-e-verdelandia-no-norte-de-minas","status":"publish","type":"post","link":"https:\/\/aconteceunovale.com.br\/portal\/?p=157877","title":{"rendered":"Pol\u00edcia registra homic\u00eddios em Jana\u00faba e Verdel\u00e2ndia, no Norte de Minas"},"content":{"rendered":"\n<p>Dois homens foram assassinados nos munic\u00edpios de Verdel\u00e2ndia e Jana\u00faba, na regi\u00e3o Norte de Minas Gerais, no intervalo entre a noite de segunda-feira (20\/01\/2020) e a madrugada desta ter\u00e7a-feira (21). Os crimes s\u00e3o investigados pela Pol\u00edcia Civil. <\/p>\n\n\n\n<p>A ocorr\u00eancia mais recente foi na zona rural de Verdel\u00e2ndia.\nSegundo informa\u00e7\u00f5es da Pol\u00edcia Militar (PM), Leonardo Matos Aguiar, de 38 anos,\nfoi v\u00edtima de uma emboscada. A v\u00edtima seguia para o trabalho em uma caminhonete,\nna madrugada desta ter\u00e7a-feira, e ao desembarcar em uma porteira, foi atingido\npor tiros. <\/p>\n\n\n\n<p>Leonardo Matos foi socorrido ao Hospital de Jana\u00faba, mas n\u00e3o\nresistiu aos ferimentos e veio a \u00f3bito. O corpo foi encaminhado ao Instituto\nM\u00e9dico Legal (IML).<\/p>\n\n\n\n<p>Uma pessoa que estava com a v\u00edtima n\u00e3o ficou ferida. A autoria e\na motiva\u00e7\u00e3o do crime s\u00e3o investigadas. <\/p>\n\n\n\n<h2 class=\"wp-block-heading\">Jana\u00faba<\/h2>\n\n\n\n<p>Na noite de ontem (20), em Jana\u00faba, um homem de 42 anos tamb\u00e9m\nfoi morto a tiros. O crime aconteceu em uma casa no Bairro Gameleira e, segundo\na PM, o corpo de Jannai Silva Torres estava em cima de um colch\u00e3o com intenso\nsangramento. <\/p>\n\n\n\n<p>A equipe da Unidade de Suporte Avan\u00e7ado do Servi\u00e7o de\nAtendimento M\u00f3vel de Urg\u00eancia (SAMU) esteve no local para prestar socorro, mas o homem n\u00e3o resistiu\naos ferimentos e veio a \u00f3bito. A per\u00edcia da Pol\u00edcia Civil confirmou sete\nperfura\u00e7\u00f5es provocadas por tiros no corpo de Jannai. <\/p>\n\n\n\n<p>Ainda segundo a PM, a v\u00edtima tinha passagem por dire\u00e7\u00e3o perigosa,\namea\u00e7a e les\u00e3o corporal. Ele tamb\u00e9m era suspeito de matar uma ex-mulher em\nPatroc\u00ednio (MG). <\/p>\n\n\n\n<p>O corpo de Jannai foi encaminhado para o IML. Ningu\u00e9m foi preso e o caso ser\u00e1 investigado pela Pol\u00edcia Civil. <\/p>\n\n\n\n<p class=\"has-text-color has-background has-very-light-gray-color has-very-dark-gray-background-color\">Quer saber as not\u00edcias do <strong>Aconteceu no Vale<\/strong> em primeira m\u00e3o? Siga-nos no Facebook <a rel=\"noreferrer noopener\" href=\"http:\/\/facebook.com\/aconteceunovale\" target=\"_blank\">@aconteceunovale<\/a>, Twitter <a rel=\"noreferrer noopener\" href=\"https:\/\/twitter.com\/noticiadosvales\" target=\"_blank\">@noticiadosvales<\/a> e Instagram <a rel=\"noreferrer noopener\" href=\"https:\/\/www.instagram.com\/aconteceunovale\" target=\"_blank\">@aconteceunovale<\/a>.<\/p>\n","protected":false},"excerpt":{"rendered":"<p>Dois homens foram assassinados nos munic\u00edpios de Verdel\u00e2ndia e Jana\u00faba, na regi\u00e3o Norte de Minas Gerais, no intervalo entre a noite de segunda-feira (20\/01\/2020) e a madrugada desta ter\u00e7a-feira (21). Os crimes s\u00e3o investigados pela Pol\u00edcia Civil. A ocorr\u00eancia mais recente foi na zona rural de Verdel\u00e2ndia. Segundo informa\u00e7\u00f5es da Pol\u00edcia Militar (PM), Leonardo Matos [&hellip;]<\/p>\n","protected":false},"author":1,"featured_media":151866,"comment_status":"open","ping_status":"closed","sticky":false,"template":"","format":"standard","meta":{"amp_status":"","footnotes":""},"categories":[1236],"tags":[53190,153378,53188,143503,53186,143502,204,215180,215179,53187,143504,215178,1814],"class_list":["post-157877","post","type-post","status-publish","format-standard","has-post-thumbnail","hentry","category-norte_de_minas","tag-assassinado-em-janauba","tag-assassinado-em-verdelandia","tag-assassinato-em-janauba","tag-assassinato-em-verdelandia","tag-homicidio-em-janauba","tag-homicidio-em-verdelandia","tag-janauba","tag-jannai-silva-torres","tag-leonardo-matos-aguiar","tag-morto-em-janauba","tag-morto-em-verdelandia","tag-policia-registra-homicidios-em-janauba-e-verdelandia","tag-verdelandia"],"_links":{"self":[{"href":"https:\/\/aconteceunovale.com.br\/portal\/index.php?rest_route=\/wp\/v2\/posts\/157877","targetHints":{"allow":["GET"]}}],"collection":[{"href":"https:\/\/aconteceunovale.com.br\/portal\/index.php?rest_route=\/wp\/v2\/posts"}],"about":[{"href":"https:\/\/aconteceunovale.com.br\/portal\/index.php?rest_route=\/wp\/v2\/types\/post"}],"author":[{"embeddable":true,"href":"https:\/\/aconteceunovale.com.br\/portal\/index.php?rest_route=\/wp\/v2\/users\/1"}],"replies":[{"embeddable":true,"href":"https:\/\/aconteceunovale.com.br\/portal\/index.php?rest_route=%2Fwp%2Fv2%2Fcomments&post=157877"}],"version-history":[{"count":1,"href":"https:\/\/aconteceunovale.com.br\/portal\/index.php?rest_route=\/wp\/v2\/posts\/157877\/revisions"}],"predecessor-version":[{"id":157878,"href":"https:\/\/aconteceunovale.com.br\/portal\/index.php?rest_route=\/wp\/v2\/posts\/157877\/revisions\/157878"}],"wp:featuredmedia":[{"embeddable":true,"href":"https:\/\/aconteceunovale.com.br\/portal\/index.php?rest_route=\/wp\/v2\/media\/151866"}],"wp:attachment":[{"href":"https:\/\/aconteceunovale.com.br\/portal\/index.php?rest_route=%2Fwp%2Fv2%2Fmedia&parent=157877"}],"wp:term":[{"taxonomy":"category","embeddable":true,"href":"https:\/\/aconteceunovale.com.br\/portal\/index.php?rest_route=%2Fwp%2Fv2%2Fcategories&post=157877"},{"taxonomy":"post_tag","embeddable":true,"href":"https:\/\/aconteceunovale.com.br\/portal\/index.php?rest_route=%2Fwp%2Fv2%2Ftags&post=157877"}],"curies":[{"name":"wp","href":"https:\/\/api.w.org\/{rel}","templated":true}]}}