{"id":157768,"date":"2020-01-19T23:03:08","date_gmt":"2020-01-20T02:03:08","guid":{"rendered":"http:\/\/aconteceunovale.com.br\/portal\/?p=157768"},"modified":"2020-01-19T23:06:20","modified_gmt":"2020-01-20T02:06:20","slug":"policia-registra-sete-homicidios-no-leste-de-minas","status":"publish","type":"post","link":"https:\/\/aconteceunovale.com.br\/portal\/?p=157768","title":{"rendered":"Pol\u00edcia registra sete homic\u00eddios no Leste de Minas"},"content":{"rendered":"\n<p>Um jovem de 21 anos foi morto a tiros ap\u00f3s fugir de uma\nabordagem policial em Naque, no Leste de Minas, na noite de s\u00e1bado (18\/01\/2020).\nSegundo informa\u00e7\u00f5es da Pol\u00edcia Militar (PM), ele estava em atitude suspeita com\num objeto na m\u00e3o e n\u00e3o obedeceu a ordem de um dos militares.<\/p>\n\n\n\n<p>Ainda de acordo com a\nPM, Elias Os\u00f3rio de Oliveira Silva saiu correndo e apontou o objeto em dire\u00e7\u00e3o\na um dos policiais, que atirou para se defender. O jovem foi atingido na regi\u00e3o\ndo t\u00f3rax e estava segurando uma arma.<\/p>\n\n\n\n<p>Os militares\nsocorreram o jovem ao Hospital Jaques Gon\u00e7alves Pereira, em Perp\u00e9tuo Socorro,\nmas ele n\u00e3o resistiu aos ferimentos. Elias tinha passagens por tr\u00e1fico de\ndrogas, recepta\u00e7\u00e3o e les\u00e3o corporal.<\/p>\n\n\n\n<p>A arma do policial foi recolhida para per\u00edcia. O caso \u00e9 investigado.<\/p>\n\n\n\n<h2 class=\"wp-block-heading\">Homem \u00e9 morto em distrito de Aimor\u00e9s<\/h2>\n\n\n\n<p>Um homem de 42 anos foi assassinado no distrito de Concei\u00e7\u00e3o do\nCapim, munic\u00edpio de Aimor\u00e9s (MG), na sexta-feira (17\/01). De acordo com a\nPol\u00edcia Militar, Gilcimar Loubach foi surpreendido na Rua Agenor Rangel da Fraga\ne atingido por seis tiros.<\/p>\n\n\n\n<p>Segundo a PM, a motiva\u00e7\u00e3o do\ncrime estaria relacionada com uma vingan\u00e7a, j\u00e1 que Gilcimar \u00e9 suspeito de ser\nmandante de um homic\u00eddio no munic\u00edpio. <\/p>\n\n\n\n<p>A per\u00edcia foi ao local e constatou perfura\u00e7\u00f5es na cabe\u00e7a, bra\u00e7o e t\u00f3rax de Gilcimar. O corpo foi encaminhado ao IML de Governador Valadares (MG). A Pol\u00edcia Civil vai investigar o caso.<\/p>\n\n\n\n<h2 class=\"wp-block-heading\">Morto com facada no pesco\u00e7o em Central de Minas<\/h2>\n\n\n\n<p>Um homem de 31 anos morreu ap\u00f3s levar uma facada no pesco\u00e7o em\nCentral de Minas, no Leste do Estado, na sexta-feira (17\/01). Segundo informa\u00e7\u00f5es\nda Pol\u00edcia Militar, um suspeito se entregou e confessou o crime. A motiva\u00e7\u00e3o\nser\u00e1 investigada.<\/p>\n\n\n\n<p>Testemunhas contaram \u00e0\nPM que viram os dois envolvidos brigando na Rua Ercilio Adriano Filho, no\nCentro da cidade. Em seguida, o suspeito foi visto deixando o local e Aguinaldo\nDomingos da Silva foi encontrado morto. A per\u00edcia da Pol\u00edcia Civil foi chamada\ne recolheu uma faca, que estava cravada no pesco\u00e7o da v\u00edtima.<\/p>\n\n\n\n<p>Ap\u00f3s as informa\u00e7\u00f5es\ndas testemunhas, os policiais foram at\u00e9 a casa do suspeito. A esposa falou que\nele n\u00e3o estava e forneceu o n\u00famero do celular dele. Os militares ligaram e\nconversaram com o homem, que estava na casa de amigos e decidiu se entregar. A\nequipe da PM foi at\u00e9 a resid\u00eancia no Distrito de Floresta, onde fizeram a\npris\u00e3o.<\/p>\n\n\n\n<p>Ao ser preso, o suspeito disse que reagiu ap\u00f3s Aguinaldo Domingos da Silva se aproximar dele com uma faca. O corpo da v\u00edtima foi levado para o IML de Governador Valadares (MG). O caso foi encaminhado para a Pol\u00edcia Civil.<\/p>\n\n\n\n<h2 class=\"wp-block-heading\">Morto com sete tiros em Tim\u00f3teo<\/h2>\n\n\n\n<p>Um homem de 38 anos foi assassinado no distrito de Cachoeira do\nVale, munic\u00edpio de Tim\u00f3teo (MG), na manh\u00e3 de quinta-feira (16\/01). A v\u00edtima foi\natingida por sete tiros.<\/p>\n\n\n\n<p>Segundo a Pol\u00edcia\nMilitar, Ricardo Augusto da Silva estava andando pela rua quando foi abordado\npor dois suspeitos. Logo ap\u00f3s atirar contra a v\u00edtima, segundo testemunhas, eles\npularam em uma casa abandonada e fugiram por um beco. O Corpo de Bombeiros foi\nacionado, mas o homem j\u00e1 estava morto.<\/p>\n\n\n\n<p>De acordo com a PM,\ntr\u00eas suspeitos foram detidos durante a tarde. Atrav\u00e9s de den\u00fancias, os\nmilitares conseguiram apreender dois adolescentes de 17 anos e um jovem de 19,\nque auxiliou os dois menores no crime.<\/p>\n\n\n\n<p>Segundo a pol\u00edcia, a v\u00edtima foi detida no dia 18 de dezembro do ano passado por posse ilegal de arma de fogo.<\/p>\n\n\n\n<h2 class=\"wp-block-heading\">Jovem \u00e9 assassinado em Governador Valadares<\/h2>\n\n\n\n<p>Um jovem de 25 anos foi morto a tiros no bairro Palmeiras, em Governador Valadares (MG), no fim da tarde desta quarta-feira (15\/01\/2020). Segundo a Pol\u00edcia Militar (PM), Alonso Lopes da Silva bateu no port\u00e3o do suspeito e foi recebido a bala.  <\/p>\n\n\n\n<p>Alonso foi atingido v\u00e1rias vezes e morreu no local. O corpo foi encaminhado ao Instituto M\u00e9dico Legal (IML) de Governador Valadares. <\/p>\n\n\n\n<p>Ainda segundo a PM, autor e v\u00edtima t\u00eam passagens pela pol\u00edcia por tr\u00e1fico de drogas e porte ilegal de arma de fogo. <\/p>\n\n\n\n<p> A motiva\u00e7\u00e3o do crime pode estar ligada ao tr\u00e1fico de drogas. O autor foi preso e encaminhado \u00e0 Delegacia de Pol\u00edcia Civil. <\/p>\n\n\n\n<h2 class=\"wp-block-heading\">Assassinado com 30 tiros em Coronel Fabriciano<\/h2>\n\n\n\n<p>Um homem de 31 anos foi morto em Coronel Fabriciano, no Vale do\nA\u00e7o, na tarde de ter\u00e7a-feira (14\/01). Segundo a Pol\u00edcia Militar, o corpo de\nJefferson Mendes de Oliveira foi encontrado com 30 marcas de tiros no bairro\nC\u00f3rrego Alto, pr\u00f3ximo ao Santu\u00e1rio Nossa Senhora da Piedade.<\/p>\n\n\n\n<p>De acordo com a\nPol\u00edcia Militar, a v\u00edtima foi atingida nos bra\u00e7os, costas pesco\u00e7o, cabe\u00e7a, m\u00e3o\nesquerda e lado esquerdo do t\u00f3rax.<\/p>\n\n\n\n<p>Ao lado do corpo foi\nencontrada uma m\u00e1scara de um personagem do filme V de Vingan\u00e7a. Ser\u00e1\ninvestigado se o objeto significa alguma mensagem ou apenas foi utilizado pelo\nautor para esconder a identidade dele durante o crime.<\/p>\n\n\n\n<p>Familiares contaram \u00e0\nPM que o homem saiu de casa pela manh\u00e3 sem dizer onde ia. De acordo com a PM, a\nv\u00edtima tinha passagens por tr\u00e1fico de drogas e porte ilegal de arma de fogo.<\/p>\n\n\n\n<p>Ap\u00f3s trabalho da per\u00edcia, o corpo foi encaminhado para o IML de Ipatinga. A autoria e a motiva\u00e7\u00e3o do crime s\u00e3o investigadas pela Pol\u00edcia Civil.<\/p>\n\n\n\n<h2 class=\"wp-block-heading\">Homem \u00e9 morto na zona rural de Mutum<\/h2>\n\n\n\n<p>Um homem de 50 anos foi morto na zona rural de Mutum, no Leste de Minas, na noite de ter\u00e7a-feira (14\/01). Segundo a Pol\u00edcia Militar, a v\u00edtima foi encontrada ca\u00edda no ch\u00e3o e ensanguentada em um dos quartos na casa onde morava. <\/p>\n\n\n\n<p>Ainda de acordo com a PM, um funcion\u00e1rio de Jos\u00e9 Justino de Oliveira contou que horas antes o homem havia recebido um irm\u00e3o e um sobrinho e que, enquanto jantavam, perceberam que os cachorros da propriedade latiam muito.<\/p>\n\n\n\n<p>Ap\u00f3s as visitas irem\nembora, o homem pediu ao funcion\u00e1rio que fosse investigar o motivo da agita\u00e7\u00e3o\ndos cachorros, sugerindo que pudesse ser um cachorro do mato atacando as\ngalinhas da propriedade.<\/p>\n\n\n\n<p>O funcion\u00e1rio contou aos militares que havia se afastado cerca de 100 metros da casa quando ouviu um disparo de arma de fogo e voltou para a resid\u00eancia, chamando pelo patr\u00e3o.<\/p>\n\n\n\n<p>Ele disse que entrou na\nresid\u00eancia e encontrou o homem ensanguentado, mas que o patr\u00e3o fez sinal para\nque ele sa\u00edsse em sil\u00eancio. O funcion\u00e1rio disse que fugiu e foi de moto at\u00e9 a\ncasa de uma irm\u00e3 da v\u00edtima avisar sobre o ocorrido.<\/p>\n\n\n\n<p>O irm\u00e3o de Jos\u00e9 Justino de Oliveira foi ouvido pelos policiais e contou que durante o jantar o homem chegou a dizer que era a \u00faltima vez que chupava manga. O irm\u00e3o disse ainda que sabia que a v\u00edtima havia se desentendido com dois homens em um bar.<\/p>\n\n\n\n<p>Os militares\nlocalizaram os dois indiv\u00edduos apontados pelo irm\u00e3o da v\u00edtima, mas eles negaram\nqualquer problema com o homem. Os policiais fizeram buscas, mas nada de\nsuspeito com encontrado com os dois indiv\u00edduos. <\/p>\n\n\n\n<p>Ningu\u00e9m foi preso. O crime \u00e9 investigado pela Pol\u00edcia Civil.<\/p>\n\n\n\n<p class=\"has-text-color has-background has-very-light-gray-color has-very-dark-gray-background-color\">Quer saber as not\u00edcias do <strong>Aconteceu no Vale<\/strong> em primeira m\u00e3o? Siga-nos no Facebook <a rel=\"noreferrer noopener\" href=\"http:\/\/facebook.com\/aconteceunovale\" target=\"_blank\">@aconteceunovale<\/a>, Twitter <a rel=\"noreferrer noopener\" href=\"https:\/\/twitter.com\/noticiadosvales\" target=\"_blank\">@noticiadosvales<\/a> e Instagram <a rel=\"noreferrer noopener\" href=\"https:\/\/www.instagram.com\/aconteceunovale\" target=\"_blank\">@aconteceunovale<\/a>.<\/p>\n","protected":false},"excerpt":{"rendered":"<p>Um jovem de 21 anos foi morto a tiros ap\u00f3s fugir de uma abordagem policial em Naque, no Leste de Minas, na noite de s\u00e1bado (18\/01\/2020). Segundo informa\u00e7\u00f5es da Pol\u00edcia Militar (PM), ele estava em atitude suspeita com um objeto na m\u00e3o e n\u00e3o obedeceu a ordem de um dos militares. Ainda de acordo com [&hellip;]<\/p>\n","protected":false},"author":1,"featured_media":151866,"comment_status":"open","ping_status":"closed","sticky":false,"template":"","format":"standard","meta":{"amp_status":"","footnotes":""},"categories":[121],"tags":[215000,273,214722,215003,214998,49176,44655,205347,56275,350,1671,1524,214990,214991,247,214995,214994,214993,215004,173775,146544,34758,8180,34765,20792,215005,215006,214721,214999,32916,214992,214997,215001,214996,49177,43038,115842,214988,214989,214987,1717,1724,77873,215008,215007,215002,1105,44656],"class_list":["post-157768","post","type-post","status-publish","format-standard","has-post-thumbnail","hentry","category-leste","tag-aguinaldo-domingos-da-silva","tag-aimores","tag-alonso-lopes-da-silva","tag-assassinado-com-30-tiros-em-coronel-fabriciano","tag-assassinado-em-central-de-minas","tag-assassinado-em-coronel-fabriciano","tag-assassinado-em-governador-valadares","tag-assassinado-em-mutum","tag-assassinado-em-timoteo","tag-belo-oriente","tag-central-de-minas","tag-coronel-fabriciano","tag-elias-osorio-de-oliveira-silva","tag-gilcimar-loubach","tag-governador-valadares","tag-homem-e-morto-em-aimores","tag-homem-e-morto-em-conceicao-do-capim","tag-homem-e-morto-em-distrito-de-aimores","tag-homem-e-morto-na-zona-rural-de-mutum","tag-homem-morto-em-timoteo","tag-homicidio-em-central-de-minas","tag-homicidio-em-coronel-fabriciano","tag-homicidio-em-governador-valadares","tag-homicidio-em-mutum","tag-homicidio-em-timoteo","tag-jefferson-mendes-de-oliveira","tag-jose-justino-de-oliveira","tag-jovem-e-assassinado-em-governador-valadares","tag-morte-em-central-de-minas","tag-morte-em-governador-valadares","tag-morto-apos-desrespeitar-ordem-policial-em-naque","tag-morto-com-facada-no-pescoco-em-central-de-minas","tag-morto-com-sete-tiros-em-timoteo","tag-morto-em-central-de-minas","tag-morto-em-coronel-fabriciano","tag-morto-em-governador-valadares","tag-morto-em-mutum","tag-morto-pela-pm-em-naque","tag-morto-pela-policia-em-naque","tag-morto-pela-policia-militar-em-naque","tag-mutum","tag-naque","tag-perpetuo-socorro","tag-policia-registra-sete-homicidios-no-leste-de-minas","tag-policia-registra-sete-homicidios-no-vale-do-rio-doce","tag-ricardo-augusto-da-silva","tag-timoteo","tag-violencia-em-governador-valadares"],"_links":{"self":[{"href":"https:\/\/aconteceunovale.com.br\/portal\/index.php?rest_route=\/wp\/v2\/posts\/157768","targetHints":{"allow":["GET"]}}],"collection":[{"href":"https:\/\/aconteceunovale.com.br\/portal\/index.php?rest_route=\/wp\/v2\/posts"}],"about":[{"href":"https:\/\/aconteceunovale.com.br\/portal\/index.php?rest_route=\/wp\/v2\/types\/post"}],"author":[{"embeddable":true,"href":"https:\/\/aconteceunovale.com.br\/portal\/index.php?rest_route=\/wp\/v2\/users\/1"}],"replies":[{"embeddable":true,"href":"https:\/\/aconteceunovale.com.br\/portal\/index.php?rest_route=%2Fwp%2Fv2%2Fcomments&post=157768"}],"version-history":[{"count":1,"href":"https:\/\/aconteceunovale.com.br\/portal\/index.php?rest_route=\/wp\/v2\/posts\/157768\/revisions"}],"predecessor-version":[{"id":157769,"href":"https:\/\/aconteceunovale.com.br\/portal\/index.php?rest_route=\/wp\/v2\/posts\/157768\/revisions\/157769"}],"wp:featuredmedia":[{"embeddable":true,"href":"https:\/\/aconteceunovale.com.br\/portal\/index.php?rest_route=\/wp\/v2\/media\/151866"}],"wp:attachment":[{"href":"https:\/\/aconteceunovale.com.br\/portal\/index.php?rest_route=%2Fwp%2Fv2%2Fmedia&parent=157768"}],"wp:term":[{"taxonomy":"category","embeddable":true,"href":"https:\/\/aconteceunovale.com.br\/portal\/index.php?rest_route=%2Fwp%2Fv2%2Fcategories&post=157768"},{"taxonomy":"post_tag","embeddable":true,"href":"https:\/\/aconteceunovale.com.br\/portal\/index.php?rest_route=%2Fwp%2Fv2%2Ftags&post=157768"}],"curies":[{"name":"wp","href":"https:\/\/api.w.org\/{rel}","templated":true}]}}