{"id":15762,"date":"2013-12-17T10:11:57","date_gmt":"2013-12-17T12:11:57","guid":{"rendered":"http:\/\/aconteceunovale.com.br\/portal\/?p=15762"},"modified":"2013-12-17T10:11:57","modified_gmt":"2013-12-17T12:11:57","slug":"capelinha-e-contemplada-com-caminhao-pipa-pa-carregadeira-e-r-375-mil-para-asfalto-e-contencao-de-enxurradas","status":"publish","type":"post","link":"https:\/\/aconteceunovale.com.br\/portal\/?p=15762","title":{"rendered":"Capelinha \u00e9 contemplada com caminh\u00e3o pipa, p\u00e1 carregadeira e R$ 375 mil para asfalto e conten\u00e7\u00e3o de enxurradas"},"content":{"rendered":"<p>O prefeito Zezinho da Vitalina participou nesta segunda-feira, 16 de dezembro, em Te\u00f3filo Otoni, de solenidade de an\u00fancio da libera\u00e7\u00e3o para Capelinha de um caminh\u00e3o pipa e uma p\u00e1 carregadeira pelo governo de Minas. O evento foi presidido pelo secret\u00e1rio de Estado de Desenvolvimento Regional e Pol\u00edtica Urbana, deputado Bilac Pinto, que anunciou o investimento de R$ 70 milh\u00f5es na aquisi\u00e7\u00e3o de caminh\u00f5es e m\u00e1quinas rodovi\u00e1rias atrav\u00e9s do Programa ProMunic\u00edpio, contemplando Capelinha e outros 109 munic\u00edpios mineiros.<\/p>\n<p>Al\u00e9m do caminh\u00e3o pipa e da p\u00e1 carregadeira, Capelinha tamb\u00e9m foi beneficiada com uma verba no valor de R$ 375 mil para investimentos na recupera\u00e7\u00e3o e pavimenta\u00e7\u00e3o asf\u00e1ltica da rua Deca Abrantes, al\u00e9m da conten\u00e7\u00e3o de parte das enxurradas que descem do bairro Piedade em dire\u00e7\u00e3o ao centro da cidade. O prefeito Zezinho da Vitalina disse que \u201cos benef\u00edcios chegam em boa hora, principalmente neste momento em que Capelinha vem sofrendo in\u00fameros estragos provocados pelas fortes chuvas que caem sobre a cidade e comunidades rurais nos \u00faltimos dias\u201d.<\/p>\n<p>Cidades da regi\u00e3o tamb\u00e9m foram beneficiadas com o programa.<\/p>\n<p>[+] SAIBA MAIS<br \/>\n<strong><a href=\"http:\/\/aconteceunovale.com.br\/portal\/?p=15680\" target=\"_blank\">ProMunic\u00edpio ir\u00e1 beneficiar 110 cidades do Norte de Minas e Vales do Jequitinhonha e Mucuri<\/a><\/strong><\/p>\n","protected":false},"excerpt":{"rendered":"<p>O prefeito Zezinho da Vitalina participou nesta segunda-feira, 16 de dezembro, em Te\u00f3filo Otoni, de solenidade de an\u00fancio da libera\u00e7\u00e3o para Capelinha de um caminh\u00e3o pipa e uma p\u00e1 carregadeira pelo governo de Minas. O evento foi presidido pelo secret\u00e1rio de Estado de Desenvolvimento Regional e Pol\u00edtica Urbana, deputado Bilac Pinto, que anunciou o investimento [&hellip;]<\/p>\n","protected":false},"author":1,"featured_media":15681,"comment_status":"open","ping_status":"closed","sticky":false,"template":"","format":"standard","meta":{"amp_status":"","footnotes":""},"categories":[120],"tags":[132,1837,1838],"class_list":["post-15762","post","type-post","status-publish","format-standard","has-post-thumbnail","hentry","category-jequi","tag-capelinha","tag-capelinha-no-vale-do-jequitinhonha-e-beneficiada-com-o-promunicipio","tag-chuvas-capelinha"],"_links":{"self":[{"href":"https:\/\/aconteceunovale.com.br\/portal\/index.php?rest_route=\/wp\/v2\/posts\/15762","targetHints":{"allow":["GET"]}}],"collection":[{"href":"https:\/\/aconteceunovale.com.br\/portal\/index.php?rest_route=\/wp\/v2\/posts"}],"about":[{"href":"https:\/\/aconteceunovale.com.br\/portal\/index.php?rest_route=\/wp\/v2\/types\/post"}],"author":[{"embeddable":true,"href":"https:\/\/aconteceunovale.com.br\/portal\/index.php?rest_route=\/wp\/v2\/users\/1"}],"replies":[{"embeddable":true,"href":"https:\/\/aconteceunovale.com.br\/portal\/index.php?rest_route=%2Fwp%2Fv2%2Fcomments&post=15762"}],"version-history":[{"count":0,"href":"https:\/\/aconteceunovale.com.br\/portal\/index.php?rest_route=\/wp\/v2\/posts\/15762\/revisions"}],"wp:featuredmedia":[{"embeddable":true,"href":"https:\/\/aconteceunovale.com.br\/portal\/index.php?rest_route=\/wp\/v2\/media\/15681"}],"wp:attachment":[{"href":"https:\/\/aconteceunovale.com.br\/portal\/index.php?rest_route=%2Fwp%2Fv2%2Fmedia&parent=15762"}],"wp:term":[{"taxonomy":"category","embeddable":true,"href":"https:\/\/aconteceunovale.com.br\/portal\/index.php?rest_route=%2Fwp%2Fv2%2Fcategories&post=15762"},{"taxonomy":"post_tag","embeddable":true,"href":"https:\/\/aconteceunovale.com.br\/portal\/index.php?rest_route=%2Fwp%2Fv2%2Ftags&post=15762"}],"curies":[{"name":"wp","href":"https:\/\/api.w.org\/{rel}","templated":true}]}}