{"id":157587,"date":"2020-01-16T18:49:50","date_gmt":"2020-01-16T21:49:50","guid":{"rendered":"http:\/\/aconteceunovale.com.br\/portal\/?p=157587"},"modified":"2020-01-16T18:50:37","modified_gmt":"2020-01-16T21:50:37","slug":"governador-de-minas-sanciona-lei-orcamentaria-para-2020","status":"publish","type":"post","link":"https:\/\/aconteceunovale.com.br\/portal\/?p=157587","title":{"rendered":"Governador de Minas sanciona Lei Or\u00e7ament\u00e1ria para 2020"},"content":{"rendered":"\n<p>O governador de Minas Gerais, Romeu Zema, sancionou a Lei Or\u00e7ament\u00e1ria Anual (LOA) para o exerc\u00edcio de 2020. A Lei 23.579\/20, que estima as receitas e fixa as despesas do Or\u00e7amento Fiscal do Estado e do Or\u00e7amento de Investimento das Empresas Controladas pelo Estado para o atual exerc\u00edcio, foi publicada na edi\u00e7\u00e3o do\u00a0<a rel=\"noreferrer noopener\" href=\"http:\/\/www.jornalminasgerais.mg.gov.br\/\" target=\"_blank\">Di\u00e1rio Oficial de Minas Gerais<\/a>\u00a0desta quinta-feira (16\/1).<\/p>\n\n\n\n<p>A receita para 2020 \u00e9 estimada em R$ 97,18 bilh\u00f5es, enquanto a despesa est\u00e1 fixada em R$ 110,47 bilh\u00f5es. Assim, o d\u00e9ficit previsto para 2020 \u00e9 de cerca de R$ 13,29 bilh\u00f5es.<\/p>\n\n\n\n<p>As receitas correntes somam R$ 92,9 bilh\u00f5es, com as dedu\u00e7\u00f5es correntes planejadas em R$ 9,9 bilh\u00f5es. J\u00e1 as receitas de capital s\u00e3o estimadas em R$ 471 milh\u00f5es. O Imposto sobre Circula\u00e7\u00e3o de Mercadorias e Servi\u00e7os (ICMS) tem a arrecada\u00e7\u00e3o estimada em R$ 53,1 bilh\u00f5es, 76,1% das Receitas de Impostos, Taxas e Contribui\u00e7\u00f5es de melhoria.<\/p>\n\n\n\n<p>Do valor da despesa total fixada para o exerc\u00edcio de 2020, R$ 101,8 bilh\u00f5es referem-se \u00e0s despesas correntes, R$ 8,03 bilh\u00f5es \u00e0s despesas de capital e R$ 639,6 milh\u00f5es \u00e0 reserva de conting\u00eancia.<\/p>\n\n\n\n<p>O grupo de despesa \u201cPessoal e Encargos Sociais\u201d representa 53,44% das Despesas Correntes. J\u00e1 as transfer\u00eancias constitucionais aos munic\u00edpios, os juros e encargos da d\u00edvida e as demais despesas correntes participam, respectivamente, com 16,39%, 4,65% e 25,52% das despesas correntes. Os investimentos est\u00e3o fixados em R$4,2 bilh\u00f5es.<\/p>\n\n\n\n<p><strong>PPAG<\/strong><\/p>\n\n\n\n<p>A Lei 23.578\/20, que institui o Plano Plurianual de A\u00e7\u00e3o Governamental (PPAG) 2020 \u2013 2023, tamb\u00e9m foi sancionada nesta quinta-feira (16\/1). O PPAG \u00e9 o planejamento de m\u00e9dio prazo da atua\u00e7\u00e3o do Governo de Minas Gerais, que define as a\u00e7\u00f5es e os programas dos \u00f3rg\u00e3os para os pr\u00f3ximos quatro anos, baseando-se nas \u00e1reas tem\u00e1ticas, diretrizes e objetivos estrat\u00e9gicos do Plano Mineiro de Desenvolvimento Integrado (PMDI).<\/p>\n\n\n\n<p>O PPAG 2020-2023 contempla uma carteira de 157 programas, distribu\u00eddos em 860 a\u00e7\u00f5es, que ser\u00e3o monitoradas e avaliadas regularmente.<\/p>\n\n\n\n<p><strong>PMDI<\/strong><\/p>\n\n\n\n<p>Tamb\u00e9m foi sancionada a Lei 23.577\/20, que atualiza o Plano Mineiro de Desenvolvimento Integrado (PMDI) para o per\u00edodo de 2019 a 2030. O PMDI \u00e9 o planejamento de longo prazo do governo, que consolida os princ\u00edpios, diretrizes e objetivos estrat\u00e9gicos para desenvolvimento do Estado.<\/p>\n\n\n\n<p>O instrumento define uma vis\u00e3o de futuro para 2030, que \u00e9 \u201corgulho de ser mineiro\u201d. Foram estabelecidos 31 indicadores e metas para os anos de 2022, 2026 e 2030. Por exemplo, at\u00e9 2022, uma das metas \u00e9 atrair R$ 150 bilh\u00f5es de investimentos e gerar 600 mil empregos em Minas Gerais.<\/p>\n\n\n\n<p>O PMDI tamb\u00e9m define quatro bandeiras: Governo eficiente e inovador a servi\u00e7o das pessoas; Governo focado em suas responsabilidades essenciais; Economia mineira como protagonista no desenvolvimento econ\u00f4mico e tecnol\u00f3gico; Governo com alto grau de investimento reconhecido pelas institui\u00e7\u00f5es de risco pela excel\u00eancia na gest\u00e3o fiscal sustent\u00e1vel. <\/p>\n\n\n\n<p class=\"has-text-color has-background has-very-light-gray-color has-very-dark-gray-background-color\">Quer saber as not\u00edcias do <strong>Aconteceu no Vale<\/strong> em primeira m\u00e3o? Siga-nos no Facebook <a rel=\"noreferrer noopener\" href=\"http:\/\/facebook.com\/aconteceunovale\" target=\"_blank\">@aconteceunovale<\/a>, Twitter <a rel=\"noreferrer noopener\" href=\"https:\/\/twitter.com\/noticiadosvales\" target=\"_blank\">@noticiadosvales<\/a> e Instagram <a rel=\"noreferrer noopener\" href=\"https:\/\/www.instagram.com\/aconteceunovale\" target=\"_blank\">@aconteceunovale<\/a>.<\/p>\n","protected":false},"excerpt":{"rendered":"<p>O governador de Minas Gerais, Romeu Zema, sancionou a Lei Or\u00e7ament\u00e1ria Anual (LOA) para o exerc\u00edcio de 2020. A Lei 23.579\/20, que estima as receitas e fixa as despesas do Or\u00e7amento Fiscal do Estado e do Or\u00e7amento de Investimento das Empresas Controladas pelo Estado para o atual exerc\u00edcio, foi publicada na edi\u00e7\u00e3o do\u00a0Di\u00e1rio Oficial de [&hellip;]<\/p>\n","protected":false},"author":1,"featured_media":157588,"comment_status":"open","ping_status":"closed","sticky":false,"template":"","format":"standard","meta":{"amp_status":"","footnotes":""},"categories":[123,40240],"tags":[1018,140695,214763,6546,214767,214764,214766,214765,61492,214768,178207],"class_list":["post-157587","post","type-post","status-publish","format-standard","has-post-thumbnail","hentry","category-gerais","category-politica-2","tag-destaque","tag-governador-de-minas","tag-governador-de-minas-sanciona-lei-orcamentaria-para-2020","tag-governo-de-minas","tag-lei-orcamentaria-2020-de-minas-grais","tag-lei-orcamentaria-de-minas-gerais","tag-loa-2020-de-minas-gerais","tag-loa-de-minas-gerais","tag-orcamento-de-minas-gerais","tag-ppag-2020-2023","tag-romeu-zema"],"_links":{"self":[{"href":"https:\/\/aconteceunovale.com.br\/portal\/index.php?rest_route=\/wp\/v2\/posts\/157587","targetHints":{"allow":["GET"]}}],"collection":[{"href":"https:\/\/aconteceunovale.com.br\/portal\/index.php?rest_route=\/wp\/v2\/posts"}],"about":[{"href":"https:\/\/aconteceunovale.com.br\/portal\/index.php?rest_route=\/wp\/v2\/types\/post"}],"author":[{"embeddable":true,"href":"https:\/\/aconteceunovale.com.br\/portal\/index.php?rest_route=\/wp\/v2\/users\/1"}],"replies":[{"embeddable":true,"href":"https:\/\/aconteceunovale.com.br\/portal\/index.php?rest_route=%2Fwp%2Fv2%2Fcomments&post=157587"}],"version-history":[{"count":1,"href":"https:\/\/aconteceunovale.com.br\/portal\/index.php?rest_route=\/wp\/v2\/posts\/157587\/revisions"}],"predecessor-version":[{"id":157589,"href":"https:\/\/aconteceunovale.com.br\/portal\/index.php?rest_route=\/wp\/v2\/posts\/157587\/revisions\/157589"}],"wp:featuredmedia":[{"embeddable":true,"href":"https:\/\/aconteceunovale.com.br\/portal\/index.php?rest_route=\/wp\/v2\/media\/157588"}],"wp:attachment":[{"href":"https:\/\/aconteceunovale.com.br\/portal\/index.php?rest_route=%2Fwp%2Fv2%2Fmedia&parent=157587"}],"wp:term":[{"taxonomy":"category","embeddable":true,"href":"https:\/\/aconteceunovale.com.br\/portal\/index.php?rest_route=%2Fwp%2Fv2%2Fcategories&post=157587"},{"taxonomy":"post_tag","embeddable":true,"href":"https:\/\/aconteceunovale.com.br\/portal\/index.php?rest_route=%2Fwp%2Fv2%2Ftags&post=157587"}],"curies":[{"name":"wp","href":"https:\/\/api.w.org\/{rel}","templated":true}]}}