{"id":157583,"date":"2020-01-16T18:28:09","date_gmt":"2020-01-16T21:28:09","guid":{"rendered":"http:\/\/aconteceunovale.com.br\/portal\/?p=157583"},"modified":"2020-01-16T18:29:12","modified_gmt":"2020-01-16T21:29:12","slug":"ministerio-publico-denuncia-prefeito-de-alpercata-por-uso-indevido-de-maquina-do-municipio","status":"publish","type":"post","link":"https:\/\/aconteceunovale.com.br\/portal\/?p=157583","title":{"rendered":"Minist\u00e9rio P\u00fablico denuncia prefeito de Alpercata por uso indevido de m\u00e1quina do munic\u00edpio"},"content":{"rendered":"\n<p>O Minist\u00e9rio P\u00fablico de minas Gerais (MPMG), por meio da Procuradoria de Justi\u00e7a de Combate aos Crimes Praticados por Agentes Pol\u00edticos Municipais, denunciou ao Tribunal de Justi\u00e7a de Minas Gerais o prefeito do munic\u00edpio de Alpercata, no Vale do Rio Doce, por uso indevido de uma motoniveladora da prefeitura em um terreno de sua propriedade.<\/p>\n\n\n\n<p>Segundo a den\u00fancia, o fato ocorreu em mar\u00e7o de 2015. A patrol motoniveladora foi usada para servi\u00e7os de terraplanagem em im\u00f3vel de sua propriedade, denominado \u201cChal\u00e9 do Valmir\u201d, localizado \u00e0s margens da BR-116, altura do km 430, situado no munic\u00edpio de Engenheiro Caldas.<\/p>\n\n\n\n<p>Vereadores do munic\u00edpio., ap\u00f3s diversas den\u00fancias sobre o uso indevido de maquin\u00e1rio da prefeitura no im\u00f3vel rural, tiveram acesso a fotografias comprovando o fato. Indagado sobre o ocorrido, o denunciado o negou de forma veemente, apenas reconhecendo possuir uma pequena propriedade de terra em Engenheiro Caldas. No entanto, uma per\u00edcia confirmou a veracidade das fotos apresentadas.<\/p>\n\n\n\n<p>A motoniveladora foi recebida por parte do Governo Federal em abril de 2014, juntamente com um caminh\u00e3o ca\u00e7amba. A investiga\u00e7\u00e3o demonstra o recebimento dos bens pelo denunciado, valendo acrescer que a patrol motoniveladora \u00e9 a \u00fanica existente na prefeitura. &nbsp;&nbsp;&nbsp; &nbsp;&nbsp;&nbsp; &nbsp;&nbsp;&nbsp;<\/p>\n\n\n\n<p>\u201cPortanto, n\u00e3o se sustenta a alega\u00e7\u00e3o feita pelo denunciado de que a m\u00e1quina foi recebida pelo ente p\u00fablico somente no ano de 2015. E mesmo se existisse imprecis\u00e3o quanto&nbsp;&nbsp; \u00e0 data do fato, o certo \u00e9 que o uso indevido ocorreu\u201d, afirma o procurador de Justi\u00e7a Cristovam Joaquim Filho, na a\u00e7\u00e3o.<\/p>\n\n\n\n<p>Caso condenado, o prefeito poder\u00e1 pegar de dois a 12 anos de reclus\u00e3o.<\/p>\n\n\n\n<p class=\"has-text-color has-background has-very-light-gray-color has-very-dark-gray-background-color\">Quer saber as not\u00edcias do <strong>Aconteceu no Vale<\/strong> em primeira m\u00e3o? Siga-nos no Facebook <a rel=\"noreferrer noopener\" href=\"http:\/\/facebook.com\/aconteceunovale\" target=\"_blank\">@aconteceunovale<\/a>, Twitter <a rel=\"noreferrer noopener\" href=\"https:\/\/twitter.com\/noticiadosvales\" target=\"_blank\">@noticiadosvales<\/a> e Instagram <a rel=\"noreferrer noopener\" href=\"https:\/\/www.instagram.com\/aconteceunovale\" target=\"_blank\">@aconteceunovale<\/a>. <\/p>\n","protected":false},"excerpt":{"rendered":"<p>O Minist\u00e9rio P\u00fablico de minas Gerais (MPMG), por meio da Procuradoria de Justi\u00e7a de Combate aos Crimes Praticados por Agentes Pol\u00edticos Municipais, denunciou ao Tribunal de Justi\u00e7a de Minas Gerais o prefeito do munic\u00edpio de Alpercata, no Vale do Rio Doce, por uso indevido de uma motoniveladora da prefeitura em um terreno de sua propriedade. [&hellip;]<\/p>\n","protected":false},"author":1,"featured_media":91895,"comment_status":"open","ping_status":"closed","sticky":false,"template":"","format":"standard","meta":{"amp_status":"","footnotes":""},"categories":[121,40240],"tags":[274,214761,288,19674,214760,19675,161526,214762],"class_list":["post-157583","post","type-post","status-publish","format-standard","has-post-thumbnail","hentry","category-leste","category-politica-2","tag-alpercata","tag-denuncia-contra-prefeito-de-alpercata","tag-engenheiro-caldas","tag-ministerio-publico-de-minas-gerais","tag-ministerio-publico-denuncia-prefeito-de-alpercata-por-uso-indevido-de-maquina-do-municipio","tag-mpmg","tag-prefeito-de-alpercata","tag-uso-indevido-de-uma-motoniveladora-da-prefeitura-de-alpercata"],"_links":{"self":[{"href":"https:\/\/aconteceunovale.com.br\/portal\/index.php?rest_route=\/wp\/v2\/posts\/157583","targetHints":{"allow":["GET"]}}],"collection":[{"href":"https:\/\/aconteceunovale.com.br\/portal\/index.php?rest_route=\/wp\/v2\/posts"}],"about":[{"href":"https:\/\/aconteceunovale.com.br\/portal\/index.php?rest_route=\/wp\/v2\/types\/post"}],"author":[{"embeddable":true,"href":"https:\/\/aconteceunovale.com.br\/portal\/index.php?rest_route=\/wp\/v2\/users\/1"}],"replies":[{"embeddable":true,"href":"https:\/\/aconteceunovale.com.br\/portal\/index.php?rest_route=%2Fwp%2Fv2%2Fcomments&post=157583"}],"version-history":[{"count":1,"href":"https:\/\/aconteceunovale.com.br\/portal\/index.php?rest_route=\/wp\/v2\/posts\/157583\/revisions"}],"predecessor-version":[{"id":157584,"href":"https:\/\/aconteceunovale.com.br\/portal\/index.php?rest_route=\/wp\/v2\/posts\/157583\/revisions\/157584"}],"wp:featuredmedia":[{"embeddable":true,"href":"https:\/\/aconteceunovale.com.br\/portal\/index.php?rest_route=\/wp\/v2\/media\/91895"}],"wp:attachment":[{"href":"https:\/\/aconteceunovale.com.br\/portal\/index.php?rest_route=%2Fwp%2Fv2%2Fmedia&parent=157583"}],"wp:term":[{"taxonomy":"category","embeddable":true,"href":"https:\/\/aconteceunovale.com.br\/portal\/index.php?rest_route=%2Fwp%2Fv2%2Fcategories&post=157583"},{"taxonomy":"post_tag","embeddable":true,"href":"https:\/\/aconteceunovale.com.br\/portal\/index.php?rest_route=%2Fwp%2Fv2%2Ftags&post=157583"}],"curies":[{"name":"wp","href":"https:\/\/api.w.org\/{rel}","templated":true}]}}