{"id":157480,"date":"2020-01-14T19:23:00","date_gmt":"2020-01-14T22:23:00","guid":{"rendered":"http:\/\/aconteceunovale.com.br\/portal\/?p=157480"},"modified":"2020-01-14T19:25:34","modified_gmt":"2020-01-14T22:25:34","slug":"vila-mineira-esta-entre-os-dez-destinos-mais-aconchegantes-do-mundo","status":"publish","type":"post","link":"https:\/\/aconteceunovale.com.br\/portal\/?p=157480","title":{"rendered":"Vila mineira est\u00e1 entre os dez destinos mais aconchegantes do mundo"},"content":{"rendered":"\n<p>Imagine um destino com caracter\u00edsticas parecidas com as de Campos do Jord\u00e3o, em S\u00e3o Paulo, ou \u00e0s famosas cidades su\u00ed\u00e7as, s\u00f3 que em Minas Gerais. Assim \u00e9 Monte Verde, distrito de Camanducaia, na regi\u00e3o Sul do estado. Localizada a 484 quil\u00f4metros da capital Belo Horizonte, a vila est\u00e1 a mais de 1,5 mil metros de altitude, em plena Serra da Mantiqueira.&nbsp;<\/p>\n\n\n\n<p>Fundada por imigrantes let\u00f5es em 1938, Monte Verde se tornou famosa pelos atrativos naturais, pela arquitetura inspirada em vilas europeias, pelo frio: l\u00e1, mesmo durante o ver\u00e3o a temperatura n\u00e3o chega aos 25\u00ba C e, nos \u00a0meses mais frios (junho e julho), n\u00e3o ultrapassa os 5\u00ba C, com registro de temperaturas negativas, geadas e at\u00e9 epis\u00f3dios de neve durante a madrugada e o come\u00e7o da manh\u00e3.\u00a0<\/p>\n\n\n\n<figure class=\"wp-block-image size-large\"><img loading=\"lazy\" decoding=\"async\" width=\"678\" height=\"450\" src=\"http:\/\/aconteceunovale.com.br\/portal\/wp-content\/uploads\/2020\/01\/monte_verde_1.jpg\" alt=\"\" class=\"wp-image-157481\" srcset=\"https:\/\/aconteceunovale.com.br\/portal\/wp-content\/uploads\/2020\/01\/monte_verde_1.jpg 678w, https:\/\/aconteceunovale.com.br\/portal\/wp-content\/uploads\/2020\/01\/monte_verde_1-300x199.jpg 300w, https:\/\/aconteceunovale.com.br\/portal\/wp-content\/uploads\/2020\/01\/monte_verde_1-633x420.jpg 633w\" sizes=\"auto, (max-width: 678px) 100vw, 678px\" \/><figcaption><em> Foto: Ricardo Cozo \/ Secult<\/em><\/figcaption><\/figure>\n\n\n\n<p><strong>Voca\u00e7\u00e3o tur\u00edstica<\/strong><\/p>\n\n\n\n<p>N\u00e3o por acaso, a vila adotou voca\u00e7\u00e3o tur\u00edstica, com a cria\u00e7\u00e3o de programas e passeios que exploram cen\u00e1rios de tirar o f\u00f4lego e atrativos naturais, um sofisticado parque hoteleiro (que inclui desde pequenas e charmosas pousadas at\u00e9 spas de alto luxo) e gastronomia de qualidade.<\/p>\n\n\n\n<p>A Secretaria de Turismo de Camanducaia informa que a vila recebe, em m\u00e9dia,&nbsp;300 mil visitantes&nbsp;por ano. A secret\u00e1ria municipal, Carolina Cerrato, destaca que os&nbsp;meses de mais movimento&nbsp;ainda s\u00e3o os de inverno (fim de maio, junho, julho e come\u00e7o de agosto).&nbsp;Mas&nbsp;lembra que&nbsp;o Natal tamb\u00e9m tem atra\u00eddo p\u00fablico significativo.<\/p>\n\n\n\n<p>Cerrato afirma que as visitas aos atrativos Pedra Redonda, Chap\u00e9u do Bispo, Plat\u00f4, Pedra Partida, Pico do Selado,&nbsp;passeios de quadriciclos, a cavalo, al\u00e9m de&nbsp;trilhas, cachoeiras e a gastronomia local, famosa pelo fondue e pelas trutas da regi\u00e3o,&nbsp;s\u00e3o&nbsp;programas imperd\u00edveis.<\/p>\n\n\n\n<p>Al\u00e9m das baixas temperaturas, ela ressalta atrativos relacionados ao&nbsp;turismo de charme, rom\u00e2ntico, de lazer, bem-estar, natureza, ecoturismo e gastron\u00f4mico. &#8220;Monte Verde \u00e9 um destino encantador n\u00e3o s\u00f3 pelas suas belezas naturais, ou seu romantismo,&nbsp;aqui h\u00e1 uma ess\u00eancia, uma energia&nbsp;que poucos lugares no mundo possuem. A beleza de Monte Verde n\u00e3o \u00e9 s\u00f3 vis\u00edvel aos olhos, \u00e9 sensorial em outros sentidos&#8221;, descreve.<\/p>\n\n\n\n<p>A secret\u00e1ria informa que, fora da alta temporada, as di\u00e1rias custam, em m\u00e9dia, de\u00a0R$ 250 a R$ 300, valor que salta de\u00a0R$ 400 a R$ 600 na alta.<\/p>\n\n\n\n<figure class=\"wp-block-image size-large\"><img loading=\"lazy\" decoding=\"async\" width=\"659\" height=\"450\" src=\"http:\/\/aconteceunovale.com.br\/portal\/wp-content\/uploads\/2020\/01\/monte_verde_2.jpeg\" alt=\"\" class=\"wp-image-157482\" srcset=\"https:\/\/aconteceunovale.com.br\/portal\/wp-content\/uploads\/2020\/01\/monte_verde_2.jpeg 659w, https:\/\/aconteceunovale.com.br\/portal\/wp-content\/uploads\/2020\/01\/monte_verde_2-300x205.jpeg 300w, https:\/\/aconteceunovale.com.br\/portal\/wp-content\/uploads\/2020\/01\/monte_verde_2-218x150.jpeg 218w, https:\/\/aconteceunovale.com.br\/portal\/wp-content\/uploads\/2020\/01\/monte_verde_2-615x420.jpeg 615w\" sizes=\"auto, (max-width: 659px) 100vw, 659px\" \/><figcaption><em>Foto: Tom Andrade \/ Divulga\u00e7\u00e3o <\/em><\/figcaption><\/figure>\n\n\n\n<p><strong>Pr\u00eamio<\/strong><\/p>\n\n\n\n<p>Esta semana, Monte Verde ganha fama internacional ao ser eleita pelo Booking.com (site tur\u00edstico) na lista dos dez destinos mais acolhedores do mundo. Na sele\u00e7\u00e3o, realizada com base nas experi\u00eancias de viajantes do mundo inteiro, o distrito \u00e9 o \u00fanico destino brasileiro contemplado.<\/p>\n\n\n\n<p>Com a indica\u00e7\u00e3o, a vila mineira passa a fazer parte do Traveller Review Awards 2020, pr\u00eamio anual da Booking.com que homenageia os parceiros de acomoda\u00e7\u00e3o. Al\u00e9m de Minas Gerais\/Brasil, a premia\u00e7\u00e3o contemplou destinos na Alemanha, Irlanda, It\u00e1lia e em Taiwan, entre outros pa\u00edses (veja a lista completa no p\u00e9 da p\u00e1gina).<\/p>\n\n\n\n<p>&#8220;Recebemos a not\u00edcia da premia\u00e7\u00e3o de&nbsp;nossa Associa\u00e7\u00e3o de Hot\u00e9is e Pousadas de Monte Verde (AHPMV) e ficamos todos muito felizes pois este \u00e9 o resultado de um trabalho \u00e1rduo e de muita dedica\u00e7\u00e3o de todos que aqui vivem e trabalham diariamente para desenvolver e fomentar o turismo, de forma sustent\u00e1vel e organizada&#8221;, comemorou a secret\u00e1ria. &#8220;Quer ser bem recebido? Se sentir em casa? N\u00f3s podemos dizer que estamos entre os 10 destinos mais acolhedores do mundo!&nbsp;Venham!&#8221;, convida.&nbsp;<\/p>\n\n\n\n<p>Para saber mais sobre Monte Verde, consulte o site da prefeitura de Camanducaia<a href=\"http:\/\/www.camanducaia.mg.gov.br\/\" target=\"_blank\" rel=\"noreferrer noopener\">&nbsp;aqui<\/a>. &nbsp;<\/p>\n\n\n\n<p><strong>Conhe\u00e7a os dez destinos mais aconchegantes do mundo:<\/strong>\u00a0<\/p>\n\n\n\n<ol class=\"wp-block-list\"><li>Goreme (Turquia)<\/li><li>Tatranska Lomnica (Eslov\u00e1quia)<\/li><li>Phong Nha (Vietn\u00e3)<\/li><li>Kobarid (Eslov\u00eania)<\/li><li>Cochem (Alemanha)<\/li><li>Doolin (Irlanda)<\/li><li>Taitung City (Taiwan)<\/li><li>Schenna (It\u00e1lia)<\/li><li>Monte Verde (Brasil)<\/li><li>Lake Tekapo (Nova Zel\u00e2ndia)<\/li><\/ol>\n\n\n\n<p class=\"has-text-color has-background has-very-light-gray-color has-very-dark-gray-background-color\">Quer saber as not\u00edcias do <strong>Aconteceu no Vale<\/strong> em primeira m\u00e3o? Siga-nos no Facebook <a rel=\"noreferrer noopener\" href=\"http:\/\/facebook.com\/aconteceunovale\" target=\"_blank\">@aconteceunovale<\/a>, Twitter <a rel=\"noreferrer noopener\" href=\"https:\/\/twitter.com\/noticiadosvales\" target=\"_blank\">@noticiadosvales<\/a> e Instagram <a rel=\"noreferrer noopener\" href=\"https:\/\/www.instagram.com\/aconteceunovale\" target=\"_blank\">@aconteceunovale<\/a>.<\/p>\n","protected":false},"excerpt":{"rendered":"<p>Imagine um destino com caracter\u00edsticas parecidas com as de Campos do Jord\u00e3o, em S\u00e3o Paulo, ou \u00e0s famosas cidades su\u00ed\u00e7as, s\u00f3 que em Minas Gerais. Assim \u00e9 Monte Verde, distrito de Camanducaia, na regi\u00e3o Sul do estado. Localizada a 484 quil\u00f4metros da capital Belo Horizonte, a vila est\u00e1 a mais de 1,5 mil metros de [&hellip;]<\/p>\n","protected":false},"author":1,"featured_media":157481,"comment_status":"open","ping_status":"closed","sticky":false,"template":"","format":"standard","meta":{"amp_status":"","footnotes":""},"categories":[6,123,28848],"tags":[214615,214603,22396,214604,1543,91135,214600,214609,1018,214616,214614,214610,98798,98797,214605,98790,18920,214608,214613,51410,214595,101924,214598,214601,214607,70168,214599,214612,29294,152864,214611,32318,214606,214602,46271,136997,214596,214594],"class_list":["post-157480","post","type-post","status-publish","format-standard","has-post-thumbnail","hentry","category-br","category-gerais","category-mundo","tag-10-destinos-mais-aconchegantes-do-mundo","tag-ahpmv","tag-alemanha","tag-associacao-de-hoteis-e-pousadas-de-monte-verde","tag-camanducaia","tag-campos-do-jordao","tag-chapeu-do-bispo","tag-cochem","tag-destaque","tag-destinos-mais-aconchegantes-do-mundo","tag-dez-destinos-mais-aconchegantes-do-mundo","tag-doolin","tag-eslovaquia","tag-eslovenia","tag-goreme","tag-irlanda","tag-italia","tag-kobarid","tag-lake-tekapo","tag-monte-verde","tag-monte-verde-esta-entre-os-dez-destinos-mais-aconchegantes-do-mundo","tag-nova-zelandia","tag-pedra-partida","tag-pedra-redonda","tag-phong-nha","tag-pico-do-selado","tag-plato","tag-schenna","tag-serra-da-mantiqueira","tag-suica-mineira","tag-taitung-city","tag-taiwan","tag-tatranska-lomnica","tag-traveller-review-awards-2020","tag-turquia","tag-vietna","tag-vila-da-serra-da-mantiqueira-esta-entre-os-dez-destinos-mais-aconchegantes-do-mundo","tag-vila-mineira-esta-entre-os-dez-destinos-mais-aconchegantes-do-mundo"],"_links":{"self":[{"href":"https:\/\/aconteceunovale.com.br\/portal\/index.php?rest_route=\/wp\/v2\/posts\/157480","targetHints":{"allow":["GET"]}}],"collection":[{"href":"https:\/\/aconteceunovale.com.br\/portal\/index.php?rest_route=\/wp\/v2\/posts"}],"about":[{"href":"https:\/\/aconteceunovale.com.br\/portal\/index.php?rest_route=\/wp\/v2\/types\/post"}],"author":[{"embeddable":true,"href":"https:\/\/aconteceunovale.com.br\/portal\/index.php?rest_route=\/wp\/v2\/users\/1"}],"replies":[{"embeddable":true,"href":"https:\/\/aconteceunovale.com.br\/portal\/index.php?rest_route=%2Fwp%2Fv2%2Fcomments&post=157480"}],"version-history":[{"count":1,"href":"https:\/\/aconteceunovale.com.br\/portal\/index.php?rest_route=\/wp\/v2\/posts\/157480\/revisions"}],"predecessor-version":[{"id":157483,"href":"https:\/\/aconteceunovale.com.br\/portal\/index.php?rest_route=\/wp\/v2\/posts\/157480\/revisions\/157483"}],"wp:featuredmedia":[{"embeddable":true,"href":"https:\/\/aconteceunovale.com.br\/portal\/index.php?rest_route=\/wp\/v2\/media\/157481"}],"wp:attachment":[{"href":"https:\/\/aconteceunovale.com.br\/portal\/index.php?rest_route=%2Fwp%2Fv2%2Fmedia&parent=157480"}],"wp:term":[{"taxonomy":"category","embeddable":true,"href":"https:\/\/aconteceunovale.com.br\/portal\/index.php?rest_route=%2Fwp%2Fv2%2Fcategories&post=157480"},{"taxonomy":"post_tag","embeddable":true,"href":"https:\/\/aconteceunovale.com.br\/portal\/index.php?rest_route=%2Fwp%2Fv2%2Ftags&post=157480"}],"curies":[{"name":"wp","href":"https:\/\/api.w.org\/{rel}","templated":true}]}}