{"id":157470,"date":"2020-01-14T17:29:23","date_gmt":"2020-01-14T20:29:23","guid":{"rendered":"http:\/\/aconteceunovale.com.br\/portal\/?p=157470"},"modified":"2020-01-14T17:31:46","modified_gmt":"2020-01-14T20:31:46","slug":"familia-morta-em-acidente-no-vale-do-jequitinhonha-e-enterrada-em-paulinia","status":"publish","type":"post","link":"https:\/\/aconteceunovale.com.br\/portal\/?p=157470","title":{"rendered":"Fam\u00edlia morta em acidente no Vale do Jequitinhonha \u00e9 enterrada em Paul\u00ednia"},"content":{"rendered":"\n<p>As cinco pessoas da mesma fam\u00edlia, que morreram ap\u00f3s um\nacidente na madrugada de domingo (12\/01\/2020) na BR-116, em Itaobim, no Vale do\nJequitinhonha, foram enterradas na manh\u00e3 desta ter\u00e7a-feira (14\/01) em Paul\u00ednia\n(SP). Os corpos de pai, m\u00e3e e tr\u00eas filhas seguiram em cortejo do Cemit\u00e9rio Jo\u00e3o\nRodrigues at\u00e9 o Parque das Palmeiras. N\u00e3o houve vel\u00f3rio e os caix\u00f5es estavam lacrados.<\/p>\n\n\n\n<p>Antes dos sepultamentos, familiares e amigos fizeram uma\nora\u00e7\u00e3o e se despediram das v\u00edtimas. Os caix\u00f5es foram enterrados um seguido do\noutro, sob forte como\u00e7\u00e3o de todos os presentes. A fam\u00edlia morava no bairro Bom\nRetiro, tinha uma mercearia e havia viajado a Mana\u00edra (PB) para passar as\nfestas de Natal e Ano Novo.<\/p>\n\n\n\n<p>O acidente aconteceu na viagem de volta. Segundo a Pol\u00edcia\nRodovi\u00e1ria Federal, o carro em que as v\u00edtimas estavam invadiu a contram\u00e3o e\nbateu de frente com um caminh\u00e3o. A suspeita \u00e9 de que a motorista dormiu ao\nvolante.<\/p>\n\n\n\n<p>\u00c9rika Cristina de Ara\u00fajo (condutora), de 38 anos, Afonso da Silva Gomes, de 48, e Luiza Cristina de Ara\u00fajo Gomes, de 11, morreram no local. As outras duas filhas, Izabela Caroline Ara\u00fajo Gomes, de 18, e Maria Eduarda Gomes Ara\u00fajo, de 15, foram socorridas ao Hospital Vale do Jequitinhonha, em Itaobim, mas n\u00e3o resistiram aos ferimentos.<\/p>\n\n\n\n<figure class=\"wp-block-image size-large\"><img loading=\"lazy\" decoding=\"async\" width=\"675\" height=\"450\" src=\"http:\/\/aconteceunovale.com.br\/portal\/wp-content\/uploads\/2020\/01\/tragedia_familia.jpg\" alt=\"\" class=\"wp-image-157377\" srcset=\"https:\/\/aconteceunovale.com.br\/portal\/wp-content\/uploads\/2020\/01\/tragedia_familia.jpg 675w, https:\/\/aconteceunovale.com.br\/portal\/wp-content\/uploads\/2020\/01\/tragedia_familia-300x200.jpg 300w, https:\/\/aconteceunovale.com.br\/portal\/wp-content\/uploads\/2020\/01\/tragedia_familia-630x420.jpg 630w\" sizes=\"auto, (max-width: 675px) 100vw, 675px\" \/><figcaption><em> Fam\u00edlia morreu ap\u00f3s acidente na BR-116. Na ordem: \u00c9rika, Luiza, Izabela, Afonso e Maria Eduarda &#8211; Foto: Arquivo da Fam\u00edlia<\/em><\/figcaption><\/figure>\n\n\n\n<figure class=\"wp-block-image size-large\"><img loading=\"lazy\" decoding=\"async\" width=\"678\" height=\"330\" src=\"http:\/\/aconteceunovale.com.br\/portal\/wp-content\/uploads\/2020\/01\/enterrados_paulinia.jpeg\" alt=\"\" class=\"wp-image-157471\" srcset=\"https:\/\/aconteceunovale.com.br\/portal\/wp-content\/uploads\/2020\/01\/enterrados_paulinia.jpeg 678w, https:\/\/aconteceunovale.com.br\/portal\/wp-content\/uploads\/2020\/01\/enterrados_paulinia-300x146.jpeg 300w\" sizes=\"auto, (max-width: 678px) 100vw, 678px\" \/><figcaption><em>Cinco pessoas da mesma fam\u00edlia foram enterradas em Paul\u00ednia &#8211; Foto: Arthur Menicucci\/G1<\/em><\/figcaption><\/figure>\n\n\n\n<p class=\"has-text-color has-background has-very-light-gray-color has-very-dark-gray-background-color\">Quer saber as not\u00edcias do <strong>Aconteceu no Vale<\/strong> em primeira m\u00e3o? Siga-nos no Facebook <a rel=\"noreferrer noopener\" href=\"http:\/\/facebook.com\/aconteceunovale\" target=\"_blank\">@aconteceunovale<\/a>, Twitter <a rel=\"noreferrer noopener\" href=\"https:\/\/twitter.com\/noticiadosvales\" target=\"_blank\">@noticiadosvales<\/a> e Instagram <a rel=\"noreferrer noopener\" href=\"https:\/\/www.instagram.com\/aconteceunovale\" target=\"_blank\">@aconteceunovale<\/a>.<\/p>\n","protected":false},"excerpt":{"rendered":"<p>As cinco pessoas da mesma fam\u00edlia, que morreram ap\u00f3s um acidente na madrugada de domingo (12\/01\/2020) na BR-116, em Itaobim, no Vale do Jequitinhonha, foram enterradas na manh\u00e3 desta ter\u00e7a-feira (14\/01) em Paul\u00ednia (SP). Os corpos de pai, m\u00e3e e tr\u00eas filhas seguiram em cortejo do Cemit\u00e9rio Jo\u00e3o Rodrigues at\u00e9 o Parque das Palmeiras. N\u00e3o [&hellip;]<\/p>\n","protected":false},"author":1,"featured_media":157377,"comment_status":"open","ping_status":"closed","sticky":false,"template":"","format":"standard","meta":{"amp_status":"","footnotes":""},"categories":[6,120],"tags":[214380,214377,214452,214456,214457,214453,47353,214378,106299,8703,214382,182,1018,214381,214458,214577,214578,391,214384,214383,214454,214385,214448,214451,214374,214373,214375,164,214450,214455,214376,93350,214449],"class_list":["post-157470","post","type-post","status-publish","format-standard","has-post-thumbnail","hentry","category-br","category-jequi","tag-acidente-com-carro-da-paraiba-em-itaobim","tag-acidente-com-carro-da-paraiba-na-br-116","tag-acidente-com-familia-de-paulinia","tag-acidente-com-filho-de-manaira","tag-acidente-com-morador-de-manaira","tag-acidente-com-moradores-de-paulinia","tag-acidente-em-itaobim","tag-acidente-entre-carro-e-caminhao-em-itaobim","tag-acidente-na-br-116-em-itaobim","tag-acidente-perto-de-itaobim","tag-afonso-da-silva-gomes","tag-br-116","tag-destaque","tag-erika-cristina-araujo","tag-familia-inteira-morre-em-acidente-na-br-116","tag-familia-morta-em-acidente-em-itaobim-e-enterrada-no-interior-de-sao-paulo","tag-familia-morta-em-acidente-no-vale-do-jequitinhonha-e-enterrada-em-paulinia","tag-itaobim","tag-izabela-caroline-araujo-gomes","tag-luiza-cristina-araujo-gomes","tag-manaira","tag-maria-eduarda-araujo-gomes","tag-morre-quinta-vitima-de-acidente-na-br-116","tag-morte-de-familia-de-paulinia","tag-quatro-pessoas-da-mesma-familia-morrem-em-acidente-na-br-116","tag-quatro-pessoas-da-mesma-familia-morrem-em-acidente-na-br-116-em-itaobim","tag-quatro-pessoas-da-mesma-familia-morrem-em-acidente-na-br-116-no-vale-do-jequitinhonha","tag-teofilo-otoni","tag-tragedia-com-familia-de-paulinia","tag-tragedia-com-filho-de-manaira","tag-tragedia-em-itaobim","tag-tragedia-na-br-116","tag-tragedia-na-br-116-em-itaobim-familia-de-paulinia"],"_links":{"self":[{"href":"https:\/\/aconteceunovale.com.br\/portal\/index.php?rest_route=\/wp\/v2\/posts\/157470","targetHints":{"allow":["GET"]}}],"collection":[{"href":"https:\/\/aconteceunovale.com.br\/portal\/index.php?rest_route=\/wp\/v2\/posts"}],"about":[{"href":"https:\/\/aconteceunovale.com.br\/portal\/index.php?rest_route=\/wp\/v2\/types\/post"}],"author":[{"embeddable":true,"href":"https:\/\/aconteceunovale.com.br\/portal\/index.php?rest_route=\/wp\/v2\/users\/1"}],"replies":[{"embeddable":true,"href":"https:\/\/aconteceunovale.com.br\/portal\/index.php?rest_route=%2Fwp%2Fv2%2Fcomments&post=157470"}],"version-history":[{"count":1,"href":"https:\/\/aconteceunovale.com.br\/portal\/index.php?rest_route=\/wp\/v2\/posts\/157470\/revisions"}],"predecessor-version":[{"id":157472,"href":"https:\/\/aconteceunovale.com.br\/portal\/index.php?rest_route=\/wp\/v2\/posts\/157470\/revisions\/157472"}],"wp:featuredmedia":[{"embeddable":true,"href":"https:\/\/aconteceunovale.com.br\/portal\/index.php?rest_route=\/wp\/v2\/media\/157377"}],"wp:attachment":[{"href":"https:\/\/aconteceunovale.com.br\/portal\/index.php?rest_route=%2Fwp%2Fv2%2Fmedia&parent=157470"}],"wp:term":[{"taxonomy":"category","embeddable":true,"href":"https:\/\/aconteceunovale.com.br\/portal\/index.php?rest_route=%2Fwp%2Fv2%2Fcategories&post=157470"},{"taxonomy":"post_tag","embeddable":true,"href":"https:\/\/aconteceunovale.com.br\/portal\/index.php?rest_route=%2Fwp%2Fv2%2Ftags&post=157470"}],"curies":[{"name":"wp","href":"https:\/\/api.w.org\/{rel}","templated":true}]}}