{"id":157464,"date":"2020-01-14T17:00:11","date_gmt":"2020-01-14T20:00:11","guid":{"rendered":"http:\/\/aconteceunovale.com.br\/portal\/?p=157464"},"modified":"2020-01-14T21:29:16","modified_gmt":"2020-01-15T00:29:16","slug":"adolescente-e-assassinado-em-coronel-fabriciano","status":"publish","type":"post","link":"https:\/\/aconteceunovale.com.br\/portal\/?p=157464","title":{"rendered":"Adolescente \u00e9 assassinado em Coronel Fabriciano"},"content":{"rendered":"\n<p>Um adolescente de 15 anos morreu ap\u00f3s ser baleado no Bairro\nSanta Cruz, em Coronel Fabriciano (MG), na tarde de segunda-feira (13\/01\/2020).\nSegundo informa\u00e7\u00f5es da Pol\u00edcia Militar (PM), Samuel Rodrigues Ferreira foi\nperseguido e atingido por tiro na Rua Austr\u00e1lia. A v\u00edtima foi socorrida pelo\nCorpo de Bombeiros e encaminhada ao Hospital Doutor Jos\u00e9 Maria Morais, mas n\u00e3o\nresistiu.<\/p>\n\n\n\n<p>O suspeito do crime, segundo a PM, fugiu do local na garupa\nde motocicleta. Uma equipe policial deparou com os dois indiv\u00edduos em alta\nvelocidade pela contram\u00e3o de dire\u00e7\u00e3o e, para evitar uma colis\u00e3o, o condutor da\nviatura tentou desviar e acabou batendo contra o meio-fio e o toco de uma\n\u00e1rvore.<\/p>\n\n\n\n<p>Com o impacto, o para-choque dianteiro da viatura foi\ndanificado. Os militares n\u00e3o sofreram ferimentos.<\/p>\n\n\n\n<p>Os dois suspeitos, de 16 e 21 anos, foram localizados durante\nrastreamentos da PM. Dois ve\u00edculos roubados, sendo um deles a moto usada no\ncrime, duas armas e muni\u00e7\u00f5es foram apreendidos com a dupla.<\/p>\n\n\n\n<p>A dupla detida e os materiais apreendidos foram encaminhados para a Delegacia de Pol\u00edcia Civil. O caso ser\u00e1 investigado.<\/p>\n\n\n\n<figure class=\"wp-block-image size-large is-resized\"><img loading=\"lazy\" decoding=\"async\" src=\"http:\/\/aconteceunovale.com.br\/portal\/wp-content\/uploads\/2020\/01\/homicidio_fabriciano.jpeg\" alt=\"\" class=\"wp-image-157495\" width=\"696\" height=\"481\" srcset=\"https:\/\/aconteceunovale.com.br\/portal\/wp-content\/uploads\/2020\/01\/homicidio_fabriciano.jpeg 650w, https:\/\/aconteceunovale.com.br\/portal\/wp-content\/uploads\/2020\/01\/homicidio_fabriciano-300x208.jpeg 300w, https:\/\/aconteceunovale.com.br\/portal\/wp-content\/uploads\/2020\/01\/homicidio_fabriciano-100x70.jpeg 100w, https:\/\/aconteceunovale.com.br\/portal\/wp-content\/uploads\/2020\/01\/homicidio_fabriciano-218x150.jpeg 218w, https:\/\/aconteceunovale.com.br\/portal\/wp-content\/uploads\/2020\/01\/homicidio_fabriciano-607x420.jpeg 607w\" sizes=\"auto, (max-width: 696px) 100vw, 696px\" \/><figcaption><em> Foto: Divulga\u00e7\u00e3o \/ Pol\u00edcia Militar <\/em><\/figcaption><\/figure>\n\n\n\n<p class=\"has-text-color has-background has-very-light-gray-color has-very-dark-gray-background-color\">Quer saber as not\u00edcias do <strong>Aconteceu no Vale<\/strong> em primeira m\u00e3o? Siga-nos no Facebook <a rel=\"noreferrer noopener\" href=\"http:\/\/facebook.com\/aconteceunovale\" target=\"_blank\">@aconteceunovale<\/a>, Twitter <a rel=\"noreferrer noopener\" href=\"https:\/\/twitter.com\/noticiadosvales\" target=\"_blank\">@noticiadosvales<\/a> e Instagram <a rel=\"noreferrer noopener\" href=\"https:\/\/www.instagram.com\/aconteceunovale\" target=\"_blank\">@aconteceunovale<\/a>.<\/p>\n","protected":false},"excerpt":{"rendered":"<p>Um adolescente de 15 anos morreu ap\u00f3s ser baleado no Bairro Santa Cruz, em Coronel Fabriciano (MG), na tarde de segunda-feira (13\/01\/2020). Segundo informa\u00e7\u00f5es da Pol\u00edcia Militar (PM), Samuel Rodrigues Ferreira foi perseguido e atingido por tiro na Rua Austr\u00e1lia. A v\u00edtima foi socorrida pelo Corpo de Bombeiros e encaminhada ao Hospital Doutor Jos\u00e9 Maria [&hellip;]<\/p>\n","protected":false},"author":1,"featured_media":157495,"comment_status":"open","ping_status":"closed","sticky":false,"template":"","format":"standard","meta":{"amp_status":"","footnotes":""},"categories":[121],"tags":[214566,49176,214568,1524,214567,34758,34759,49177,214569],"class_list":["post-157464","post","type-post","status-publish","format-standard","has-post-thumbnail","hentry","category-leste","tag-adolescente-e-assassinado-em-coronel-fabriciano","tag-assassinado-em-coronel-fabriciano","tag-caladao","tag-coronel-fabriciano","tag-gangue-do-caladao","tag-homicidio-em-coronel-fabriciano","tag-morte-em-coronel-fabriciano","tag-morto-em-coronel-fabriciano","tag-samuel-rodrigues-ferreira"],"_links":{"self":[{"href":"https:\/\/aconteceunovale.com.br\/portal\/index.php?rest_route=\/wp\/v2\/posts\/157464","targetHints":{"allow":["GET"]}}],"collection":[{"href":"https:\/\/aconteceunovale.com.br\/portal\/index.php?rest_route=\/wp\/v2\/posts"}],"about":[{"href":"https:\/\/aconteceunovale.com.br\/portal\/index.php?rest_route=\/wp\/v2\/types\/post"}],"author":[{"embeddable":true,"href":"https:\/\/aconteceunovale.com.br\/portal\/index.php?rest_route=\/wp\/v2\/users\/1"}],"replies":[{"embeddable":true,"href":"https:\/\/aconteceunovale.com.br\/portal\/index.php?rest_route=%2Fwp%2Fv2%2Fcomments&post=157464"}],"version-history":[{"count":2,"href":"https:\/\/aconteceunovale.com.br\/portal\/index.php?rest_route=\/wp\/v2\/posts\/157464\/revisions"}],"predecessor-version":[{"id":157496,"href":"https:\/\/aconteceunovale.com.br\/portal\/index.php?rest_route=\/wp\/v2\/posts\/157464\/revisions\/157496"}],"wp:featuredmedia":[{"embeddable":true,"href":"https:\/\/aconteceunovale.com.br\/portal\/index.php?rest_route=\/wp\/v2\/media\/157495"}],"wp:attachment":[{"href":"https:\/\/aconteceunovale.com.br\/portal\/index.php?rest_route=%2Fwp%2Fv2%2Fmedia&parent=157464"}],"wp:term":[{"taxonomy":"category","embeddable":true,"href":"https:\/\/aconteceunovale.com.br\/portal\/index.php?rest_route=%2Fwp%2Fv2%2Fcategories&post=157464"},{"taxonomy":"post_tag","embeddable":true,"href":"https:\/\/aconteceunovale.com.br\/portal\/index.php?rest_route=%2Fwp%2Fv2%2Ftags&post=157464"}],"curies":[{"name":"wp","href":"https:\/\/api.w.org\/{rel}","templated":true}]}}