{"id":157461,"date":"2020-01-14T16:42:40","date_gmt":"2020-01-14T19:42:40","guid":{"rendered":"http:\/\/aconteceunovale.com.br\/portal\/?p=157461"},"modified":"2020-01-14T16:57:52","modified_gmt":"2020-01-14T19:57:52","slug":"jovem-e-esfaqueado-em-praca-no-centro-de-caratinga","status":"publish","type":"post","link":"https:\/\/aconteceunovale.com.br\/portal\/?p=157461","title":{"rendered":"Jovem \u00e9 esfaqueado em pra\u00e7a no Centro de Caratinga"},"content":{"rendered":"\n<p>Um jovem de 18 anos foi esfaqueado no Centro de Caratinga, no Leste de Minas, na noite de segunda-feira (13\/01\/2020). Segundo informa\u00e7\u00f5es da Pol\u00edcia Militar (PM), M.P. de P. estava na pra\u00e7a Ces\u00e1rio Alvim quando foi surpreendido pelo autor.<\/p>\n\n\n\n<p>Ainda segundo a PM, o rapaz foi socorrido pelo Corpo de\nBombeiros e encaminhado ao Hospital Nossa Senhora Auxiliadora com perfura\u00e7\u00f5es\nno t\u00f3rax e no abd\u00f4men.<\/p>\n\n\n\n<p>Durante buscas, a pol\u00edcia localizou o autor, um jovem da mesma idade da v\u00edtima, que confessou o crime e disse que M.P. de P. e ele possu\u00edam desentendimentos anteriores. O preso foi conduzido \u00e0 Delegacia de Pol\u00edcia Civil de Caratinga.<\/p>\n\n\n\n<p class=\"has-text-color has-background has-very-light-gray-color has-very-dark-gray-background-color\">Quer saber as not\u00edcias do <strong>Aconteceu no Vale<\/strong> em primeira m\u00e3o? Siga-nos no Facebook <a rel=\"noreferrer noopener\" href=\"http:\/\/facebook.com\/aconteceunovale\" target=\"_blank\">@aconteceunovale<\/a>, Twitter <a rel=\"noreferrer noopener\" href=\"https:\/\/twitter.com\/noticiadosvales\" target=\"_blank\">@noticiadosvales<\/a> e Instagram <a rel=\"noreferrer noopener\" href=\"https:\/\/www.instagram.com\/aconteceunovale\" target=\"_blank\">@aconteceunovale<\/a>.<\/p>\n","protected":false},"excerpt":{"rendered":"<p>Um jovem de 18 anos foi esfaqueado no Centro de Caratinga, no Leste de Minas, na noite de segunda-feira (13\/01\/2020). Segundo informa\u00e7\u00f5es da Pol\u00edcia Militar (PM), M.P. de P. estava na pra\u00e7a Ces\u00e1rio Alvim quando foi surpreendido pelo autor. Ainda segundo a PM, o rapaz foi socorrido pelo Corpo de Bombeiros e encaminhado ao Hospital [&hellip;]<\/p>\n","protected":false},"author":1,"featured_media":151866,"comment_status":"open","ping_status":"closed","sticky":false,"template":"","format":"standard","meta":{"amp_status":"","footnotes":""},"categories":[121],"tags":[237,214562,214564,214563,214565,214560,214561,207545],"class_list":["post-157461","post","type-post","status-publish","format-standard","has-post-thumbnail","hentry","category-leste","tag-caratinga","tag-esfaqueado-em-caratinga","tag-esfaqueado-na-praca-cesario-alvim","tag-esfaqueado-na-praca-cesario-alvim-em-caratinga","tag-esfaqueado-no-centro-de-caratinga","tag-jovem-e-esfaqueado-em-praca-no-centro-de-caratinga","tag-mateus-pereira-de-paula","tag-tentativa-de-homicidio-em-caratinga"],"_links":{"self":[{"href":"https:\/\/aconteceunovale.com.br\/portal\/index.php?rest_route=\/wp\/v2\/posts\/157461","targetHints":{"allow":["GET"]}}],"collection":[{"href":"https:\/\/aconteceunovale.com.br\/portal\/index.php?rest_route=\/wp\/v2\/posts"}],"about":[{"href":"https:\/\/aconteceunovale.com.br\/portal\/index.php?rest_route=\/wp\/v2\/types\/post"}],"author":[{"embeddable":true,"href":"https:\/\/aconteceunovale.com.br\/portal\/index.php?rest_route=\/wp\/v2\/users\/1"}],"replies":[{"embeddable":true,"href":"https:\/\/aconteceunovale.com.br\/portal\/index.php?rest_route=%2Fwp%2Fv2%2Fcomments&post=157461"}],"version-history":[{"count":1,"href":"https:\/\/aconteceunovale.com.br\/portal\/index.php?rest_route=\/wp\/v2\/posts\/157461\/revisions"}],"predecessor-version":[{"id":157462,"href":"https:\/\/aconteceunovale.com.br\/portal\/index.php?rest_route=\/wp\/v2\/posts\/157461\/revisions\/157462"}],"wp:featuredmedia":[{"embeddable":true,"href":"https:\/\/aconteceunovale.com.br\/portal\/index.php?rest_route=\/wp\/v2\/media\/151866"}],"wp:attachment":[{"href":"https:\/\/aconteceunovale.com.br\/portal\/index.php?rest_route=%2Fwp%2Fv2%2Fmedia&parent=157461"}],"wp:term":[{"taxonomy":"category","embeddable":true,"href":"https:\/\/aconteceunovale.com.br\/portal\/index.php?rest_route=%2Fwp%2Fv2%2Fcategories&post=157461"},{"taxonomy":"post_tag","embeddable":true,"href":"https:\/\/aconteceunovale.com.br\/portal\/index.php?rest_route=%2Fwp%2Fv2%2Ftags&post=157461"}],"curies":[{"name":"wp","href":"https:\/\/api.w.org\/{rel}","templated":true}]}}