{"id":157454,"date":"2020-01-14T15:56:21","date_gmt":"2020-01-14T18:56:21","guid":{"rendered":"http:\/\/aconteceunovale.com.br\/portal\/?p=157454"},"modified":"2020-01-14T16:00:36","modified_gmt":"2020-01-14T19:00:36","slug":"moradora-do-norte-de-minas-tem-119-anos","status":"publish","type":"post","link":"https:\/\/aconteceunovale.com.br\/portal\/?p=157454","title":{"rendered":"Moradora do Norte de Minas tem 119 anos"},"content":{"rendered":"\n<p>Uma casinha simples no meio da natureza, na zona rural de\nSalinas, no extremo Norte de Minas Gerais. \u00c9 l\u00e1 que vive uma das mulheres mais\nvelhas do mundo. Maria Pereira dos Santos tem 119 anos e nasceu \u00e0s 9h do dia 20\nde dezembro de 1900, na comunidade de Canela Dema, onde mora at\u00e9 os dias de\nhoje.<\/p>\n\n\n\n<p>De acordo com a Certid\u00e3o de Nascimento, a idosa \u00e9 dois anos mais velha do que a japonesa Kane Tanaka, considerada a pessoa mais velha do mundo pelo Guinness World Records, o livro dos recordes. A fam\u00edlia do Norte de Minas nunca reivindicou o posto.<\/p>\n\n\n\n<figure class=\"wp-block-gallery columns-1 is-cropped wp-block-gallery-1 is-layout-flex wp-block-gallery-is-layout-flex\"><ul class=\"blocks-gallery-grid\"><li class=\"blocks-gallery-item\"><figure><img decoding=\"async\" src=\"http:\/\/aconteceu.info\/pub\/moradora_salinas_119_1.jpg\" alt=\"\"\/><figcaption class=\"blocks-gallery-item__caption\"> <em>Maria Pereira dos Santos nasceu em dezembro de 1900 &#8211; Foto: Arquivo pessoal<\/em> <\/figcaption><\/figure><\/li><\/ul><\/figure>\n\n\n\n<p>M\u00e3e de sete filhos, dona Maria sempre trabalhou duro na ro\u00e7a\ne, at\u00e9 os 116 anos, uma das coisas que ela mais gostava era de descascar milho,\nal\u00e9m de fazer sab\u00e3o.<\/p>\n\n\n\n<p>H\u00e1 3 anos, a rotina mudou ap\u00f3s um Acidente Vascular Cerebral (AVC), que fez com que a centen\u00e1ria perdesse os movimentos. Mas, a fornalha redonda de adobe e o tacho que ela usava para fazer o sab\u00e3o continuam no mesmo espa\u00e7o na cozinha.<\/p>\n\n\n\n<figure class=\"wp-block-gallery columns-1 is-cropped wp-block-gallery-2 is-layout-flex wp-block-gallery-is-layout-flex\"><ul class=\"blocks-gallery-grid\"><li class=\"blocks-gallery-item\"><figure><img decoding=\"async\" src=\"http:\/\/aconteceu.info\/pub\/moradora_salinas_119_4.jpg\" alt=\"\"\/><figcaption class=\"blocks-gallery-item__caption\"><em>Tacho que dona Maria usava para fazer sab\u00e3o em fog\u00e3o de adobe &#8211; Foto: Arquivo pessoal<\/em><\/figcaption><\/figure><\/li><\/ul><\/figure>\n\n\n\n<p>\u201cN\u00e3o usamos mais essa cozinha, mas mantemos do mesmo jeito porque \u00e9 uma lembran\u00e7a da minha av\u00f3, do que ela gostava de fazer. Hoje, ela vive na cadeira de rodas e passa a maior parte do dia deitada\u201d, conta a neta Eliete Fernandes dos Santos Souza, que troca as fraldas, d\u00e1 banho e coloca a comida na boca de dona Maria.<\/p>\n\n\n\n<figure class=\"wp-block-gallery columns-1 is-cropped wp-block-gallery-3 is-layout-flex wp-block-gallery-is-layout-flex\"><ul class=\"blocks-gallery-grid\"><li class=\"blocks-gallery-item\"><figure><img decoding=\"async\" src=\"http:\/\/aconteceu.info\/pub\/moradora_salinas_119_2.jpeg\" alt=\"\"\/><figcaption class=\"blocks-gallery-item__caption\"><em>Maria Pereira dos Santos posa para foto com a neta Eliete Fernandes dos Santos Souza, na varanda da casa na Zona Rural de Salinas, no Norte de MG &#8211; Foto: Arquivo pessoal<\/em><\/figcaption><\/figure><\/li><\/ul><\/figure>\n\n\n\n<p>E por falar em comida, \u00f3leo n\u00e3o \u00e9 usado na casa da fam\u00edlia.\nO almo\u00e7o e o jantar s\u00e3o preparados com gordura de porco, do jeitinho que ela\nsempre gostou. \u201cMinha v\u00f3 gosta de comida forte, na hora do caf\u00e9 ela quer\nrequeij\u00e3o. No almo\u00e7o, feij\u00e3o mexido com farinha, carne e verdura\u201d.<\/p>\n\n\n\n<p>Dona Maria tamb\u00e9m sempre teve o prazer de receber visitas em\ncasa e oferecer um agrado. \u201cEla gostava de dar as coisas, era um ovo, uma goma\ne, at\u00e9 hoje, quando chega visita, ela fica feliz e se a cabe\u00e7a estiver boa, a\nprimeira coisa que ela lembra \u00e9 do cafezinho pra servir\u201d, descreve a neta.<\/p>\n\n\n\n<p>Por conta da idade avan\u00e7ada, ela alterna momentos de lucidez e tem dificuldade para se comunicar, segundo a fam\u00edlia.<\/p>\n\n\n\n<figure class=\"wp-block-gallery columns-1 is-cropped wp-block-gallery-4 is-layout-flex wp-block-gallery-is-layout-flex\"><ul class=\"blocks-gallery-grid\"><li class=\"blocks-gallery-item\"><figure><img decoding=\"async\" src=\"http:\/\/aconteceu.info\/pub\/moradora_salinas_119_3.jpg\" alt=\"\"\/><figcaption class=\"blocks-gallery-item__caption\"><em>Certid\u00e3o mostra que Maria Pereira dos Santos nasceu \u00e0s 9h do dia 20 de dezembro de 1900 &#8211; Foto: Arquivo pessoal<\/em><\/figcaption><\/figure><\/li><\/ul><\/figure>\n\n\n\n<h2 class=\"wp-block-heading\">Filhos<\/h2>\n\n\n\n<p>Dos sete filhos, cinco moram na mesma comunidade, um morreu\nainda crian\u00e7a, outro foi embora para Santos (SP) e a fam\u00edlia n\u00e3o tem not\u00edcias\ndele h\u00e1 mais de 45 anos. A centen\u00e1ria tem sete netos, cinco bisnetos e dois\ntataranetos.<\/p>\n\n\n\n<p>\u201cMeu irm\u00e3o foi embora aos 14 anos, retornou na regi\u00e3o\nalgumas vezes e depois n\u00e3o veio mais. Eu tenho vontade de reencontr\u00e1-lo porque\nn\u00f3s \u00e9ramos muito amigos\u201d, comenta o filho Carlito Francisco dos Santos, de 73\nanos.<\/p>\n\n\n\n<p>Carlito conta que os pais se casaram na igreja em 1929 e se\nsepararam 29 anos depois. Na \u00e9poca, ele tinha 10 anos, o ca\u00e7ula, 5, e os outros\nirm\u00e3os j\u00e1 eram crescidos.<\/p>\n\n\n\n<p>\u201cMeu pai foi embora para o interior de S\u00e3o Paulo e nunca mais ouvimos falar dele. Desde cedo eu trabalhava na ro\u00e7a com minha m\u00e3e e ajudava nas despesas de casa. Ela gostava muito de trabalhar. Quando eu completei 14 anos, assumi a ro\u00e7a e pedi que ela ficasse s\u00f3 cuidando dos afazeres dom\u00e9sticos\u201d.<\/p>\n\n\n\n<figure class=\"wp-block-gallery columns-1 is-cropped wp-block-gallery-5 is-layout-flex wp-block-gallery-is-layout-flex\"><ul class=\"blocks-gallery-grid\"><li class=\"blocks-gallery-item\"><figure><img decoding=\"async\" src=\"http:\/\/aconteceu.info\/pub\/moradora_salinas_119_5.jpg\" alt=\"\"\/><figcaption class=\"blocks-gallery-item__caption\"><em>Dona Maria com quatro filhos no anivers\u00e1rio de 119 anos &#8211; Foto: Arquivo pessoal<\/em><\/figcaption><\/figure><\/li><\/ul><\/figure>\n\n\n\n<h2 class=\"wp-block-heading\">Anivers\u00e1rio de 119 anos<\/h2>\n\n\n\n<p>Bolo de anivers\u00e1rio, farofa de feij\u00e3o verde, farofa de\ncarne, salpic\u00e3o e, \u00e9 claro que n\u00e3o poderia faltar o prato mais tradicional da\nregi\u00e3o: arroz com pequi. Foi com esse card\u00e1pio simples que a fam\u00edlia comemorou\nos 119 anos de Maria Pereira dos Santos no dia 20 de dezembro. A festa reuniu\nfilhos, netos e tataranetos na casa da centen\u00e1ria na comunidade rural. \u201cNa hora\ndos parab\u00e9ns, ela ficou muito emocionada e at\u00e9 chorou\u201d, disse a neta Eliete.<\/p>\n\n\n\n<p>O segredo para viver tanto, segundo os familiares, vem d\u00e1\nbondade de cora\u00e7\u00e3o. \u201cMinha m\u00e3e sempre dividiu as coisas, ajudou as pessoas e\npraticou a caridade. Ela est\u00e1 viva at\u00e9 hoje porque quem pratica a caridade\nrecebe a recompensa\u201d.<\/p>\n\n\n\n<p>\u201cNunca conheci ningu\u00e9m que chegou \u00e0 idade dela. Minha v\u00f3 sempre foi muito boa e gostava de ajudar as pessoas, de doar. Minha maior felicidade \u00e9 poder cuidar dela e fa\u00e7o isso com muito amor\u201d.<\/p>\n\n\n\n<figure class=\"wp-block-gallery columns-1 is-cropped wp-block-gallery-6 is-layout-flex wp-block-gallery-is-layout-flex\"><ul class=\"blocks-gallery-grid\"><li class=\"blocks-gallery-item\"><figure><img decoding=\"async\" src=\"http:\/\/aconteceu.info\/pub\/moradora_salinas_119_6.jpg\" alt=\"\"\/><figcaption class=\"blocks-gallery-item__caption\"><em>Familiares comemoraram o anivers\u00e1rio de 119 de dona Maria &#8211; Foto: Arquivo pessoal<\/em><\/figcaption><\/figure><\/li><\/ul><\/figure>\n\n\n\n<h2 class=\"wp-block-heading\">Como quebrar um recorde <\/h2>\n\n\n\n<p>Para quebrar um recorde, \u00e9 preciso se inscrever no <a href=\"https:\/\/www.guinnessworldrecords.com.br\/records\/faqs\/\" target=\"_blank\" rel=\"noreferrer noopener\" aria-label=\"site do Guinness (abre numa nova aba)\">site do Guinness<\/a> e preencher um formul\u00e1rio. A fam\u00edlia de dona Maria ainda n\u00e3o fez esse procedimento.<\/p>\n\n\n\n<p>Depois da inscri\u00e7\u00e3o, uma equipe especializada em Gest\u00e3o de Recordes verifica as informa\u00e7\u00f5es e, se confirmadas, \u00e9 enviado um certificado oficial do Guinness com o status de recordista.<\/p>\n\n\n\n<figure class=\"wp-block-gallery columns-1 is-cropped wp-block-gallery-7 is-layout-flex wp-block-gallery-is-layout-flex\"><ul class=\"blocks-gallery-grid\"><li class=\"blocks-gallery-item\"><figure><img decoding=\"async\" src=\"http:\/\/aconteceu.info\/pub\/moradora_salinas_119_7.jpg\" alt=\"\"\/><figcaption class=\"blocks-gallery-item__caption\"><em>Maria Pereira dos Santos mora na zona rural de Salinas &#8211; Foto: Arquivo pessoal<\/em><\/figcaption><\/figure><\/li><\/ul><\/figure>\n\n\n\n<p class=\"has-text-color has-background has-very-light-gray-color has-very-dark-gray-background-color\">Quer saber as not\u00edcias do <strong>Aconteceu no Vale<\/strong> em primeira m\u00e3o? Siga-nos no Facebook <a rel=\"noreferrer noopener\" href=\"http:\/\/facebook.com\/aconteceunovale\" target=\"_blank\">@aconteceunovale<\/a>, Twitter <a rel=\"noreferrer noopener\" href=\"https:\/\/twitter.com\/noticiadosvales\" target=\"_blank\">@noticiadosvales<\/a> e Instagram <a rel=\"noreferrer noopener\" href=\"https:\/\/www.instagram.com\/aconteceunovale\" target=\"_blank\">@aconteceunovale<\/a>.<\/p>\n","protected":false},"excerpt":{"rendered":"<p>Uma casinha simples no meio da natureza, na zona rural de Salinas, no extremo Norte de Minas Gerais. \u00c9 l\u00e1 que vive uma das mulheres mais velhas do mundo. Maria Pereira dos Santos tem 119 anos e nasceu \u00e0s 9h do dia 20 de dezembro de 1900, na comunidade de Canela Dema, onde mora at\u00e9 [&hellip;]<\/p>\n","protected":false},"author":1,"featured_media":157455,"comment_status":"open","ping_status":"closed","sticky":false,"template":"","format":"standard","meta":{"amp_status":"","footnotes":""},"categories":[1236],"tags":[214549,214558,1018,214557,114442,114448,214546,214556,214554,214552,214548,214553,214550,214544,214545,36395,214555,214551,190,214547],"class_list":["post-157454","post","type-post","status-publish","format-standard","has-post-thumbnail","hentry","category-norte_de_minas","tag-canela-dema","tag-carlito-francisco-dos-santos","tag-destaque","tag-eliete-fernandes-dos-santos-souza","tag-guinness","tag-guinness-world-records","tag-idosa-mais-velha-do-mundo","tag-idosa-mais-velha-do-mundo-guinness","tag-idosa-mais-velha-do-mundo-guinness-world-records","tag-kane-tanaka","tag-maria-pereira-dos-santos","tag-moradora-de-canela-dema-tem-119-anos","tag-moradora-de-salinas-tem-119-anos","tag-moradora-do-norte-de-minas-tem-119-anos","tag-mulher-de-119-anos-em-salinas","tag-mulher-mais-velha-do-mundo","tag-mulher-mais-velha-do-mundo-guinness","tag-mulher-mais-velha-do-mundo-guinness-world-records","tag-salinas","tag-salinense-de-119-anos"],"_links":{"self":[{"href":"https:\/\/aconteceunovale.com.br\/portal\/index.php?rest_route=\/wp\/v2\/posts\/157454","targetHints":{"allow":["GET"]}}],"collection":[{"href":"https:\/\/aconteceunovale.com.br\/portal\/index.php?rest_route=\/wp\/v2\/posts"}],"about":[{"href":"https:\/\/aconteceunovale.com.br\/portal\/index.php?rest_route=\/wp\/v2\/types\/post"}],"author":[{"embeddable":true,"href":"https:\/\/aconteceunovale.com.br\/portal\/index.php?rest_route=\/wp\/v2\/users\/1"}],"replies":[{"embeddable":true,"href":"https:\/\/aconteceunovale.com.br\/portal\/index.php?rest_route=%2Fwp%2Fv2%2Fcomments&post=157454"}],"version-history":[{"count":1,"href":"https:\/\/aconteceunovale.com.br\/portal\/index.php?rest_route=\/wp\/v2\/posts\/157454\/revisions"}],"predecessor-version":[{"id":157456,"href":"https:\/\/aconteceunovale.com.br\/portal\/index.php?rest_route=\/wp\/v2\/posts\/157454\/revisions\/157456"}],"wp:featuredmedia":[{"embeddable":true,"href":"https:\/\/aconteceunovale.com.br\/portal\/index.php?rest_route=\/wp\/v2\/media\/157455"}],"wp:attachment":[{"href":"https:\/\/aconteceunovale.com.br\/portal\/index.php?rest_route=%2Fwp%2Fv2%2Fmedia&parent=157454"}],"wp:term":[{"taxonomy":"category","embeddable":true,"href":"https:\/\/aconteceunovale.com.br\/portal\/index.php?rest_route=%2Fwp%2Fv2%2Fcategories&post=157454"},{"taxonomy":"post_tag","embeddable":true,"href":"https:\/\/aconteceunovale.com.br\/portal\/index.php?rest_route=%2Fwp%2Fv2%2Ftags&post=157454"}],"curies":[{"name":"wp","href":"https:\/\/api.w.org\/{rel}","templated":true}]}}