{"id":157451,"date":"2020-01-14T11:38:27","date_gmt":"2020-01-14T14:38:27","guid":{"rendered":"http:\/\/aconteceunovale.com.br\/portal\/?p=157451"},"modified":"2020-01-14T11:38:37","modified_gmt":"2020-01-14T14:38:37","slug":"posicoes-sobre-celibato-causam-polemica-no-vaticano","status":"publish","type":"post","link":"https:\/\/aconteceunovale.com.br\/portal\/?p=157451","title":{"rendered":"Posi\u00e7\u00f5es sobre celibato causam pol\u00eamica no Vaticano"},"content":{"rendered":"\n<p>Bento XVI n\u00e3o teria aprovado a\npublica\u00e7\u00e3o do livro escrito em conjunto com o cardeal Robert Sarah, no qual o\ncelibato dos sacerdotes \u00e9 defendido, disseram fontes pr\u00f3ximas ao papa em\u00e9rito a\nve\u00edculos de comunica\u00e7\u00e3o.<\/p>\n\n\n\n<p>Uma\nguerra interna travou-se no Vaticano na noite passada, quando alguns meios de\ncomunica\u00e7\u00e3o, incluindo o&nbsp;<em>Corriere della Sera<\/em>,\npublicaram uma vers\u00e3o de algu\u00e9m que n\u00e3o se quis identificar, mas se disse\npr\u00f3ximo do papa em\u00e9rito, afirmando que Bento XVI n\u00e3o teria escrito o livro\n&#8220;a quatro m\u00e3os&#8221; e que se trata de uma opera\u00e7\u00e3o editorial midi\u00e1tica a\nque ele \u00e9 totalmente alheio.<\/p>\n\n\n\n<p>A\nmesma fonte explicou que o papa em\u00e9rito &#8220;apenas disponibilizou a Sarah um\ntexto sobre o sacerd\u00f3cio que estava escrevendo&#8221; e que &#8220;n\u00e3o sabia nada\nsobre a capa de um livro, nem o aprovara&#8221;.<\/p>\n\n\n\n<p>Essas\ndeclara\u00e7\u00f5es provocaram uma rea\u00e7\u00e3o dura do cardeal prefeito da Congrega\u00e7\u00e3o para\no Culto Divino, que afirmou no Twitter que acus\u00e1-lo de mentir era\n&#8220;difama\u00e7\u00e3o de extrema gravidade&#8221;.<\/p>\n\n\n\n<p>&#8220;Hoje\n\u00e0 noite, eu comprovei a minha estreita colabora\u00e7\u00e3o com Bento XVI para escrever\neste texto a favor do celibato. Falarei amanh\u00e3, se necess\u00e1rio&#8221;,\nacrescentou Sarah, que publicou as fotos de tr\u00eas cartas que Bento XVI lhe\nenviou.<\/p>\n\n\n\n<p>As\ncartas confirmam que o papa em\u00e9rito enviou um texto sobre o sacerd\u00f3cio e o\nautorizou a publicar &#8220;da maneira que pretendia&#8221;, mas n\u00e3o especificam\nem nenhum momento se \u00e9 um livro, com uma introdu\u00e7\u00e3o e uma conclus\u00e3o assinada\npor ambos.<\/p>\n\n\n\n<p>A\npol\u00eamica no Vaticano surgiu no domingo (12), quando foi anunciado um novo livro\nassinado por Bento XVI e Sarah &#8211; um dos principais l\u00edderes da ala conservadora\nque critica as posi\u00e7\u00f5es do papa Francisco -, no qual o celibato \u00e9 defendido,\ndiante da decis\u00e3o que ter\u00e1 de ser tomada pelo papa argentino sobre a proposta\nde ordenar homens casados, feita no S\u00ednodo da Amaz\u00f3nia.<\/p>\n\n\n\n<p>Trechos\ndo livro foram publicados domingo no<em>&nbsp;site<\/em>&nbsp;do jornal\nfranc\u00eas&nbsp;<em>Le\nF\u00edgaro<\/em>.<\/p>\n\n\n\n<p>A\nobra, em franc\u00eas, tem como t\u00edtulo &#8220;Das profundezas dos nossos\ncora\u00e7\u00f5es&#8221; (Des profondeurs de nos coeurs) e chegar\u00e1 \u00e0s livrarias esta\nsemana, enquanto o papa encerra a sua exorta\u00e7\u00e3o apost\u00f3lica ap\u00f3s o S\u00ednodo da\nAmaz\u00f3nia. Para muitos, esse \u00e9 um movimento para pressionar Francisco.<\/p>\n\n\n\n<p>Assim,\nsurgiram novamente acusa\u00e7\u00f5es de que Ratzinger, 92 anos, que h\u00e1 anos se limita a\nbreves apari\u00e7\u00f5es gravadas ou fotografadas por um jornalista ou amigo que o\nvisitou, nas quais quase nunca faz declara\u00e7\u00f5es e se percebe que fala com grande\ndificuldade, pode estar a ser manipulado pela \u00e1rea mais conservadora da Igreja.<\/p>\n\n\n\n<p>Os\nve\u00edculos oficiais do Vaticano limitaram-se a garantir que no livro &#8220;os\nautores exp\u00f5em as suas interven\u00e7\u00f5es no debate sobre o celibato e a\npossibilidade de ordenar homens casados&#8221; e que Ratzinger e Sarah se\ndefinem como dois bispos que mant\u00eam &#8220;obedi\u00eancia ao papa Francisco&#8221;,\nde acordo com um artigo do diretor editorial Andrea Tornielli.<\/p>\n\n\n\n<p>O respons\u00e1vel pela assessoria de imprensa, Matteo Bruni, disse que o papa Francisco sempre se op\u00f4s \u00e0 elimina\u00e7\u00e3o do celibato, mas n\u00e3o se pronunciou sobre se Ratzinger concordou ou n\u00e3o com a publica\u00e7\u00e3o desse volume.<\/p>\n\n\n\n<figure class=\"wp-block-image size-large is-resized\"><img loading=\"lazy\" decoding=\"async\" src=\"http:\/\/aconteceunovale.com.br\/portal\/wp-content\/uploads\/2020\/01\/papas.jpeg\" alt=\"\" class=\"wp-image-157452\" width=\"643\" height=\"407\" srcset=\"https:\/\/aconteceunovale.com.br\/portal\/wp-content\/uploads\/2020\/01\/papas.jpeg 666w, https:\/\/aconteceunovale.com.br\/portal\/wp-content\/uploads\/2020\/01\/papas-300x190.jpeg 300w, https:\/\/aconteceunovale.com.br\/portal\/wp-content\/uploads\/2020\/01\/papas-663x420.jpeg 663w\" sizes=\"auto, (max-width: 643px) 100vw, 643px\" \/><figcaption><em>Papa Francisco a Bento XVI &#8211; Foto: Divulga\u00e7\u00e3o \/ Vatican News<\/em><\/figcaption><\/figure>\n\n\n\n<p class=\"has-text-color has-background has-very-light-gray-color has-very-dark-gray-background-color\">Quer saber as not\u00edcias do <strong>Aconteceu no Vale<\/strong> em primeira m\u00e3o? Siga-nos no Facebook <a rel=\"noreferrer noopener\" href=\"http:\/\/facebook.com\/aconteceunovale\" target=\"_blank\">@aconteceunovale<\/a>, Twitter <a rel=\"noreferrer noopener\" href=\"https:\/\/twitter.com\/noticiadosvales\" target=\"_blank\">@noticiadosvales<\/a> e Instagram <a rel=\"noreferrer noopener\" href=\"https:\/\/www.instagram.com\/aconteceunovale\" target=\"_blank\">@aconteceunovale<\/a>.<\/p>\n","protected":false},"excerpt":{"rendered":"<p>Bento XVI n\u00e3o teria aprovado a publica\u00e7\u00e3o do livro escrito em conjunto com o cardeal Robert Sarah, no qual o celibato dos sacerdotes \u00e9 defendido, disseram fontes pr\u00f3ximas ao papa em\u00e9rito a ve\u00edculos de comunica\u00e7\u00e3o. Uma guerra interna travou-se no Vaticano na noite passada, quando alguns meios de comunica\u00e7\u00e3o, incluindo o&nbsp;Corriere della Sera, publicaram uma [&hellip;]<\/p>\n","protected":false},"author":1,"featured_media":157452,"comment_status":"open","ping_status":"closed","sticky":false,"template":"","format":"standard","meta":{"amp_status":"","footnotes":""},"categories":[28848],"tags":[214542,214541,214543,946,214539,214540,22968],"class_list":["post-157451","post","type-post","status-publish","format-standard","has-post-thumbnail","hentry","category-mundo","tag-bento-xvi","tag-celibato","tag-corriere-della-sera","tag-papa-francisco","tag-polemica-sobre-celibato","tag-posicoes-sobre-celibato-causam-polemica-no-vaticano","tag-vaticano"],"_links":{"self":[{"href":"https:\/\/aconteceunovale.com.br\/portal\/index.php?rest_route=\/wp\/v2\/posts\/157451","targetHints":{"allow":["GET"]}}],"collection":[{"href":"https:\/\/aconteceunovale.com.br\/portal\/index.php?rest_route=\/wp\/v2\/posts"}],"about":[{"href":"https:\/\/aconteceunovale.com.br\/portal\/index.php?rest_route=\/wp\/v2\/types\/post"}],"author":[{"embeddable":true,"href":"https:\/\/aconteceunovale.com.br\/portal\/index.php?rest_route=\/wp\/v2\/users\/1"}],"replies":[{"embeddable":true,"href":"https:\/\/aconteceunovale.com.br\/portal\/index.php?rest_route=%2Fwp%2Fv2%2Fcomments&post=157451"}],"version-history":[{"count":1,"href":"https:\/\/aconteceunovale.com.br\/portal\/index.php?rest_route=\/wp\/v2\/posts\/157451\/revisions"}],"predecessor-version":[{"id":157453,"href":"https:\/\/aconteceunovale.com.br\/portal\/index.php?rest_route=\/wp\/v2\/posts\/157451\/revisions\/157453"}],"wp:featuredmedia":[{"embeddable":true,"href":"https:\/\/aconteceunovale.com.br\/portal\/index.php?rest_route=\/wp\/v2\/media\/157452"}],"wp:attachment":[{"href":"https:\/\/aconteceunovale.com.br\/portal\/index.php?rest_route=%2Fwp%2Fv2%2Fmedia&parent=157451"}],"wp:term":[{"taxonomy":"category","embeddable":true,"href":"https:\/\/aconteceunovale.com.br\/portal\/index.php?rest_route=%2Fwp%2Fv2%2Fcategories&post=157451"},{"taxonomy":"post_tag","embeddable":true,"href":"https:\/\/aconteceunovale.com.br\/portal\/index.php?rest_route=%2Fwp%2Fv2%2Ftags&post=157451"}],"curies":[{"name":"wp","href":"https:\/\/api.w.org\/{rel}","templated":true}]}}