{"id":157444,"date":"2020-01-14T09:54:51","date_gmt":"2020-01-14T12:54:51","guid":{"rendered":"http:\/\/aconteceunovale.com.br\/portal\/?p=157444"},"modified":"2020-01-14T09:56:13","modified_gmt":"2020-01-14T12:56:13","slug":"lideres-iranianos-enfrentam-indignacao-apos-abate-de-aviao","status":"publish","type":"post","link":"https:\/\/aconteceunovale.com.br\/portal\/?p=157444","title":{"rendered":"L\u00edderes iranianos enfrentam indigna\u00e7\u00e3o ap\u00f3s abate de avi\u00e3o"},"content":{"rendered":"\n<p>O presidente do Ir\u00e3, Hassan Rouhani, disse hoje (14) que o pa\u00eds vai &#8220;punir&#8221; todos os respons\u00e1veis pela queda do avi\u00e3o civil ucraniano, atingido por um m\u00edssil nos arredores de Teer\u00e3 no \u00faltimo dia 8.<\/p>\n\n\n\n<p>&#8220;Para o nosso povo \u00e9 muito importante que qualquer respons\u00e1vel por um ato de neglig\u00eancia seja levado \u00e0 Justi\u00e7a&#8221;, disse  Rouhani em discurso transmitido pela televis\u00e3o em Teer\u00e3.<\/p>\n\n\n\n<p>&#8220;Todos aqueles que t\u00eam de ser punidos v\u00e3o ser&#8221;, acrescentou o presidente iraniano.<\/p>\n\n\n\n<p>De acordo com a Associated Press, as autoridades iranianas fizeram deten\u00e7\u00f5es, suspostamente relacionadas \u00e0 queda do avi\u00e3o.<\/p>\n\n\n\n<p>O governo da Rep\u00fablica isl\u00e2mica acabou por reconhecer que o avi\u00e3o das linhas a\u00e9reas da Ucr\u00e2nia, com 176 pessoas a bordo, foi abatido &#8220;por erro&#8221; por um m\u00edssil bal\u00edstico iraniano, na quarta-feira passada.<\/p>\n\n\n\n<p>O an\u00fancio da responsabilidade das For\u00e7as Armadas do Ir\u00e3 no acidente causou choque e uma onda de indigna\u00e7\u00e3o em Teer\u00e3.<\/p>\n\n\n\n<p>No s\u00e1bado \u00e0 noite, uma cerim\u00f3nia em homenagem \u00e0s v\u00edtimas transformou-se numa manifesta\u00e7\u00e3o contra as autoridades, com gritos de &#8220;morte aos mentirosos&#8221;, antes de ser dispersa pela pol\u00edcia. No domingo \u00e0 noite, houve outras manifesta\u00e7\u00f5es.<\/p>\n\n\n\n<p>Segundo a ag\u00eancia Associated Press, as for\u00e7as de seguran\u00e7a iranianas dispararam balas reais e g\u00e1s lacrimog\u00eaneo para dispersar os manifestantes. Organiza\u00e7\u00f5es n\u00e3o governamentais de defesa dos direitos humanos j\u00e1 pediram ao Ir\u00e3 que permita que as pessoas protestem pacificamente, conforme prev\u00ea a Constitui\u00e7\u00e3o.<\/p>\n\n\n\n<figure class=\"wp-block-image size-large is-resized\"><img loading=\"lazy\" decoding=\"async\" src=\"http:\/\/aconteceunovale.com.br\/portal\/wp-content\/uploads\/2020\/01\/presidente_ira.jpg\" alt=\"\" class=\"wp-image-157445\" width=\"673\" height=\"448\" srcset=\"https:\/\/aconteceunovale.com.br\/portal\/wp-content\/uploads\/2020\/01\/presidente_ira.jpg 675w, https:\/\/aconteceunovale.com.br\/portal\/wp-content\/uploads\/2020\/01\/presidente_ira-300x200.jpg 300w, https:\/\/aconteceunovale.com.br\/portal\/wp-content\/uploads\/2020\/01\/presidente_ira-630x420.jpg 630w\" sizes=\"auto, (max-width: 673px) 100vw, 673px\" \/><figcaption><em>Foto: Televis\u00e3o Nacional Iraniana \/ Divulga\u00e7\u00e3o<\/em><\/figcaption><\/figure>\n\n\n\n<p class=\"has-text-color has-background has-very-light-gray-color has-very-dark-gray-background-color\">Quer saber as not\u00edcias do <strong>Aconteceu no Vale<\/strong> em primeira m\u00e3o? Siga-nos no Facebook <a rel=\"noreferrer noopener\" href=\"http:\/\/facebook.com\/aconteceunovale\" target=\"_blank\">@aconteceunovale<\/a>, Twitter <a rel=\"noreferrer noopener\" href=\"https:\/\/twitter.com\/noticiadosvales\" target=\"_blank\">@noticiadosvales<\/a> e Instagram <a rel=\"noreferrer noopener\" href=\"https:\/\/www.instagram.com\/aconteceunovale\" target=\"_blank\">@aconteceunovale<\/a>.<\/p>\n","protected":false},"excerpt":{"rendered":"<p>O presidente do Ir\u00e3, Hassan Rouhani, disse hoje (14) que o pa\u00eds vai &#8220;punir&#8221; todos os respons\u00e1veis pela queda do avi\u00e3o civil ucraniano, atingido por um m\u00edssil nos arredores de Teer\u00e3 no \u00faltimo dia 8. &#8220;Para o nosso povo \u00e9 muito importante que qualquer respons\u00e1vel por um ato de neglig\u00eancia seja levado \u00e0 Justi\u00e7a&#8221;, disse [&hellip;]<\/p>\n","protected":false},"author":1,"featured_media":157445,"comment_status":"open","ping_status":"closed","sticky":false,"template":"","format":"standard","meta":{"amp_status":"","footnotes":""},"categories":[28848],"tags":[214294,213979,213969,213968,213974,213972,213515,213970,213512,213506,213509,213517,213507,213967,213528,213527,213684,213632,213631,213633,79020,213647,213688,15469,50315,213534,213526,213525,213932,213930,213931,137642,214296,214295,213921,213923,213922,213926,213925,213924,213928,213927,213929,21608,213513,213971,214535,213514,213516,946,213648,213976,213511,213977,213965,213966,213973,213975,213964,213510,213508,213524,213978],"class_list":["post-157444","post","type-post","status-publish","format-standard","has-post-thumbnail","hentry","category-mundo","tag-abate-de-aviao-ucraniano","tag-acidente-com-aviao-da-ukraine-international-airlines","tag-acidente-com-aviao-em-teera","tag-acidente-com-aviao-na-capital-do-ira","tag-acidente-com-aviao-no-aeroporto-internacional-imam-khomeini","tag-acidente-com-aviao-ucraniano-em-teera","tag-adel-abdul-mahdi","tag-aeroporto-internacional-imam-khomeini","tag-ali-khamenei","tag-ataque-ao-ira","tag-ataque-dos-estados-unidos-ao-ira","tag-ataque-dos-estados-unidos-ao-ira-gera-tensao-entre-lideres-mundiais","tag-ataque-dos-eua-ao-ira","tag-aviao-com-quase-200-pessoas-cai-na-capital-do-ira","tag-conflito-entre-estados-unidos-e-ira","tag-conflito-entre-eua-e-ira","tag-conselheiro-militar-do-ira-diz-que-pais-vai-reagir-a-ataque-dos-estados-unidos","tag-crise-entre-ira-e-eua","tag-crise-no-oriente-medio","tag-crise-no-oriente-medio-deve-provocar-aumento-de-combustiveis","tag-donald-trump","tag-donald-trump-ameaca-atingir-52-alvos-iranianos","tag-donald-trump-promete-forte-retaliacao-caso-ira-contra-ataque","tag-estados-unidos","tag-eua","tag-eua-enviam-mais-3-mil-soldados-ao-oriente-medio","tag-guerra-entre-estados-unidos-e-ira","tag-guerra-entre-eua-e-ira","tag-inicio-de-guerra-entre-ira-e-estados-unidos","tag-inicio-de-guerra-entre-ira-e-eua","tag-inicio-de-guerra-entre-ira-e-usa","tag-ira","tag-ira-admite-abate-de-aviao-ucraniano","tag-ira-admite-abate-de-aviao-ucraniano-e-reconhece-erro","tag-ira-ataca-alvos-dos-estados-unidos-no-iraque","tag-ira-ataca-alvos-dos-eua-no-iraque","tag-ira-ataca-alvos-norte-americanos","tag-ira-ataca-alvos-norte-americanos-no-iraque","tag-ira-ataca-estados-unidos","tag-ira-ataca-eua","tag-ira-dispara-misseis-contra-alvos-dos-estados-unidos-no-iraque","tag-ira-dispara-misseis-contra-alvos-dos-eua-no-iraque","tag-ira-dispara-misseis-contra-alvos-norte-americanos-no-iraque","tag-iraque","tag-javad-zariff","tag-kiev","tag-lideres-iranianos-enfrentam-indignacao-apos-abate-de-aviao","tag-major-soleimani","tag-morte-de-qassem-soleimani","tag-papa-francisco","tag-papa-pede-dialogo-e-autocontrole","tag-pir-hossein-kulivand","tag-qassem-soleimani","tag-queda-de-aviao-da-ukraine-international-airlines","tag-queda-de-aviao-em-teera","tag-queda-de-aviao-na-capital-do-ira","tag-queda-de-aviao-no-aeroporto-internacional-imam-khomeini","tag-reza-jafarzadeh","tag-teera","tag-tensao-entre-estados-unidos-e-ira","tag-tensao-entre-eua-e-ira","tag-terceira-guerra-mundial","tag-ukraine-international-airlines"],"_links":{"self":[{"href":"https:\/\/aconteceunovale.com.br\/portal\/index.php?rest_route=\/wp\/v2\/posts\/157444","targetHints":{"allow":["GET"]}}],"collection":[{"href":"https:\/\/aconteceunovale.com.br\/portal\/index.php?rest_route=\/wp\/v2\/posts"}],"about":[{"href":"https:\/\/aconteceunovale.com.br\/portal\/index.php?rest_route=\/wp\/v2\/types\/post"}],"author":[{"embeddable":true,"href":"https:\/\/aconteceunovale.com.br\/portal\/index.php?rest_route=\/wp\/v2\/users\/1"}],"replies":[{"embeddable":true,"href":"https:\/\/aconteceunovale.com.br\/portal\/index.php?rest_route=%2Fwp%2Fv2%2Fcomments&post=157444"}],"version-history":[{"count":1,"href":"https:\/\/aconteceunovale.com.br\/portal\/index.php?rest_route=\/wp\/v2\/posts\/157444\/revisions"}],"predecessor-version":[{"id":157446,"href":"https:\/\/aconteceunovale.com.br\/portal\/index.php?rest_route=\/wp\/v2\/posts\/157444\/revisions\/157446"}],"wp:featuredmedia":[{"embeddable":true,"href":"https:\/\/aconteceunovale.com.br\/portal\/index.php?rest_route=\/wp\/v2\/media\/157445"}],"wp:attachment":[{"href":"https:\/\/aconteceunovale.com.br\/portal\/index.php?rest_route=%2Fwp%2Fv2%2Fmedia&parent=157444"}],"wp:term":[{"taxonomy":"category","embeddable":true,"href":"https:\/\/aconteceunovale.com.br\/portal\/index.php?rest_route=%2Fwp%2Fv2%2Fcategories&post=157444"},{"taxonomy":"post_tag","embeddable":true,"href":"https:\/\/aconteceunovale.com.br\/portal\/index.php?rest_route=%2Fwp%2Fv2%2Ftags&post=157444"}],"curies":[{"name":"wp","href":"https:\/\/api.w.org\/{rel}","templated":true}]}}