{"id":157415,"date":"2020-01-13T19:48:15","date_gmt":"2020-01-13T22:48:15","guid":{"rendered":"http:\/\/aconteceunovale.com.br\/portal\/?p=157415"},"modified":"2020-01-13T19:49:45","modified_gmt":"2020-01-13T22:49:45","slug":"acidente-deixa-um-morto-e-feridos-na-br-251-no-norte-de-minas","status":"publish","type":"post","link":"https:\/\/aconteceunovale.com.br\/portal\/?p=157415","title":{"rendered":"Acidente deixa um morto e feridos na BR-251, no Norte de Minas"},"content":{"rendered":"\n<p>Uma pessoa morreu e outras sete ficaram feridas em um grav\u00edssimo acidente na BR-251, pr\u00f3ximo a Francisco S\u00e1 (MG), na tarde desta segunda-feira (13\/01\/2020). Segundo informa\u00e7\u00f5es do Corpo de Bombeiros e do SAMU (Servi\u00e7o de Atendimento M\u00f3vel de Urg\u00eancia), duas carretas colidiram frontalmente. O condutor de um carro n\u00e3o conseguiu desviar e bateu contra a traseira de um dos ve\u00edculos de carga. <\/p>\n\n\n\n<p>Os motoristas das carretas ficaram presos \u00e0s ferragens e um\ndeles veio a \u00f3bito no local. A identifica\u00e7\u00e3o da v\u00edtima ainda n\u00e3o foi divulgada.\nO caminhoneiro ferido foi resgatado pelo Corpo de Bombeiros e encaminhado para\num hospital de Montes Claros em uma aeronave do Suporte A\u00e9reo Avan\u00e7ado de Vida\n(SAAV).<\/p>\n\n\n\n<p>Segundo a assessoria do SAMU, o carro era ocupado por dois adultos\ne duas crian\u00e7as. Eles foram encaminhados ao Hospital de Francisco S\u00e1 com ferimentos\nleves. <\/p>\n\n\n\n<p>A rodovia foi interditada nos dois sentidos para resgate das v\u00edtimas e remo\u00e7\u00e3o dos ve\u00edculos. As causas do acidente ser\u00e3o investigadas. <\/p>\n\n\n\n<figure class=\"wp-block-image size-large\"><img loading=\"lazy\" decoding=\"async\" width=\"678\" height=\"447\" src=\"http:\/\/aconteceunovale.com.br\/portal\/wp-content\/uploads\/2020\/01\/acidente_fs_251_1.jpg\" alt=\"\" class=\"wp-image-157416\" srcset=\"https:\/\/aconteceunovale.com.br\/portal\/wp-content\/uploads\/2020\/01\/acidente_fs_251_1.jpg 678w, https:\/\/aconteceunovale.com.br\/portal\/wp-content\/uploads\/2020\/01\/acidente_fs_251_1-300x198.jpg 300w, https:\/\/aconteceunovale.com.br\/portal\/wp-content\/uploads\/2020\/01\/acidente_fs_251_1-637x420.jpg 637w\" sizes=\"auto, (max-width: 678px) 100vw, 678px\" \/><figcaption><em>Foto: Reprodu\u00e7\u00e3o \/ WhatsApp<\/em><\/figcaption><\/figure>\n\n\n\n<figure class=\"wp-block-image size-large\"><img loading=\"lazy\" decoding=\"async\" width=\"678\" height=\"430\" src=\"http:\/\/aconteceunovale.com.br\/portal\/wp-content\/uploads\/2020\/01\/acidente_fs_251_2.jpg\" alt=\"\" class=\"wp-image-157417\" srcset=\"https:\/\/aconteceunovale.com.br\/portal\/wp-content\/uploads\/2020\/01\/acidente_fs_251_2.jpg 678w, https:\/\/aconteceunovale.com.br\/portal\/wp-content\/uploads\/2020\/01\/acidente_fs_251_2-300x190.jpg 300w, https:\/\/aconteceunovale.com.br\/portal\/wp-content\/uploads\/2020\/01\/acidente_fs_251_2-662x420.jpg 662w\" sizes=\"auto, (max-width: 678px) 100vw, 678px\" \/><figcaption> <em>Foto: Reprodu\u00e7\u00e3o \/ WhatsApp<\/em> <\/figcaption><\/figure>\n\n\n\n<p class=\"has-text-color has-background has-very-light-gray-color has-very-dark-gray-background-color\">Quer saber as not\u00edcias do <strong>Aconteceu no Vale<\/strong> em primeira m\u00e3o? Siga-nos no Facebook <a rel=\"noreferrer noopener\" href=\"http:\/\/facebook.com\/aconteceunovale\" target=\"_blank\">@aconteceunovale<\/a>, Twitter <a rel=\"noreferrer noopener\" href=\"https:\/\/twitter.com\/noticiadosvales\" target=\"_blank\">@noticiadosvales<\/a> e Instagram <a rel=\"noreferrer noopener\" href=\"https:\/\/www.instagram.com\/aconteceunovale\" target=\"_blank\">@aconteceunovale<\/a>.<\/p>\n","protected":false},"excerpt":{"rendered":"<p>Uma pessoa morreu e outras sete ficaram feridas em um grav\u00edssimo acidente na BR-251, pr\u00f3ximo a Francisco S\u00e1 (MG), na tarde desta segunda-feira (13\/01\/2020). Segundo informa\u00e7\u00f5es do Corpo de Bombeiros e do SAMU (Servi\u00e7o de Atendimento M\u00f3vel de Urg\u00eancia), duas carretas colidiram frontalmente. O condutor de um carro n\u00e3o conseguiu desviar e bateu contra a [&hellip;]<\/p>\n","protected":false},"author":1,"featured_media":157416,"comment_status":"open","ping_status":"closed","sticky":false,"template":"","format":"standard","meta":{"amp_status":"","footnotes":""},"categories":[1236],"tags":[214502,214504,214503,214505,2034,1396,31275,83223,24465,921,1018,1395,210],"class_list":["post-157415","post","type-post","status-publish","format-standard","has-post-thumbnail","hentry","category-norte_de_minas","tag-acidente-deixa-um-morto-e-feridos-na-br-251","tag-acidente-deixa-um-morto-e-feridos-na-br-251-em-francisco-sa","tag-acidente-deixa-um-morto-e-feridos-na-br-251-na-serra-de-francisco-sa","tag-acidente-deixa-um-morto-e-feridos-na-br-251-no-norte-de-minas","tag-acidente-em-francisco-sa","tag-acidente-na-br-251","tag-acidente-na-br-251-em-francisco-sa","tag-acidente-na-serra-de-francisco-sa","tag-acidente-perto-de-montes-claros","tag-br-251","tag-destaque","tag-francisco-sa","tag-montes-claros"],"_links":{"self":[{"href":"https:\/\/aconteceunovale.com.br\/portal\/index.php?rest_route=\/wp\/v2\/posts\/157415","targetHints":{"allow":["GET"]}}],"collection":[{"href":"https:\/\/aconteceunovale.com.br\/portal\/index.php?rest_route=\/wp\/v2\/posts"}],"about":[{"href":"https:\/\/aconteceunovale.com.br\/portal\/index.php?rest_route=\/wp\/v2\/types\/post"}],"author":[{"embeddable":true,"href":"https:\/\/aconteceunovale.com.br\/portal\/index.php?rest_route=\/wp\/v2\/users\/1"}],"replies":[{"embeddable":true,"href":"https:\/\/aconteceunovale.com.br\/portal\/index.php?rest_route=%2Fwp%2Fv2%2Fcomments&post=157415"}],"version-history":[{"count":1,"href":"https:\/\/aconteceunovale.com.br\/portal\/index.php?rest_route=\/wp\/v2\/posts\/157415\/revisions"}],"predecessor-version":[{"id":157418,"href":"https:\/\/aconteceunovale.com.br\/portal\/index.php?rest_route=\/wp\/v2\/posts\/157415\/revisions\/157418"}],"wp:featuredmedia":[{"embeddable":true,"href":"https:\/\/aconteceunovale.com.br\/portal\/index.php?rest_route=\/wp\/v2\/media\/157416"}],"wp:attachment":[{"href":"https:\/\/aconteceunovale.com.br\/portal\/index.php?rest_route=%2Fwp%2Fv2%2Fmedia&parent=157415"}],"wp:term":[{"taxonomy":"category","embeddable":true,"href":"https:\/\/aconteceunovale.com.br\/portal\/index.php?rest_route=%2Fwp%2Fv2%2Fcategories&post=157415"},{"taxonomy":"post_tag","embeddable":true,"href":"https:\/\/aconteceunovale.com.br\/portal\/index.php?rest_route=%2Fwp%2Fv2%2Ftags&post=157415"}],"curies":[{"name":"wp","href":"https:\/\/api.w.org\/{rel}","templated":true}]}}