{"id":157409,"date":"2020-01-13T19:12:36","date_gmt":"2020-01-13T22:12:36","guid":{"rendered":"http:\/\/aconteceunovale.com.br\/portal\/?p=157409"},"modified":"2020-01-13T19:13:33","modified_gmt":"2020-01-13T22:13:33","slug":"pai-morre-apos-ser-agredido-por-filho-em-manga-no-norte-de-minas","status":"publish","type":"post","link":"https:\/\/aconteceunovale.com.br\/portal\/?p=157409","title":{"rendered":"Pai morre ap\u00f3s ser agredido por filho em Manga, no Norte de Minas"},"content":{"rendered":"\n<p>Morreu na\nnoite de domingo (12\/01\/2020), em Montes Claros (MG), o homem que ficou\ngravemente ferido ap\u00f3s ser espancado por um filho em Manga (MG). Valmir de\nSouza Pereira, de 54 anos, foi agredido com chutes na cabe\u00e7a.<\/p>\n\n\n\n<p>O\nespancamento aconteceu na manh\u00e3 de domingo, no Bairro Arvoredo, e teve grande\nrepercuss\u00e3o na cidade. Segundo informa\u00e7\u00f5es da Pol\u00edcia Militar (PM), a\nv\u00edtima foi encontrada ensanguentada e, ap\u00f3s receber atendimento de uma equipe\ndo SAMU, foi transferida em um helic\u00f3ptero do Corpo de Bombeiros para a Santa\nCasa de montes Claros, onde veio a \u00f3bito por volta das 21h. A informa\u00e7\u00e3o foi\nconfirmada pela assessoria do hospital na manh\u00e3 desta segunda-feira (13).<\/p>\n\n\n\n<p>O\nsuspeito, de 19 anos, foi preso pela Pol\u00edcia Militar logo ap\u00f3s o crime. O jovem\nalegou que estava se defendendo, pois o pai havia arremessado uma\npicareta contra ele. No entanto, segundo a pol\u00edcia, ele n\u00e3o apresentava\nferimentos. <\/p>\n\n\n\n<p>Durante a ocorr\u00eancia, os policiais encontraram 13 pedras de crack com o rapaz, que foi encaminhado para a Delegacia de Pol\u00edcia Civil de Janu\u00e1ria. Ele j\u00e1 tinha passagens pela pol\u00edcia por tr\u00e1fico de drogas. <\/p>\n\n\n\n<p class=\"has-text-color has-background has-very-light-gray-color has-very-dark-gray-background-color\">Quer saber as not\u00edcias do <strong>Aconteceu no Vale<\/strong> em primeira m\u00e3o? Siga-nos no Facebook <a rel=\"noreferrer noopener\" href=\"http:\/\/facebook.com\/aconteceunovale\" target=\"_blank\">@aconteceunovale<\/a>, Twitter <a rel=\"noreferrer noopener\" href=\"https:\/\/twitter.com\/noticiadosvales\" target=\"_blank\">@noticiadosvales<\/a> e Instagram <a rel=\"noreferrer noopener\" href=\"https:\/\/www.instagram.com\/aconteceunovale\" target=\"_blank\">@aconteceunovale<\/a>.<\/p>\n","protected":false},"excerpt":{"rendered":"<p>Morreu na noite de domingo (12\/01\/2020), em Montes Claros (MG), o homem que ficou gravemente ferido ap\u00f3s ser espancado por um filho em Manga (MG). Valmir de Souza Pereira, de 54 anos, foi agredido com chutes na cabe\u00e7a. O espancamento aconteceu na manh\u00e3 de domingo, no Bairro Arvoredo, e teve grande repercuss\u00e3o na cidade. Segundo [&hellip;]<\/p>\n","protected":false},"author":1,"featured_media":157410,"comment_status":"open","ping_status":"closed","sticky":false,"template":"","format":"standard","meta":{"amp_status":"","footnotes":""},"categories":[1236],"tags":[214400,214399,214397,205,1356,210,214398,214396,214498,214497,214496],"class_list":{"0":"post-157409","1":"post","2":"type-post","3":"status-publish","4":"format-standard","5":"has-post-thumbnail","6":"hentry","7":"category-norte_de_minas","8":"tag-agredido-por-filho-em-manga","10":"tag-filho-e-preso-apos-agredir-pai-em-manga","11":"tag-januaria","12":"tag-manga","13":"tag-montes-claros","14":"tag-pai-agredido-por-filho-em-manga","15":"tag-pai-e-agredido-por-filho-em-manga","17":"tag-pai-morre-apos-ser-agredido-por-filho-em-manga","18":"tag-valmir-de-souza-pereira"},"_links":{"self":[{"href":"https:\/\/aconteceunovale.com.br\/portal\/index.php?rest_route=\/wp\/v2\/posts\/157409","targetHints":{"allow":["GET"]}}],"collection":[{"href":"https:\/\/aconteceunovale.com.br\/portal\/index.php?rest_route=\/wp\/v2\/posts"}],"about":[{"href":"https:\/\/aconteceunovale.com.br\/portal\/index.php?rest_route=\/wp\/v2\/types\/post"}],"author":[{"embeddable":true,"href":"https:\/\/aconteceunovale.com.br\/portal\/index.php?rest_route=\/wp\/v2\/users\/1"}],"replies":[{"embeddable":true,"href":"https:\/\/aconteceunovale.com.br\/portal\/index.php?rest_route=%2Fwp%2Fv2%2Fcomments&post=157409"}],"version-history":[{"count":1,"href":"https:\/\/aconteceunovale.com.br\/portal\/index.php?rest_route=\/wp\/v2\/posts\/157409\/revisions"}],"predecessor-version":[{"id":157411,"href":"https:\/\/aconteceunovale.com.br\/portal\/index.php?rest_route=\/wp\/v2\/posts\/157409\/revisions\/157411"}],"wp:featuredmedia":[{"embeddable":true,"href":"https:\/\/aconteceunovale.com.br\/portal\/index.php?rest_route=\/wp\/v2\/media\/157410"}],"wp:attachment":[{"href":"https:\/\/aconteceunovale.com.br\/portal\/index.php?rest_route=%2Fwp%2Fv2%2Fmedia&parent=157409"}],"wp:term":[{"taxonomy":"category","embeddable":true,"href":"https:\/\/aconteceunovale.com.br\/portal\/index.php?rest_route=%2Fwp%2Fv2%2Fcategories&post=157409"},{"taxonomy":"post_tag","embeddable":true,"href":"https:\/\/aconteceunovale.com.br\/portal\/index.php?rest_route=%2Fwp%2Fv2%2Ftags&post=157409"}],"curies":[{"name":"wp","href":"https:\/\/api.w.org\/{rel}","templated":true}]}}